{"id":10079,"date":"2023-08-25T08:42:55","date_gmt":"2023-08-25T11:42:55","guid":{"rendered":"https:\/\/news.digitaltv.com.ar\/?p=10079"},"modified":"2023-08-28T11:17:59","modified_gmt":"2023-08-28T14:17:59","slug":"patricia-bullrich-reunio-a-su-equipo","status":"publish","type":"post","link":"https:\/\/news.digitaltv.com.ar\/?p=10079","title":{"rendered":"PATRICIA BULLRICH REUNI\u00d3 A SU EQUIPO"},"content":{"rendered":"\n<p>\u201dConvoqu\u00e9 a todo el equipo nacional de Juntos por el Cambio, para analizar la situaci\u00f3n de crisis y desgobierno actual. Le exigimos al kirchnerismo que gobierne y cuide a todos los argentinos. Para sacar la Argentina adelante, se necesita mucha decisi\u00f3n y coraje, hay que hacer cumplir la ley. En unidad y con firmeza vamos a ordenar el pa\u00eds y terminar con las mafias, los narcos y el uso de la pobreza para beneficio propio.\u201d<\/p>\n\n\n\n<p>Bajo un fuerte mensaje de orden, la candidata a Presidente de Juntos por el Cambio se dirigi\u00f3 al equipo nacional de la coalici\u00f3n, en un encuentro con m\u00e1s de 300 gobernadores, diputados y senadores de todo el pa\u00eds, mostrando un fuerte liderazgo.<\/p>\n\n\n\n<p>\u201cNosotros hemos logrado cosas impresionantes. Logramos mantener la fuerza unida despu\u00e9s del 2019 y estuvimos en todas las luchas de la sociedad. No nos amedrentamos frente a nada. Y ahora, en esta nueva campa\u00f1a que arranca en este momento, todos y cada uno tienen que llevar ese mensaje de cambio verdadero, irreversible, que no es un cambio improvisado, que es un cambio que va a generar una nueva matriz productiva, social, educativa y cultural en la Argentina.\u201d<\/p>\n\n\n\n<p>Dirigi\u00e9ndose a todos los presentes expres\u00f3 \u201cConvoqu\u00e9 a todo nuestro equipo nacional de Juntos por el Cambio, para analizar la situaci\u00f3n de crisis y desgobierno actual. Le exigimos al kirchnerismo que gobierne y cuide a todos los argentinos. Para sacar la Argentina adelante, se necesita mucha decisi\u00f3n y coraje, hay que hacer cumplir la ley. En unidad y con firmeza vamos a ordenar el pa\u00eds y terminar con las mafias, los narcos y el uso de la pobreza para beneficio propio\u201d.<\/p>\n\n\n\n<p>Y agreg\u00f3 \u201cNosotros no queremos un gobierno donde uno gobierne y el resto acompa\u00f1e. Somos una coalici\u00f3n que no va a poder dudar, porque enfrente tenemos los que nos dicen peronismo o disoluci\u00f3n nacional, los que est\u00e1n generando el mayor nivel de destrucci\u00f3n, de rotura del tejido social, de p\u00e9rdida de valor cultural, de p\u00e9rdida de valor educativo, de descapitalizaci\u00f3n de la Argentina, son esos mismos los que nos vienen a decir a nosotros que o son ellos o es la disoluci\u00f3n nacional.\u201d<\/p>\n\n\n\n<p>Arengando al equipo presente expres\u00f3, \u201cYo quiero pedirle a cada uno de ustedes, que se van a quedar en su provincia y recorrer lugar por lugar, que sea con un mensaje claro. El desaf\u00edo no es un tema de un d\u00eda, ni para improvisados. Es algo mucho m\u00e1s verdadero, m\u00e1s de fondo. Tenemos que terminar con la Argentina de la matriz kirchnerista que entr\u00f3 en todos lados, en las escuelas, en las universidades. Los \u00fanicos capaces de sacar esa matriz de poder perverso que el kirchnerismo gener\u00f3 como l\u00f3gica de esclavizaci\u00f3n de la sociedad para mantener el poder, somos nosotros, es Juntos por el Cambio.\u201d<\/p>\n\n\n\n<p>Y puntaliz\u00f3 \u201cHoy les hablo de militante a militante. De persona que desde muy joven viene laburando en la Argentina, que conoce la Argentina, conozco los barrios, conozco cada sector. Soy una persona que va a estar meti\u00e9ndose en cada lugar codo a codo con cada uno de ustedes.\u201d<\/p>\n\n\n\n<p>Para finalizar diciendo \u201cTenemos que pensar una campa\u00f1a en la que cada uno se auto administre. Esta no es una campa\u00f1a de directivas de arriba para abajo, trabajaremos las l\u00edneas estrat\u00e9gicas para todo el pa\u00eds, pero luego cada militante, cada persona, cada diputado, cada senador, cada intendente no va a necesitar ninguna instrucci\u00f3n m\u00e1s que ir a la casa y escuchar a la gente sobre la grave situaci\u00f3n en la que est\u00e1 cada argentino y pensar c\u00f3mo resolverlo.\u201d<\/p>\n\n\n\n<p>En el encuentro, que tambi\u00e9n cont\u00f3 con la palabra de otros oradores, se destac\u00f3 la presencia de Esteban Bullrich, quien tambi\u00e9n expres\u00f3 la necesidad de seguir trabajando en equipo y unidad para sacar a la Argentina de la crisis existente.<\/p>\n","protected":false},"excerpt":{"rendered":"<p>\u201dConvoqu\u00e9 a todo el equipo nacional de Juntos por el Cambio, para analizar la situaci\u00f3n de crisis y desgobierno actual. Le exigimos al kirchnerismo que gobierne y cuide a todos los argentinos. Para sacar la Argentina adelante, se necesita mucha decisi\u00f3n y coraje, hay que hacer cumplir la ley. En unidad y con firmeza vamos [&hellip;]<\/p>\n","protected":false},"author":1,"featured_media":10080,"comment_status":"open","ping_status":"open","sticky":false,"template":"","format":"standard","meta":{"_monsterinsights_skip_tracking":false,"_monsterinsights_sitenote_active":false,"_monsterinsights_sitenote_note":"","_monsterinsights_sitenote_category":0,"footnotes":""},"categories":[6],"tags":[160],"class_list":["post-10079","post","type-post","status-publish","format-standard","has-post-thumbnail","hentry","category-politica","tag-160"],"_links":{"self":[{"href":"https:\/\/news.digitaltv.com.ar\/index.php?rest_route=\/wp\/v2\/posts\/10079","targetHints":{"allow":["GET"]}}],"collection":[{"href":"https:\/\/news.digitaltv.com.ar\/index.php?rest_route=\/wp\/v2\/posts"}],"about":[{"href":"https:\/\/news.digitaltv.com.ar\/index.php?rest_route=\/wp\/v2\/types\/post"}],"author":[{"embeddable":true,"href":"https:\/\/news.digitaltv.com.ar\/index.php?rest_route=\/wp\/v2\/users\/1"}],"replies":[{"embeddable":true,"href":"https:\/\/news.digitaltv.com.ar\/index.php?rest_route=%2Fwp%2Fv2%2Fcomments&post=10079"}],"version-history":[{"count":1,"href":"https:\/\/news.digitaltv.com.ar\/index.php?rest_route=\/wp\/v2\/posts\/10079\/revisions"}],"predecessor-version":[{"id":10081,"href":"https:\/\/news.digitaltv.com.ar\/index.php?rest_route=\/wp\/v2\/posts\/10079\/revisions\/10081"}],"wp:featuredmedia":[{"embeddable":true,"href":"https:\/\/news.digitaltv.com.ar\/index.php?rest_route=\/wp\/v2\/media\/10080"}],"wp:attachment":[{"href":"https:\/\/news.digitaltv.com.ar\/index.php?rest_route=%2Fwp%2Fv2%2Fmedia&parent=10079"}],"wp:term":[{"taxonomy":"category","embeddable":true,"href":"https:\/\/news.digitaltv.com.ar\/index.php?rest_route=%2Fwp%2Fv2%2Fcategories&post=10079"},{"taxonomy":"post_tag","embeddable":true,"href":"https:\/\/news.digitaltv.com.ar\/index.php?rest_route=%2Fwp%2Fv2%2Ftags&post=10079"}],"curies":[{"name":"wp","href":"https:\/\/api.w.org\/{rel}","templated":true}]}}