{"id":1008,"date":"2022-03-21T20:46:53","date_gmt":"2022-03-21T23:46:53","guid":{"rendered":"https:\/\/wp.digitaltv.com.ar\/?p=1008"},"modified":"2022-03-21T20:46:53","modified_gmt":"2022-03-21T23:46:53","slug":"el-impacto-de-los-precios-internacionales-es-neutral-en-la-balanza-de-pagos-aseguro-guzman","status":"publish","type":"post","link":"https:\/\/news.digitaltv.com.ar\/?p=1008","title":{"rendered":"El impacto de los precios internacionales &#8220;es neutral&#8221; en la balanza de pagos, asegur\u00f3 Guzm\u00e1n"},"content":{"rendered":"\n<h2 class=\"wp-block-heading\">La crisis internacional y la volatilidad de los precios internacionales de los commodities est\u00e1n generando un impacto &#8220;neutral&#8221; en la balanza de pagos de la Argentina, situaci\u00f3n que requiere &#8220;ir calibrando&#8221; la cuesti\u00f3n fiscal, afirm\u00f3 hoy el ministro de Econom\u00eda, Mart\u00edn Guzm\u00e1n.<\/h2>\n\n\n\n<p>Tras recorrer hoy la Exposici\u00f3n Argentina Oil &amp; Gas que se desarrolla en el predio de La Rural, asegur\u00f3 que &#8220;el shock en la balanza de pagos, a los precios de hoy, es neutral, pero la situaci\u00f3n cambia todo el tiempo porque hay much\u00edsima volatilidad en todos los frentes&#8221;, en el frente de energ\u00eda y los otros commodities.<\/p>\n\n\n\n<p>En referencia a la preocupaci\u00f3n por el costo de la volatilidad de precios en las cuentas p\u00fablicas, se\u00f1al\u00f3 que &#8220;se compensa el impacto que tiene el shock en los commodities -tanto en granos como en el oro, en los productos de la miner\u00eda en general- con el shock en la energ\u00eda, dadas las necesidades de importaci\u00f3n para la Argentina&#8221;.<\/p>\n\n\n\n<p>La Argentina es un importador importante de GNL durante los meses de invierno y el a\u00f1o pasado esa cuenta demand\u00f3 del tesoro recursos por unos US$ 1.100 millones, se espera que la cifra se multiplique en 2022 por la escalada de los precios del gas internacional.<\/p>\n\n\n\n<p>&#8220;El mundo est\u00e1 viviendo una crisis energ\u00e9tica global: una crisis de la distribuci\u00f3n en general con el impacto que tiene la situaci\u00f3n geopol\u00edtica tanto en los commodities como en la energ\u00eda&#8221; y para la Argentina &#8220;esto implica un shock multidimensional&#8221; afirm\u00f3.<\/p>\n\n\n\n<p>&#8220;Necesitamos garantizar condiciones que acompa\u00f1en al proceso de normalizaci\u00f3n macroecon\u00f3mica, y que adem\u00e1s garantice el abastecimiento de mercado interno, agreg\u00f3 tras enfatizar que se deben &#8220;buscar los desaf\u00edos inmediatos a corto plazo y potenciar las oportunidades de desarrollo de sector&#8221;.<\/p>\n\n\n\n<p>Al respecto, dijo que el Gobierno nacional quiere generar las condiciones para que la Argentina exporte Gas Natural Licuado (GNL), para lo cual trabaja en generar las condiciones macroecon\u00f3micas y de reglas de juego que permitan incrementar las inversiones y la producci\u00f3n.<\/p>\n\n\n\n<p>Durante la visita, Guzm\u00e1n expres\u00f3 que &#8220;el gas juega un rol central para la transici\u00f3n energ\u00e9tica y en particular el GNL&#8221; tema en el que se\u00f1al\u00f3 viene hablando &#8220;con funcionarios del alto rango de distintos pa\u00edses para avanzar realmente en la cuesti\u00f3n.<\/p>\n\n\n\n<p>&#8220;Queremos que Argentina produzca GNL&#8221;, asever\u00f3 el ministro al recordar que la Argentina firm\u00f3 recientemente la iniciativa mundial de emisiones cero.<\/p>\n\n\n\n<p>La proyecci\u00f3n de demanda de GNL que se hace es que &#8220;va a ser mayor para el 2030 que ahora&#8221;, analiz\u00f3 el ministro por lo que asegur\u00f3 que en di\u00e1logo con un conjunto de pa\u00edses &#8220;hay mucho inter\u00e9s en GNL y Argentina debe construir las condiciones para que esto sea posible*<\/p>\n\n\n\n<p>En ese sentido, asegur\u00f3 que el Gobierno viene dando &#8220;pasos muy importantes para construir condiciones de mayor estabilidad macroecon\u00f3mica en la Argentina, y de estabilidad de reglas de juego, que son claves para el sector&#8221;.<\/p>\n\n\n\n<p>Al respecto, volvi\u00f3 a explicar que el Gobierno trabaja en &#8220;un esquema que espec\u00edfico para el sector de la energ\u00eda&#8221; por lo que es de esperar que &#8220;en las pr\u00f3ximas semanas se pueda estar corrigiendo algunos de los aspectos de las regulaciones vigente&#8221;.<\/p>\n\n\n\n<p>&#8220;Al mismo tiempo -asegur\u00f3- se est\u00e1 trabajando en que haya mayor claridad desde el punto de vista de las reglas para la cuesti\u00f3n de garantizar el abastecimiento en el mercado interno al mismo tiempo que hay claridad desde el punto de vista de cu\u00e1les son las reglas para exportar&#8221;.<\/p>\n\n\n\n<p>Guzm\u00e1n destac\u00f3 que hay condiciones clave para acelerar el desarrollo del sector, el primero de los cuales es la &#8220;estabilidad macroecon\u00f3mica y de balanza de pagos&#8221;.<\/p>\n\n\n\n<p>&#8220;Por eso cada uno de los pasos que se han venido dando como ordenar la cuesti\u00f3n de las deudas externas, sacar presi\u00f3n es clave en la balanza de pagos en la brecha cambiaria y poder ir en la direcci\u00f3n contraria&#8221;, explic\u00f3 el titular del Palacio de Hacienda.<\/p>\n\n\n\n<p>Como segundo punto, se\u00f1al\u00f3 la necesidad de &#8220;elevar la capacidad de infraestructura&#8221; un tema en el que &#8220;el Estado tiene un rol muy importante&#8221; y en el que defini\u00f3 que &#8220;gasoducto N\u00e9stor Kirchner es la obra de infraestructura m\u00e1s importante que tiene la Argentina para el pr\u00f3ximo a\u00f1o&#8221;.<\/p>\n\n\n\n<p>Finalmente, se\u00f1al\u00f3 la necesidad de &#8220;cierta claridad en las reglas del juego&#8221; a lo que asegur\u00f3 se viene &#8220;trabajando en adaptar el esquema de regulaciones de capitales en particular para el sector energ\u00e9tico&#8221;; y plante\u00f3 que para cumplir los objetivos de desarrollo energ\u00e9tico ser\u00e1 prioritario &#8220;mayor escala de producci\u00f3n para poder tener un desarrollo de otra magnitud, sobre todo, Vaca Muerta, porque el resto de las cuencas puedan tener otra envergadura en t\u00e9rminos de desarrollo.<\/p>\n\n\n\n<p>En ese esquema, complet\u00f3, &#8220;YPF juega el rol catal\u00edtico central* y por eso es tan importante para la din\u00e1mica de contar con la compa\u00f1\u00eda aunque &#8220;la escala que se est\u00e1 necesitando es fundamental tambi\u00e9n el rol del capital internacional&#8221;.<\/p>\n","protected":false},"excerpt":{"rendered":"<p>La crisis internacional y la volatilidad de los precios internacionales de los commodities est\u00e1n generando un impacto &#8220;neutral&#8221; en la balanza de pagos de la Argentina, situaci\u00f3n que requiere &#8220;ir calibrando&#8221; la cuesti\u00f3n fiscal, afirm\u00f3 hoy el ministro de Econom\u00eda, Mart\u00edn Guzm\u00e1n. Tras recorrer hoy la Exposici\u00f3n Argentina Oil &amp; Gas que se desarrolla en [&hellip;]<\/p>\n","protected":false},"author":8,"featured_media":1009,"comment_status":"open","ping_status":"open","sticky":false,"template":"","format":"standard","meta":{"_monsterinsights_skip_tracking":false,"_monsterinsights_sitenote_active":false,"_monsterinsights_sitenote_note":"","_monsterinsights_sitenote_category":0,"footnotes":""},"categories":[6],"tags":[],"class_list":["post-1008","post","type-post","status-publish","format-standard","has-post-thumbnail","hentry","category-politica"],"_links":{"self":[{"href":"https:\/\/news.digitaltv.com.ar\/index.php?rest_route=\/wp\/v2\/posts\/1008","targetHints":{"allow":["GET"]}}],"collection":[{"href":"https:\/\/news.digitaltv.com.ar\/index.php?rest_route=\/wp\/v2\/posts"}],"about":[{"href":"https:\/\/news.digitaltv.com.ar\/index.php?rest_route=\/wp\/v2\/types\/post"}],"author":[{"embeddable":true,"href":"https:\/\/news.digitaltv.com.ar\/index.php?rest_route=\/wp\/v2\/users\/8"}],"replies":[{"embeddable":true,"href":"https:\/\/news.digitaltv.com.ar\/index.php?rest_route=%2Fwp%2Fv2%2Fcomments&post=1008"}],"version-history":[{"count":2,"href":"https:\/\/news.digitaltv.com.ar\/index.php?rest_route=\/wp\/v2\/posts\/1008\/revisions"}],"predecessor-version":[{"id":1011,"href":"https:\/\/news.digitaltv.com.ar\/index.php?rest_route=\/wp\/v2\/posts\/1008\/revisions\/1011"}],"wp:featuredmedia":[{"embeddable":true,"href":"https:\/\/news.digitaltv.com.ar\/index.php?rest_route=\/wp\/v2\/media\/1009"}],"wp:attachment":[{"href":"https:\/\/news.digitaltv.com.ar\/index.php?rest_route=%2Fwp%2Fv2%2Fmedia&parent=1008"}],"wp:term":[{"taxonomy":"category","embeddable":true,"href":"https:\/\/news.digitaltv.com.ar\/index.php?rest_route=%2Fwp%2Fv2%2Fcategories&post=1008"},{"taxonomy":"post_tag","embeddable":true,"href":"https:\/\/news.digitaltv.com.ar\/index.php?rest_route=%2Fwp%2Fv2%2Ftags&post=1008"}],"curies":[{"name":"wp","href":"https:\/\/api.w.org\/{rel}","templated":true}]}}