{"id":10087,"date":"2023-08-25T09:06:07","date_gmt":"2023-08-25T12:06:07","guid":{"rendered":"https:\/\/news.digitaltv.com.ar\/?p=10087"},"modified":"2023-08-28T11:17:31","modified_gmt":"2023-08-28T14:17:31","slug":"paritarias-municipales-2023-se-establecieron-aumentos-para-los-proximos-meses","status":"publish","type":"post","link":"https:\/\/news.digitaltv.com.ar\/?p=10087","title":{"rendered":"PARITARIAS MUNICIPALES 2023: SE ESTABLECIERON AUMENTOS PARA LOS PR\u00d3XIMOS MESES"},"content":{"rendered":"\n<p>Luego de varias reuniones entre el secretario de Gobierno Juan Manuel Rico Zini, la secretaria de Hacienda y Finanzas Andrea Lamelas y representantes de los gremios que nuclean al personal de la administraci\u00f3n p\u00fablica municipal, esta ma\u00f1ana se estableci\u00f3 el aumento salarial convenido entre el Departamento Ejecutivo y los Sindicatos SOEM (representado por Adalberto Enriquez) y SOSBA (representado por Roberto Ber\u00f3n), para la planta del personal municipal consiste en un aumento del 6% para el mes de agosto sobre el salario b\u00e1sico de julio y un 12% en septiembre sobre el salario b\u00e1sico del mes de agosto, arrojando un aumento acumulado al 30 de septiembre del 80,20%.<\/p>\n\n\n\n<p>Asimismo, el Ejecutivo asumi\u00f3 el compromiso de volver a reunirse el lunes 23 de octubre a las 12 horas en la sede del Palacio Municipal para evaluar los \u00edndices inflacionarios y en su caso renegociar el acompa\u00f1amiento inflacionario a los \u00edndices de aumento ya pactados y que conforman la base del presente acuerdo paritario.<\/p>\n","protected":false},"excerpt":{"rendered":"<p>Luego de varias reuniones entre el secretario de Gobierno Juan Manuel Rico Zini, la secretaria de Hacienda y Finanzas Andrea Lamelas y representantes de los gremios que nuclean al personal de la administraci\u00f3n p\u00fablica municipal, esta ma\u00f1ana se estableci\u00f3 el aumento salarial convenido entre el Departamento Ejecutivo y los Sindicatos SOEM (representado por Adalberto Enriquez) [&hellip;]<\/p>\n","protected":false},"author":1,"featured_media":10088,"comment_status":"open","ping_status":"open","sticky":false,"template":"","format":"standard","meta":{"_monsterinsights_skip_tracking":false,"_monsterinsights_sitenote_active":false,"_monsterinsights_sitenote_note":"","_monsterinsights_sitenote_category":0,"footnotes":""},"categories":[152],"tags":[160],"class_list":["post-10087","post","type-post","status-publish","format-standard","has-post-thumbnail","hentry","category-pergamino","tag-160"],"_links":{"self":[{"href":"https:\/\/news.digitaltv.com.ar\/index.php?rest_route=\/wp\/v2\/posts\/10087","targetHints":{"allow":["GET"]}}],"collection":[{"href":"https:\/\/news.digitaltv.com.ar\/index.php?rest_route=\/wp\/v2\/posts"}],"about":[{"href":"https:\/\/news.digitaltv.com.ar\/index.php?rest_route=\/wp\/v2\/types\/post"}],"author":[{"embeddable":true,"href":"https:\/\/news.digitaltv.com.ar\/index.php?rest_route=\/wp\/v2\/users\/1"}],"replies":[{"embeddable":true,"href":"https:\/\/news.digitaltv.com.ar\/index.php?rest_route=%2Fwp%2Fv2%2Fcomments&post=10087"}],"version-history":[{"count":1,"href":"https:\/\/news.digitaltv.com.ar\/index.php?rest_route=\/wp\/v2\/posts\/10087\/revisions"}],"predecessor-version":[{"id":10089,"href":"https:\/\/news.digitaltv.com.ar\/index.php?rest_route=\/wp\/v2\/posts\/10087\/revisions\/10089"}],"wp:featuredmedia":[{"embeddable":true,"href":"https:\/\/news.digitaltv.com.ar\/index.php?rest_route=\/wp\/v2\/media\/10088"}],"wp:attachment":[{"href":"https:\/\/news.digitaltv.com.ar\/index.php?rest_route=%2Fwp%2Fv2%2Fmedia&parent=10087"}],"wp:term":[{"taxonomy":"category","embeddable":true,"href":"https:\/\/news.digitaltv.com.ar\/index.php?rest_route=%2Fwp%2Fv2%2Fcategories&post=10087"},{"taxonomy":"post_tag","embeddable":true,"href":"https:\/\/news.digitaltv.com.ar\/index.php?rest_route=%2Fwp%2Fv2%2Ftags&post=10087"}],"curies":[{"name":"wp","href":"https:\/\/api.w.org\/{rel}","templated":true}]}}