{"id":10110,"date":"2023-08-28T11:09:27","date_gmt":"2023-08-28T14:09:27","guid":{"rendered":"https:\/\/news.digitaltv.com.ar\/?p=10110"},"modified":"2023-08-29T11:40:28","modified_gmt":"2023-08-29T14:40:28","slug":"el-gobierno-suspende-el-aumento-de-prepagas","status":"publish","type":"post","link":"https:\/\/news.digitaltv.com.ar\/?p=10110","title":{"rendered":"EL GOBIERNO SUSPENDE EL AUMENTO DE PREPAGAS"},"content":{"rendered":"\n<p>El domingo por la noche, Sergio Massa continuaba anunciando medidas econ\u00f3micas para los sectores m\u00e1s postergados.<\/p>\n\n\n\n<p>En el marco de la bater\u00eda de medidas del Gobierno para recuperar los ingresas de los sectores m\u00e1s postergados, el ministro de Econom\u00eda y candidato presidencial de Uni\u00f3n por la Patria, <strong>Sergio Massa<\/strong>, confirm\u00f3 este domingo por la noche la suspensi\u00f3n de aumento en las <strong>prepagas<\/strong>.<\/p>\n\n\n\n<p>&#8220;Las familias con ingresos no superiores a 2 millones de pesos mensuales no ser\u00e1n alcanzadas por el incremento de las Prepagas, por DNU&#8221;, anunci\u00f3 el funcionario a trav\u00e9s de las redes sociales.<\/p>\n\n\n\n<p>Massa, al realizar el anuncio, dijo que la suspensi\u00f3n del aumento es a los efectos de que \u201cel esfuerzo que hacen trabajadores y el Estado venga acompa\u00f1ado por una atenci\u00f3n de salud que no castigue las cuentas del trabajador\u201d.<\/p>\n\n\n\n<p>De esta forma, los trabajadores o familias comprendidos en la medida <strong>no deber\u00e1n abonar el incremento previsto para el mes de septiembre de 7,18% respecto al valor del Plan de Servicio Vigente al 31 de agosto de 2023,<\/strong> en base a lo informado por las empresas de medicina prepaga.<\/p>\n\n\n\n<p>Lo mismo aplicar\u00e1 para los meses siguientes, durante el plazo de 90 d\u00edas, en base al esquema de ajustes previsto en el Decreto 743\/2022 y la Resoluci\u00f3n 2577\/2022 del Ministerio de Salud de la Naci\u00f3n.<\/p>\n\n\n\n<p>El anuncio forma parte de un paquete de medidas lanzado este domingo en el marco del Programa de Fortalecimiento de la Actividad Econ\u00f3mica y del Ingreso que incluye sumas fijas no remunerativas a cuenta de futuros incrementos y cr\u00e9ditos para trabajadores, mejoras para monotributistas, aumentos para jubilados, ayuda social, pre financiaci\u00f3n de exportaciones y baja de retenciones para econom\u00edas regionales, entre otras.<\/p>\n\n\n\n<p>A trav\u00e9s de su cuenta en la red social Instagram, durante toda la tarde, Massa anunci\u00f3 un programa que apunta a mitigar los efectos de la devaluaci\u00f3n y ratific\u00f3 un acuerdo de precios con m\u00e1s de 425 empresas que incluyen 53.000 productos de primera necesidad.<\/p>\n\n\n\n<p>Entre otras medidas, el jefe del Palacio de Hacienda dispuso un incremento de salarios no remunerativo, por \u00fanica vez y a cuenta de futuros aumentos en las discusiones paritarias de 60.000 pesos pagaderos en dos cuotas mensuales, para los empleados p\u00fablicos y privados que perciban un ingreso neto menor a los 400.000 pesos mensuales.<\/p>\n","protected":false},"excerpt":{"rendered":"<p>El domingo por la noche, Sergio Massa continuaba anunciando medidas econ\u00f3micas para los sectores m\u00e1s postergados. En el marco de la bater\u00eda de medidas del Gobierno para recuperar los ingresas de los sectores m\u00e1s postergados, el ministro de Econom\u00eda y candidato presidencial de Uni\u00f3n por la Patria, Sergio Massa, confirm\u00f3 este domingo por la noche [&hellip;]<\/p>\n","protected":false},"author":1,"featured_media":6073,"comment_status":"open","ping_status":"open","sticky":false,"template":"","format":"standard","meta":{"_monsterinsights_skip_tracking":false,"_monsterinsights_sitenote_active":false,"_monsterinsights_sitenote_note":"","_monsterinsights_sitenote_category":0,"footnotes":""},"categories":[151],"tags":[160],"class_list":["post-10110","post","type-post","status-publish","format-standard","has-post-thumbnail","hentry","category-salud","tag-160"],"_links":{"self":[{"href":"https:\/\/news.digitaltv.com.ar\/index.php?rest_route=\/wp\/v2\/posts\/10110","targetHints":{"allow":["GET"]}}],"collection":[{"href":"https:\/\/news.digitaltv.com.ar\/index.php?rest_route=\/wp\/v2\/posts"}],"about":[{"href":"https:\/\/news.digitaltv.com.ar\/index.php?rest_route=\/wp\/v2\/types\/post"}],"author":[{"embeddable":true,"href":"https:\/\/news.digitaltv.com.ar\/index.php?rest_route=\/wp\/v2\/users\/1"}],"replies":[{"embeddable":true,"href":"https:\/\/news.digitaltv.com.ar\/index.php?rest_route=%2Fwp%2Fv2%2Fcomments&post=10110"}],"version-history":[{"count":1,"href":"https:\/\/news.digitaltv.com.ar\/index.php?rest_route=\/wp\/v2\/posts\/10110\/revisions"}],"predecessor-version":[{"id":10111,"href":"https:\/\/news.digitaltv.com.ar\/index.php?rest_route=\/wp\/v2\/posts\/10110\/revisions\/10111"}],"wp:featuredmedia":[{"embeddable":true,"href":"https:\/\/news.digitaltv.com.ar\/index.php?rest_route=\/wp\/v2\/media\/6073"}],"wp:attachment":[{"href":"https:\/\/news.digitaltv.com.ar\/index.php?rest_route=%2Fwp%2Fv2%2Fmedia&parent=10110"}],"wp:term":[{"taxonomy":"category","embeddable":true,"href":"https:\/\/news.digitaltv.com.ar\/index.php?rest_route=%2Fwp%2Fv2%2Fcategories&post=10110"},{"taxonomy":"post_tag","embeddable":true,"href":"https:\/\/news.digitaltv.com.ar\/index.php?rest_route=%2Fwp%2Fv2%2Ftags&post=10110"}],"curies":[{"name":"wp","href":"https:\/\/api.w.org\/{rel}","templated":true}]}}