{"id":1012,"date":"2022-03-21T20:50:37","date_gmt":"2022-03-21T23:50:37","guid":{"rendered":"https:\/\/wp.digitaltv.com.ar\/?p=1012"},"modified":"2022-03-22T08:20:38","modified_gmt":"2022-03-22T11:20:38","slug":"taiana-ratifico-que-avanzara-la-radarizacion-del-pais-y-la-incorporacion-de-soldados-voluntarios","status":"publish","type":"post","link":"https:\/\/news.digitaltv.com.ar\/?p=1012","title":{"rendered":"Taiana ratific\u00f3 que avanzar\u00e1 la radarizaci\u00f3n del pa\u00eds y la incorporaci\u00f3n de soldados voluntarios"},"content":{"rendered":"\n<h2 class=\"wp-block-heading\">El ministro de Defensa, Jorge Taiana, reafirm\u00f3 hoy que el Gobierno profundizar\u00e1 el plan de radarizaci\u00f3n hacia el sur del territorio nacional, asegur\u00f3 que su cartera apuesta a incorporar unos &#8220;10 mil soldados voluntarios m\u00e1s&#8221; en las Fuerzas Armadas y reivindic\u00f3 la formaci\u00f3n hacia pol\u00edticas defensivas, apoyadas en estrategias de disuasi\u00f3n.<\/h2>\n\n\n\n<p>As\u00ed se pronunci\u00f3 Taiana ante oficiales de las tres Fuerzas Armadas, al inaugurar el ciclo acad\u00e9mico 2022 de la Escuela Superior de Guerra Conjunta, creada en el 2006 con el objetivo de promover un &#8220;adiestramiento conjunto&#8221; de los oficiales militares, mediante la &#8220;estandarizaci\u00f3n de reglas, procesos, procedimientos, funciones, servicios y actividades&#8221;, se indic\u00f3 a trav\u00e9s de un comunicado.<\/p>\n\n\n\n<p>&#8220;Tenemos una Directiva de Pol\u00edtica de Defensa Nacional (DPDN) como documento rector y all\u00ed se define a nuestra pol\u00edtica de defensa como defensiva y acompa\u00f1ada por una estrategia de disuasi\u00f3n; tambi\u00e9n estamos recuperando capacidades para las Fuerzas Armadas con los aportes del Fondo Nacional de la Defensa (Fondef)&#8221;, declar\u00f3 Taiana en su discurso.<\/p>\n\n\n\n<p>Entre las prioridades de su gesti\u00f3n, resalt\u00f3 la decisi\u00f3n de &#8220;continuar con el plan de radarizaci\u00f3n del territorio nacional&#8221;, ya iniciado en el norte del pa\u00eds y que continuar\u00e1 &#8220;avanzando hacia el sur&#8221;.<\/p>\n\n\n\n<p>En ese sentido, precis\u00f3 que en mayo se instalar\u00e1 un radar en R\u00edo Grande, Tierra del Fuego, adem\u00e1s del que est\u00e1 pr\u00f3ximo a inaugurarse en Mercedes, Corrientes.<\/p>\n\n\n\n<p>&#8220;En segundo lugar estamos trabajando para incrementar la incorporaci\u00f3n de soldados voluntarios en las FFAA: apuntamos a sumar diez mil soldados m\u00e1s&#8221;, enunci\u00f3 el ministro.<\/p>\n\n\n\n<figure class=\"wp-block-image size-large\"><img loading=\"lazy\" decoding=\"async\" width=\"1024\" height=\"682\" src=\"https:\/\/wp.digitaltv.com.ar\/wp-content\/uploads\/2022\/03\/taiana-1024x682.jpeg\" alt=\"\" class=\"wp-image-1014\" srcset=\"https:\/\/news.digitaltv.com.ar\/wp-content\/uploads\/2022\/03\/taiana-1024x682.jpeg 1024w, https:\/\/news.digitaltv.com.ar\/wp-content\/uploads\/2022\/03\/taiana-300x200.jpeg 300w, https:\/\/news.digitaltv.com.ar\/wp-content\/uploads\/2022\/03\/taiana-768x511.jpeg 768w, https:\/\/news.digitaltv.com.ar\/wp-content\/uploads\/2022\/03\/taiana.jpeg 1280w\" sizes=\"auto, (max-width: 1024px) 100vw, 1024px\" \/><figcaption>Ministro de Defensa Jorge Taiana<\/figcaption><\/figure>\n\n\n\n<p>Tambi\u00e9n, Taiana destac\u00f3 que la DPDN y el Fondef aspiran a &#8220;incrementar las capacidades de adiestramiento y operativas de cada arma y alcanzar un nivel de defensa adecuado&#8221;.<\/p>\n\n\n\n<p>Precis\u00f3 que el Ej\u00e9rcito est\u00e1 modernizando el Tanque Argentino Mediano TAM 2C y plante\u00f3 su inter\u00e9s en que se incorpore a esa fuerza un &#8220;veh\u00edculo blindado a rueda&#8221; porque, dijo, resulta &#8220;fundamental para la capacidad de acci\u00f3n del arma y su despliegue en el territorio&#8221;.<\/p>\n\n\n\n<p>En el caso de la Armada, el ministro expres\u00f3 &#8220;la necesidad que tiene la Argentina de recuperar la capacidad submarina por su extenso mar y para mejorar las tareas de vigilancia y control de los espacios de jurisdicci\u00f3n nacional&#8221;<\/p>\n\n\n\n<p>&#8220;Tenemos la obligaci\u00f3n de avanzar en ese sentido&#8221;, subray\u00f3 y apunt\u00f3 adem\u00e1s que, en la Fuerza A\u00e9rea, &#8220;se est\u00e1n estudiando varias propuestas para la incorporaci\u00f3n de los caza supers\u00f3nico&#8221;.<\/p>\n\n\n\n<p>En otro tramo de su discurso, Taiana expres\u00f3: &#8220;Soy un defensor de la idea de la integraci\u00f3n regional, es un requisito fundamental para tener peso en las negociaciones y para ser escuchados en el mundo&#8221;.<\/p>\n\n\n\n<p>De igual modo, evalu\u00f3 que Argentina &#8220;tiene limitaciones en la integraci\u00f3n del territorio&#8221; y postul\u00f3 la idea de mejorar las conexiones con Tierra del Fuego. &#8220;No puede seguir sin comunicaci\u00f3n efectiva; esto se vincula a la visi\u00f3n del siglo XXI donde un tema pol\u00edtico y estrat\u00e9gico de extraordinaria relevancia es la perspectiva y mirada hacia el Atl\u00e1ntico Sur&#8221;, argument\u00f3.<\/p>\n\n\n\n<p>A d\u00edas de que se cumplan 40 a\u00f1os de la guerra de Malvinas, Taiana dedic\u00f3 unas palabras &#8220;en memoria a los ca\u00eddos&#8221; en el conflicto de 1982 y asegur\u00f3 que, cuatro d\u00e9cadas despu\u00e9s, Argentina contin\u00faa apostando al &#8220;di\u00e1logo&#8221; y a una &#8220;soluci\u00f3n pac\u00edfica que permita el ejercicio de nuestra soberan\u00eda sobre las Islas&#8221;.<\/p>\n\n\n\n<p>Del encuentro participaron el jefe de Gabinete del ministerio, H\u00e9ctor Mazzei; las secretarias de Investigaci\u00f3n, Pol\u00edtica Industrial y Producci\u00f3n para la Defensa, Daniela Castro; de Coordinaci\u00f3n Militar en Emergencias, In\u00e9s Barboza Belistri; y el secretario de Asuntos Internacionales para la Defensa, Francisco Cafiero.<\/p>\n\n\n\n<p>Estuvieron tambi\u00e9n los titulares del Estado Mayor Conjunto de las Fuerzas Armadas, teniente general Juan Mart\u00edn Paleo; de la Armada, almirante Julio Horacio Guardia; del Ej\u00e9rcito, general de Divisi\u00f3n Guillermo Olegario Pereda; y el subjefe de la Fuerza A\u00e9rea, brigadier mayor Hugo Eduardo Schaub.<\/p>\n\n\n\n<p>Asistieron adem\u00e1s la interventora de la Agencia Federal de Inteligencia (AFI), Cristina Caama\u00f1o; el vicerrector de la Universidad Torcuato Di Tella, Juan Gabriel Tokatlian y otros invitados civiles, militares y personalidades del \u00e1mbito acad\u00e9mico.<\/p>\n","protected":false},"excerpt":{"rendered":"<p>El ministro de Defensa, Jorge Taiana, reafirm\u00f3 hoy que el Gobierno profundizar\u00e1 el plan de radarizaci\u00f3n hacia el sur del territorio nacional, asegur\u00f3 que su cartera apuesta a incorporar unos &#8220;10 mil soldados voluntarios m\u00e1s&#8221; en las Fuerzas Armadas y reivindic\u00f3 la formaci\u00f3n hacia pol\u00edticas defensivas, apoyadas en estrategias de disuasi\u00f3n. As\u00ed se pronunci\u00f3 Taiana [&hellip;]<\/p>\n","protected":false},"author":8,"featured_media":1013,"comment_status":"open","ping_status":"open","sticky":false,"template":"","format":"standard","meta":{"_monsterinsights_skip_tracking":false,"_monsterinsights_sitenote_active":false,"_monsterinsights_sitenote_note":"","_monsterinsights_sitenote_category":0,"footnotes":""},"categories":[150,6],"tags":[160],"class_list":["post-1012","post","type-post","status-publish","format-standard","has-post-thumbnail","hentry","category-actualidad","category-politica","tag-160"],"_links":{"self":[{"href":"https:\/\/news.digitaltv.com.ar\/index.php?rest_route=\/wp\/v2\/posts\/1012","targetHints":{"allow":["GET"]}}],"collection":[{"href":"https:\/\/news.digitaltv.com.ar\/index.php?rest_route=\/wp\/v2\/posts"}],"about":[{"href":"https:\/\/news.digitaltv.com.ar\/index.php?rest_route=\/wp\/v2\/types\/post"}],"author":[{"embeddable":true,"href":"https:\/\/news.digitaltv.com.ar\/index.php?rest_route=\/wp\/v2\/users\/8"}],"replies":[{"embeddable":true,"href":"https:\/\/news.digitaltv.com.ar\/index.php?rest_route=%2Fwp%2Fv2%2Fcomments&post=1012"}],"version-history":[{"count":2,"href":"https:\/\/news.digitaltv.com.ar\/index.php?rest_route=\/wp\/v2\/posts\/1012\/revisions"}],"predecessor-version":[{"id":1016,"href":"https:\/\/news.digitaltv.com.ar\/index.php?rest_route=\/wp\/v2\/posts\/1012\/revisions\/1016"}],"wp:featuredmedia":[{"embeddable":true,"href":"https:\/\/news.digitaltv.com.ar\/index.php?rest_route=\/wp\/v2\/media\/1013"}],"wp:attachment":[{"href":"https:\/\/news.digitaltv.com.ar\/index.php?rest_route=%2Fwp%2Fv2%2Fmedia&parent=1012"}],"wp:term":[{"taxonomy":"category","embeddable":true,"href":"https:\/\/news.digitaltv.com.ar\/index.php?rest_route=%2Fwp%2Fv2%2Fcategories&post=1012"},{"taxonomy":"post_tag","embeddable":true,"href":"https:\/\/news.digitaltv.com.ar\/index.php?rest_route=%2Fwp%2Fv2%2Ftags&post=1012"}],"curies":[{"name":"wp","href":"https:\/\/api.w.org\/{rel}","templated":true}]}}