{"id":10246,"date":"2023-09-08T08:51:27","date_gmt":"2023-09-08T11:51:27","guid":{"rendered":"https:\/\/news.digitaltv.com.ar\/?p=10246"},"modified":"2023-09-12T09:39:38","modified_gmt":"2023-09-12T12:39:38","slug":"claudia-mansilla-expone-en-el-museo-giunippero-castellano","status":"publish","type":"post","link":"https:\/\/news.digitaltv.com.ar\/?p=10246","title":{"rendered":"CLAUDIA MANSILLA EXPONE EN EL MUSEO GIUNIPPERO CASTELLANO"},"content":{"rendered":"\n<p>Este viernes 8 de septiembre a partir de las 19 horas el SUM del Museo Municipal Giun\u00edppero Castellano abrir\u00e1 sus puertas a la muestra de la artista pl\u00e1stica Claudia Mansilla.<\/p>\n\n\n\n<p>\u201cDe ruinas y cielo, todos tenemos un poco\u201d, es el nombre de esta selecci\u00f3n de obras que la artista pergaminense presentar\u00e1.<\/p>\n\n\n\n<p>\u201cConsidero que toda muestra debe llevar un nombre, que no resulta f\u00e1cil titular, pero en esta muestra en particular y por las obras que ya ten\u00eda realizadas, no fue nada dif\u00edcil. \u201cDe ruinas y cielos todos tenemos un poco\u201d, quiz\u00e1s por circunstancias personales, por momentos vividos o quiz\u00e1s tambi\u00e9n porque el inconsciente as\u00ed lo dec\u00eda en mis trabajos aparec\u00edan im\u00e1genes de caos, destrucci\u00f3n pero a su vez esperanza y luz. En m\u00ed, el proceso pict\u00f3rico empieza de la nada misma, lienzo en blanco, le sigue la impronta de la mancha, los grafismos con la esp\u00e1tula de goma y luego la depuraci\u00f3n y es all\u00ed donde aparecen las im\u00e1genes, los recuerdos. Cada espectador tendr\u00e1 la oportunidad de ver, encontrar, sentir, indagar en su propio inconsciente y descubrir a que lugar los lleva\u201d, explica la autora.<\/p>\n\n\n\n<blockquote class=\"wp-block-quote is-layout-flow wp-block-quote-is-layout-flow\"><p>La muestra puede visitarse martes a viernes de 9 a 12 y jueves a s\u00e1bado de 16 a 19,30 horas en Alsina 421.<\/p><\/blockquote>\n","protected":false},"excerpt":{"rendered":"<p>Este viernes 8 de septiembre a partir de las 19 horas el SUM del Museo Municipal Giun\u00edppero Castellano abrir\u00e1 sus puertas a la muestra de la artista pl\u00e1stica Claudia Mansilla. \u201cDe ruinas y cielo, todos tenemos un poco\u201d, es el nombre de esta selecci\u00f3n de obras que la artista pergaminense presentar\u00e1. \u201cConsidero que toda muestra [&hellip;]<\/p>\n","protected":false},"author":1,"featured_media":10247,"comment_status":"open","ping_status":"open","sticky":false,"template":"","format":"standard","meta":{"_monsterinsights_skip_tracking":false,"_monsterinsights_sitenote_active":false,"_monsterinsights_sitenote_note":"","_monsterinsights_sitenote_category":0,"footnotes":""},"categories":[155],"tags":[159],"class_list":["post-10246","post","type-post","status-publish","format-standard","has-post-thumbnail","hentry","category-cultura","tag-159"],"_links":{"self":[{"href":"https:\/\/news.digitaltv.com.ar\/index.php?rest_route=\/wp\/v2\/posts\/10246","targetHints":{"allow":["GET"]}}],"collection":[{"href":"https:\/\/news.digitaltv.com.ar\/index.php?rest_route=\/wp\/v2\/posts"}],"about":[{"href":"https:\/\/news.digitaltv.com.ar\/index.php?rest_route=\/wp\/v2\/types\/post"}],"author":[{"embeddable":true,"href":"https:\/\/news.digitaltv.com.ar\/index.php?rest_route=\/wp\/v2\/users\/1"}],"replies":[{"embeddable":true,"href":"https:\/\/news.digitaltv.com.ar\/index.php?rest_route=%2Fwp%2Fv2%2Fcomments&post=10246"}],"version-history":[{"count":1,"href":"https:\/\/news.digitaltv.com.ar\/index.php?rest_route=\/wp\/v2\/posts\/10246\/revisions"}],"predecessor-version":[{"id":10248,"href":"https:\/\/news.digitaltv.com.ar\/index.php?rest_route=\/wp\/v2\/posts\/10246\/revisions\/10248"}],"wp:featuredmedia":[{"embeddable":true,"href":"https:\/\/news.digitaltv.com.ar\/index.php?rest_route=\/wp\/v2\/media\/10247"}],"wp:attachment":[{"href":"https:\/\/news.digitaltv.com.ar\/index.php?rest_route=%2Fwp%2Fv2%2Fmedia&parent=10246"}],"wp:term":[{"taxonomy":"category","embeddable":true,"href":"https:\/\/news.digitaltv.com.ar\/index.php?rest_route=%2Fwp%2Fv2%2Fcategories&post=10246"},{"taxonomy":"post_tag","embeddable":true,"href":"https:\/\/news.digitaltv.com.ar\/index.php?rest_route=%2Fwp%2Fv2%2Ftags&post=10246"}],"curies":[{"name":"wp","href":"https:\/\/api.w.org\/{rel}","templated":true}]}}