{"id":10355,"date":"2023-09-18T10:36:37","date_gmt":"2023-09-18T13:36:37","guid":{"rendered":"https:\/\/news.digitaltv.com.ar\/?p=10355"},"modified":"2023-09-19T10:41:06","modified_gmt":"2023-09-19T13:41:06","slug":"ganadores-y-perdedores-de-chaco-festejo-la-ucr-el-pj-toco-un-piso-historico-y-milei-sigue-sin-jugar","status":"publish","type":"post","link":"https:\/\/news.digitaltv.com.ar\/?p=10355","title":{"rendered":"GANADORES Y PERDEDORES DE CHACO, FESTEJ\u00d3 LA UCR, EL PJ TOC\u00d3 UN PISO HIST\u00d3RICO Y MILEI SIGUE SIN JUGAR"},"content":{"rendered":"\n<p>Zdero le dio al radicalismo la cuarta provincia y con Mendoza podr\u00edan ser cinco. Juntos por el Cambio llegar\u00eda a 10 si gana Entre R\u00edos. Al PJ puro s\u00f3lo le quedar\u00edan seis. La mirada de cuatro analistas sobre el impacto nacional del resultado.<\/p>\n\n\n\n<p>La victoria rotunda y en primera vuelta del radical<strong> Leandro Zdero <\/strong>en Chaco evidenci\u00f3 la reconfiguraci\u00f3n del mapa pol\u00edtico de la Argentina, cuando todav\u00eda resta por definir una elecci\u00f3n provincial y quedan cinco semanas para las presidenciales. Mientras<strong> Javier Milei,<\/strong> el inesperado ganador de las PASO, sigue ausente de las competencias locales,<a rel=\"noreferrer noopener\" href=\"https:\/\/www.infobae.com\/politica\/2023\/09\/18\/dura-derrota-de-capitanich-en-chaco-leandro-zdero-se-alzo-con-un-historico-triunfo-en-1-vuelta-y-sera-el-proximo-gobernador\/\" target=\"_blank\"> la oposici\u00f3n de Juntos por el Cambio<\/a> se encamina a ser la coalici\u00f3n con m\u00e1s gobernadores, y el PJ org\u00e1nico parece reducido a un piso hist\u00f3rico.<\/p>\n\n\n\n<p>El radicalismo sorprendi\u00f3 con una victoria en primera vuelta, que dej\u00f3 al partido con cuatro provincias y cerca de contar con cinco -si se impone en Mendoza, el pr\u00f3ximo domingo- mientras Juntos por el Cambio podr\u00eda sumar 10, si triunfa en Entre R\u00edos. En sentido contrario, Jorge Capitanich <a rel=\"noreferrer noopener\" href=\"https:\/\/www.infobae.com\/politica\/2023\/09\/18\/con-chaco-el-peronismo-sumo-la-sexta-derrota-y-se-achica-su-poder-territorial\/\" target=\"_blank\">sum\u00f3 la sexta derrota para el peronismo<\/a>, despu\u00e9s de Santa Fe, Santa Cruz, San Juan, Chubut y San Luis.<\/p>\n\n\n\n<p>M\u00e1s all\u00e1 de que el \u201cpanperonismo\u201d cuenta como propias 11 provincias, lo cierto es que el PJ \u201corg\u00e1nico\u201d gobierna <strong>Buenos Aires<\/strong> (las encuestas indican que volver\u00eda a ganar en octubre), <strong>Tucum\u00e1n, La Rioja, Catamarca, Formosa <\/strong>y <strong>La Pampa.<\/strong> En <strong>Salta <\/strong>se impuso una coalici\u00f3n variopinta que lidera Gustavo S\u00e1enz; en <strong>Misiones <\/strong>gan\u00f3 Hugo Passalacqua, que responde al permanente Carlos Rovira; en <strong>Santiago del Estero<\/strong>, Gerardo Zamora encabeza el Frente C\u00edvico; en <strong>R\u00edo Negro<\/strong> triunf\u00f3 Alberto Weretilneck con su partido provincial; y en <strong>Tierra del Fuego<\/strong>, Gustavo Melella, festej\u00f3 con la alianza Forja Unidos Hacemos Futuro.<\/p>\n\n\n\n<p>En C\u00f3rdoba, gan\u00f3 <strong>Mart\u00edn Llaryora<\/strong>, que no reconoce la conducci\u00f3n del PJ que preside Alberto Fern\u00e1ndez; en Santa Cruz se impuso el sindicalista <strong>Claudio Vidal<\/strong>, y en Neuqu\u00e9n, <strong>Rolo Figueroa<\/strong>, ex MPN. Chubut, San Luis y San Juan quedaron en manos de Juntos por el Cambio, con alianzas m\u00e1s identificadas con el PRO, que ya gobierna la ciudad de Buenos Aires (CABA).<\/p>\n\n\n\n<p>As\u00ed, por primera vez en 40 a\u00f1os de democracia, el peronismo s\u00f3lo tendr\u00eda entre seis y siete provincias -depende el resultado de Entre R\u00edos-; el radicalismo cinco; coaliciones identificados con el PRO entre cuatro y cinco, y otras ocho provincias ser\u00edan gobernadas por representaciones provinciales de diverso origen partidario. Se trata de un tablero que, de todos modos, se ver\u00eda afectado de manera profunda si llegara a ganar las presidenciales Milei. Es que Ni Juntos por el Cambio ni Uni\u00f3n por la Patria continuar\u00edan tal y como se las conoce hoy.<\/p>\n\n\n\n<p>Pero m\u00e1s all\u00e1 de este mapa fr\u00e1gil y provisorio, las elecciones en Chaco tuvieron causas y consecuencias que es pertinente poner bajo an\u00e1lisis. Para eso, <strong>Infobae <\/strong>convoc\u00f3 a la directora de la consultora en opini\u00f3n p\u00fablica y comunicaci\u00f3n TresPuntoZero, <strong>Shila Vilker<\/strong>, el titular de Opina Argentina, <strong>Facundo Nejamkis<\/strong>, <strong>Augusto Reina<\/strong>, consultor pol\u00edtico y director de PulsAr, y el analista de Politikon Chaco, <strong>Alejandro Pegoraro<\/strong>.<\/p>\n\n\n\n<p>Desde el conocimiento del territorio, Pegoraro describi\u00f3 como \u201csorpresivo\u201d el resultado, debido a que \u201cla expectativa era que ganara Zdero, pero con un escenario de balotaje\u201d. Seg\u00fan describi\u00f3, la performance que obtuvo el dirigente radical en Resistencia y en S\u00e1enz Pe\u00f1a, las dos principales ciudades de la provincia, y en otras como Charata y Villa \u00c1ngela, le dieron sustento a la victoria.<\/p>\n\n\n\n<p>\u201cSi bien hubo una recuperaci\u00f3n del oficialismo, al contrario a lo que se cre\u00eda, Zdero creci\u00f3 m\u00e1s que Capitanich. De 42 puntos que sac\u00f3 en las PASO, no s\u00f3lo retuvo la totalidad de los votos del candidato al que le gan\u00f3 la interna, Juan Carlos Polini, sino que tambi\u00e9n creci\u00f3 en varias localidades. Y con el aumento de la participaci\u00f3n, gran parte de los nuevos votantes -que se cre\u00eda que pod\u00edan ir al oficialismo- fueron canalizados por Zdero. Eso permiti\u00f3 crecer esa base electoral de 42 puntos y superar el 46%\u2033, describi\u00f3 el director de Politikon Chaco.<\/p>\n\n\n\n<p>Vilker consider\u00f3 que el resultado de Chaco mostr\u00f3 la escena de un balotaje adelantado, debido a que los dos candidatos de las principales fuerzas pol\u00edticas en competencia cosecharon casi 9 de cada 10 votos. Esa situaci\u00f3n ocurri\u00f3 en medio \u201cun clima de cambio, que estuvo en San Luis, San Juan, en Santa Fe, Santa Cruz y Chubut\u201d.<\/p>\n\n\n\n<p>De todos modos, resalt\u00f3 que en Chaco se dio una elecci\u00f3n donde Zdero gan\u00f3 en primera vuelta por poco m\u00e1s de un punto y medio y Capitanich termin\u00f3 haciendo una elecci\u00f3n de m\u00e1s de 40 puntos. \u201cCon todo lo que pas\u00f3 en Chaco, no es para nada una mala elecci\u00f3n\u201d del oficialismo, dijo.<\/p>\n\n\n\n<p>\u201cEl electorado aceler\u00f3 la decisi\u00f3n. M\u00e1s all\u00e1 de que se ten\u00edan que definir c\u00e1maras legislativas, concejos deliberantes e intendentes, la ciudadan\u00eda anticip\u00f3 la decisi\u00f3n y liquid\u00f3 todo en primera vuelta. Es un comportamiento electoral que puede ser trasladable a las generales nacionales si se da una disoluci\u00f3n de otras fuerzas en competencia. A nivel nacional los tercios est\u00e1n muy parejos y eso dificulta definir qui\u00e9nes de los tres va a quedar en el camino y qui\u00e9nes ser\u00e1n los dos que pasen a la segunda vuelta\u201d, explic\u00f3 Vilker.<\/p>\n\n\n\n<p>Por su parte, Facundo Nejamkis describi\u00f3 tres fen\u00f3menos superpuestos que explican, a su juicio, el resultado en Chaco. \u201cHay una circunstancia particular de la provincia, que es muy dif\u00edcil de dimensionar el impacto que tuvo sobre el resultado final, que es, por un lado, el desgaste de muchos a\u00f1os del ciclo Capitanich, y la coronaci\u00f3n de ese ciclo con el crimen en el que est\u00e1 involucrado la familia de Emerenciano Sena\u201d.<\/p>\n\n\n\n<p>\u201cA eso se le agrega un fen\u00f3meno que no puede ser s\u00f3lo circunscrito a la provincia, que tiene que ver con los recambios ya en varias provincias de gobiernos peronistas de muchos a\u00f1os. Hay un cambio hist\u00f3rico en la cantidad de gobernaciones que tiene el peronismo, que es un fen\u00f3meno que habla de una crisis m\u00e1s sist\u00e9mica de ese espacio como fuerza con capacidad de representaci\u00f3n de la mayor\u00eda\u201d, indic\u00f3 el director de Opina Argentina.<\/p>\n\n\n\n<p>Augusto Reina resalt\u00f3, por su parte, que la derrota del peronismo en Chaco ratifica un panorama pol\u00edtico in\u00e9dito, donde no hay fuerzas pol\u00edticas que generen una nueva concentraci\u00f3n de poder. El analista de PulsAr resalt\u00f3 que con las elecciones que se dieron hasta hoy, hay cinco o seis provincias que no responden a ning\u00fan liderazgo nacional y que son partidos del poder -que se pueden relacionar sin problemas con Juntos por el Cambio o con otro oficialismo- diez que son de JxC y hay otras cinco o seis que son del peronismo. \u201cY en este escenario es que aparece Javier Milei\u201d, como potencia presidente, destac\u00f3.<\/p>\n\n\n\n<p>Como ocurri\u00f3 con el asesinato de Mar\u00eda Soledad Morales en la Catamarca de 1990, el femicidio de Cecilia Strzyzowski -que involucr\u00f3 a una familia del poder de la provincia- tuvo un fuerte impacto en la pol\u00edtica de Chaco y los analistas discuten cu\u00e1nta gravitaci\u00f3n realmente ejerci\u00f3 en la derrota de Jorge Milton Capitanich.<\/p>\n\n\n\n<p>La perspectiva de Pegoraro es que el gobernador tuvo un impacto inicial en su imagen que se tradujo en los n\u00fameros de la PASO. Si bien para \u00e9l ese da\u00f1o no se acrecent\u00f3 en las generales, s\u00ed qued\u00f3 claro que no pudo revertirlo de todo. \u201cEl tema sali\u00f3 de la agenda p\u00fablica y no fue un motivo de campa\u00f1a en estas \u00faltimas semanas. La erosi\u00f3n que hizo el caso sobre la base electoral de Capitanich ya se sinti\u00f3 en las PASO. En aquel momento se manifest\u00f3 m\u00e1s en el voto en blanco, que en el voto opositor a Capitanich\u201d, describi\u00f3 el director de Politikon Chaco.<\/p>\n\n\n\n<p>Sin embargo, subray\u00f3 que Capitanich \u201ccreci\u00f3 igualmente en su voto, ya que pas\u00f3 de 36% a m\u00e1s de 40%, por lo que no creemos que esto haya sido un factor principal en la derrota. Secuelas quedaron, pero no fue el factor predominante. No hay que minimizar el desgaste que ya ven\u00eda trayendo el gobernador\u201d.<\/p>\n\n\n\n<p>En este mismo sentido, Augusto Reina consider\u00f3 que la derrota no se explica por el crimen de Cecilia, sino que viene de un clima nacional. \u201cNo creo que haya tanta coyuntura en el 46 a 40. El peronismo a nivel nacional est\u00e1 teniendo dificultades para llegar al 40%. Y de hecho esta es una elecci\u00f3n que tiene mejores n\u00fameros que los de Massa\u201d.<\/p>\n\n\n\n<p>\u201cPuede haber impactado algo el crimen, pero es menor a los fines del resultado. Es m\u00e1s importante el desgaste de tantos a\u00f1os de gesti\u00f3n, porque de una u otra forma, Capitanich ven\u00eda teniendo la centralidad p\u00fablica de Chaco desde 2007, y eso es genera un desgaste p\u00fablico inexorable\u201d.<\/p>\n\n\n\n<p>Para Shila Vilker, \u201cla campa\u00f1a estuvo totalmente atravesada por este hecho aberrante\u201d y si bien destac\u00f3 que \u201cinstitucionalmente pudo haber tenido Capitanich un comportamiento correcto -con los responsables presos y el hecho en v\u00edas de ser esclarecido- el crimen afect\u00f3 su imagen. Esto, m\u00e1s el clima de cambio es un poco el combo de este resultado.<\/p>\n\n\n\n<p>En todos los casos, la coincidencia de los analistas es que Capitanich cay\u00f3 como parte de una secuencia de debilitamiento general del peronismo, donde se conjugan largos a\u00f1os de poder, un gobierno nacional con prestaciones negativas y la irrupci\u00f3n de Javier Milei que convoc\u00f3 a parte de un electorado cautivo.<\/p>\n\n\n\n<p>En este sentido, Shila Vilker destac\u00f3 el concepto del clima de cambio que doblega sobre todo al PJ, una fuerza que hace m\u00e1s de 21 a\u00f1os que ocupa la centralidad pol\u00edtica nacional. \u201cLa gran inc\u00f3gnita es c\u00f3mo desmarcarse de este clima cambista, que le arrebat\u00f3 al peronismo tantas provincias y lo dej\u00f3 en una situaci\u00f3n de paridad, con un piso inesperado en las primarias\u201d, afirm\u00f3.<\/p>\n\n\n\n<p>Y agreg\u00f3 que \u201cuno de cada cuatro electores de Uni\u00f3n por la Patria dicen que quieren cambio, con lo cual hay algo que el candidato Sergio Massa tiene que expresar\u201d para evitar que la declinaci\u00f3n del peronismo lo arrastre.<\/p>\n\n\n\n<p>Para Nejamkis el peronismo enfrenta una crisis general que si bien tiene explicaciones locales muy puntuales, en general se repiten fen\u00f3menos de gobiernos subnacionales que ven agotados largos ciclos pol\u00edticos. \u201cEl agotamiento del ciclo peronista despu\u00e9s de la presidencia de Alberto Fern\u00e1ndez se expresa a nivel provincial en una alternancia en gobernaciones con Juntos por el Cambio, y a nivel nacional con un nuevo desafiante, que es Milei\u201d, advirti\u00f3 el director de Opina Argentina.<\/p>\n\n\n\n<p>Para el analista, la sexta ca\u00edda de un gobierno peronista muestra \u201cuna etapa de agotamiento, que no quiere decir que se muri\u00f3 el peronismo, ni que se termin\u00f3 el peronismo, pero que no sabemos en qu\u00e9 va a derivar eso. A eso se suma que el peronismo sali\u00f3 tercero en la elecci\u00f3n nacional. El impacto que ha tenido el ciclo de Alberto Fern\u00e1ndez sobre el peronismo en su conjunto es muy fuerte\u201d.<\/p>\n\n\n\n<p>\u201cHay una crisis del peronismo, que perdi\u00f3 provincias como nunca. Ahora no veo que los votos que obtiene Juntos por el Cambio a nivel provincial despu\u00e9s se traduzcan de manera directa a nivel nacional. No veo que Juntos por el Cambio saque 60 puntos en Santa Fe. No veo que en Chaco Juntos para Cambio saque 50 puntos. No veo ning\u00fan indicio para pensar que en esta elecci\u00f3n, a diferencia de la primaria, s\u00ed vaya a suceder eso\u201d, aclar\u00f3.<\/p>\n\n\n\n<p>Nejamkis tambi\u00e9n asegur\u00f3 que en esta \u00faltima elecci\u00f3n volvi\u00f3 a verse \u201cgobiernos que no satisfacen a la sociedad, aparatos provinciales muy desgastados y maquinarias que ya son obsoletas. En muchas provincias el aparato provincial o la figura provinciales no pudieron ser inmunes al impacto de los cuatro a\u00f1os de gobierno\u201d de Alberto Fern\u00e1ndez y Cristina Kirchner.<\/p>\n\n\n\n<p>Para Augusto Reina, la sexta elecci\u00f3n que pierde el peronismo, \u201ces la demostraci\u00f3n de una debacle interna\u201d. Y alert\u00f3 que desde el 2001 que no se encuentra una secuencia de derrotas consecutivas en la previa a una elecci\u00f3n nacional ejecutiva. Desde esa \u00e9poca es que el peronismo no se queda con tan pocos gobernadores.<\/p>\n\n\n\n<p>Para el director de PulsAr, \u201cantes hab\u00eda una l\u00f3gica bipolar entre peronismo y radicalismo o Juntos con el Cambio-Peronismo. El que ganaba se ve\u00eda as\u00ed mismo como el que restauraba el poder que hab\u00eda perdido cuatro a\u00f1os antes o m\u00e1s y as\u00ed sucesivamente. Pero cuando lo ves ahora en tres partes, no es m\u00e1s restauraci\u00f3n, es la desintegraci\u00f3n de un poder\u201d.<\/p>\n\n\n\n<p>Reina describi\u00f3 que con la derrota de Capitanich el peronismo no lograr\u00e1 tener una liga de gobernadores lo suficientemente fuerte para condicionar a un futuro gobierno que provenga de la actual oposici\u00f3n. Y que ser\u00e1 incluso un factor positivo si el que accede a la Presidencia es Milei. \u201cA \u00e9l le conviene una liga de gobernadores d\u00e9biles, porque no va a tener ning\u00fan poder aglutinante enfrente que haga de contralor. Si tuviera ocho, diez o doce provincias del peronismo, sin mayor\u00eda en el Legislativo y ni el Senado, ser\u00eda distinto\u201d, afirm\u00f3,<\/p>\n\n\n\n<p>\u201cEsta fragmentaci\u00f3n del poder provincial, es parte de la nueva Argentina. Para un Milei, lo dif\u00edcil es tener enfrente 12 o 13 gobernadores, es decir la mayor\u00eda, que digan no. No para hacer un acuerdo federal, no a los blindajes, no a cualquier acuerdo de coparticipaci\u00f3n\u201d, resalt\u00f3.<\/p>\n\n\n\n<p>Como ocurri\u00f3 en cada una de las 17 elecciones provinciales donde se definieron gobernadores, los candidatos identificados con Javier Milei no resultaron competitivos ni se \u201ccontagiaron\u201d de la fortaleza pol\u00edtica ni la centralidad que ostenta el candidato libertario.<\/p>\n\n\n\n<p>Alejandro Pegoraro resalt\u00f3 que en el oficialismo antes de la elecci\u00f3n \u201chab\u00eda cierto temor de que el crecimiento de los libertarios se explique por fuga de votos que eran de Zdero al candidato de Milei por una cuesti\u00f3n antiperonista y antikirchnerista. Pero no pas\u00f3 eso, no movi\u00f3 el amper\u00edmetro para nada\u201d.<\/p>\n\n\n\n<p>Para Facundo Nejamkis \u201cparte de lo novedoso que tiene votar a un fen\u00f3meno como Milei es que el votante elige a Javier Milei, no vota a una identidad pol\u00edtica. No es que el 30% coincide con Milei, que se define como anarco capitalista. Esa elecci\u00f3n no indica que el 30% de la Argentina se defini\u00f3 como anarco capitalista, para llevarlo a un extremo\u201d.<\/p>\n\n\n\n<p>\u201cNo hay una identidad pol\u00edtica construida alrededor de Milei. Es un fen\u00f3meno que tampoco tiene todos signos negativos. No es que todos lo votan por bronca. Muchos votan por bronca y otros porque tienen la esperanza de que Milei les resuelva los problemas que los pol\u00edticos hasta ahora no resolvieron. Ahora no es trasladable, no es que aparece cualquiera en una provincia, usa la marca de La Libertad Avanza y eso se traslada, porque esa identificaci\u00f3n es una identificaci\u00f3n entre los votantes y Milei y nadie m\u00e1s\u201d, describi\u00f3.<\/p>\n\n\n\n<p>Para el director de Opina Argentina, \u201cla aparici\u00f3n de Milei en el escenario nacional es un desaf\u00edo para el peronismo. Es una fuerza en t\u00e9rminos ideol\u00f3gicos de derecha, pero que obtiene sus votos tambi\u00e9n del electorado peronista. Milei es un centro extremo: sus posturas son extremas, rupturistas y muy radicalizadas, pero la realidad es que su caudal electoral se nutre de las dos fuerzas pol\u00edticas\u201d.<\/p>\n\n\n\n<p>\u201cCuando ves socio demogr\u00e1ficamente la distribuci\u00f3n del voto de Milei, c\u00f3mo se distribuye, tiene voto en el conurbano bonaerense que proviene del peronismo, en las provincias del norte, que provienen del peronismo, en el sur que provienen del peronismo. Ahora tambi\u00e9n en C\u00f3rdoba, quienes lo eligen provienen de un voto de Juntos por el Cambio\u201d, complet\u00f3.<\/p>\n\n\n\n<p>Shila Vilker, a su turno, manifest\u00f3: \u201cUna vez m\u00e1s vemos que el fen\u00f3meno Milei no tiene impacto local. Alfredo <em>Capi<\/em> Rodr\u00edguez sac\u00f3 poco m\u00e1s de tres puntos, menos de un punto arriba de lo que hab\u00eda sacado en las primarias, cuando en el medio estuvo la elecci\u00f3n arrasadora de Milei. El resultado de Milei se derrama cero a los candidatos que se identifican con \u00e9l. Y se confirm\u00f3 incluso este domingo, cuando pas\u00f3 la victoria de los libertarios en las primarias\u201d.<\/p>\n\n\n\n<p>Para Augusto Reina, La Libertad Avanza expresa el enojo nacional y le cuesta capitalizar las frustraciones provinciales. \u201cAc\u00e1 hay una figura carism\u00e1tica, que es Javier Milei, que logra ser el veh\u00edculo de la bronca nacional. Sus candidatos no lo logran hacer, porque no lo interpretan ni cerca\u201d.<\/p>\n\n\n\n<p>\u201cLo que se manifiesta en las elecciones provinciales son cuestiones muy diferentes y esa es un poco la expectativa de cara a octubre de la mayor\u00eda de los partidos. Que las PASO hayan sido una forma de expresar el enojo y en octubre, cuando hay que definir ejecuci\u00f3n, eficiencia, gesti\u00f3n la cabeza del votante va a cambiar. Eso es lo que piensan, m\u00e1s all\u00e1 de que no est\u00e9 yo tan seguro\u201d, consider\u00f3.<\/p>\n\n\n\n<p>Para el consultor pol\u00edtico, una causa de esa disociaci\u00f3n entre lo que obtiene Milei y los que se identifican con \u00e9l es que clima que define las elecciones provinciales es bastante diferente a lo nacional. \u201cEn lo nacional es un clima de cansancio con la pol\u00edtica, de agotamiento con la situaci\u00f3n econ\u00f3mica. Ahora en las elecciones provinciales es mucho m\u00e1s pr\u00f3ximo, es la soluci\u00f3n de problemas que tienen m\u00e1s cercan\u00eda\u201d, consider\u00f3.<\/p>\n\n\n\n<p>\u201cEn las provincias, cuando se hacen encuestas y se le pregunta a la gente <em>\u00bfsi usted tuviera un problema en su municipio, qui\u00e9n cree que tendr\u00eda que resolverlo?<\/em>, en las provincias responden en primer lugar el gobierno municipal, segundo el gobierno provincial, y tercero la Naci\u00f3n. Cuando se pregunta eso en la Ciudad de Buenos Aires es al rev\u00e9s, en primer lugar est\u00e1 el gobierno nacional, porque as\u00ed piensa el porte\u00f1o. La centralidad, lo palpable que se hace el poder provincial en el interior es mucho mayor que lo que ocurre con el porte\u00f1o\u201d, indic\u00f3 Reina.<\/p>\n\n\n\n<h2 class=\"wp-block-heading\">\u00bfPodr\u00e1 capitalizarlo Juntos por el Cambio?<\/h2>\n\n\n\n<p>Shila Vilker destac\u00f3 que el resultado de Zdero abre un interrogante t\u00edpico de este caso: \u00bfpodr\u00e1 Patricia Bullrich como candidata presidencial de Juntos por el Cambio retener y hacer propios los votos del gobernador electo?<\/p>\n\n\n\n<p>\u201cEn la disputa de Horacio Rodr\u00edguez Larreta contra Patricia Bullrich hubo una serie de triunfos de candidatos a gobernadores a los que \u00e9l hab\u00eda acompa\u00f1ado muy activamente, como San Luis, Chubut, San Juan, Santa Fe. Pero el triunfo provincial impact\u00f3 bastante poco. Patricia Bullrich necesita hoy cualquier noticia positiva para poner en valor y esto le viene como anillo al dedo porque est\u00e1 en una situaci\u00f3n complicada\u201d, consider\u00f3.<\/p>\n\n\n\n<p>Y ampli\u00f3: \u201cLa pregunta es si eso rinde electoralmente de cara a la elecci\u00f3n nacional. Porque es muy probable que vos tengas en el voto a Leandro Zdero un voto opositor que quiz\u00e1 tenga preferencia por Milei. En las PASO, La Libertad Avanza sac\u00f3 en Chaco 29 puntos\u201d.<\/p>\n\n\n\n<p>Facundo Nejamkis destac\u00f3 que \u201ca pesar de que Juntos por el Cambio muestra signos de agotamiento a nivel nacional, hay en simult\u00e1neo algunos signos de fortaleza, sobre todo del radicalismo, con triunfos provinciales. En algunos casos, el electorado confirma los liderazgos provinciales, y en otros, quiz\u00e1s como nunca antes, muchos liderazgos provinciales muestran signos de agotamiento y muchas fuerzas, muestran signos de agotamiento despu\u00e9s de ciclos largos de gobierno\u201d.<\/p>\n\n\n\n<p>\u201cChaco es un ejemplo. San Luis es otro ejemplo. Neuqu\u00e9n tambi\u00e9n es otro ejemplo, a pesar de que gan\u00f3 Rolo Figueroa, que es una escisi\u00f3n del Movimiento Popular Neuquino, Chubut. El cansancio con la pol\u00edtica en general se puede manifestar de un color pol\u00edtico a nivel provincial y de otro signo a nivel nacional. Hasta ahora no vi ning\u00fan indicio de que esto es un re fortalecimiento de Juntos por el Cambio a nivel nacional\u201d, indic\u00f3.<\/p>\n\n\n\n<p>Para Nejamkis, es incierto que se pueda trasladar esos triunfos a futuros triunfos de Juntos por el Cambio en esas provincias. \u201cLe sirve a Juntos por el Cambio y lo pueden usar como una muestra de la capacidad de gobernabilidad a futuro. Pero la sociedad est\u00e1 muy aut\u00f3noma en sus decisiones, muy libre de las estructuras pol\u00edticas y puede votar una cosa a nivel subnacional y una muy distinta cuando vota elecciones presidenciales\u201d.<\/p>\n\n\n\n<p>Para Augusto Reina, \u201ces muy dif\u00edcil extrapolar los resultados provinciales a lo nacional. Todo indicar\u00eda que esto es auspicioso para Juntos por el Cambio, pero despu\u00e9s sabemos que en distintas provincias no termina sucediendo\u201d.<\/p>\n\n\n\n<p>\u201cLo que s\u00ed muestra a los fines de la campa\u00f1a, y lo pienso como consultor pol\u00edtico, es d\u00f3nde hay potenciales votantes de tu espacio que no te eligieron en agosto. Hay un trabajo muy claro para las campa\u00f1as. En algunos distritos o partidos, Juntos por el Cambio en agosto sac\u00f3 25, 28% y ahora sac\u00f3 40% a 42%. Ah\u00ed hay un cruce muy claro para analizar, un camino, una trayectoria para tejer. Las campa\u00f1as van a estar mirando eso\u201d, explic\u00f3.<\/p>\n\n\n\n<p>Y complet\u00f3, al se\u00f1alar que en el caso de Juntos por el Cambio lo que podr\u00eda sumar \u201ces un porcentaje mucho m\u00e1s grande, mientras que en l caso de Uni\u00f3n por la Patria son cinco puntos. La elecci\u00f3n que viene es ver qui\u00e9n saca 31%, tanto Juntos por el Cambio como Uni\u00f3n por la Patria\u201d.<\/p>\n\n\n\n<p>El desaf\u00edo de Massa<\/p>\n\n\n\n<p>El tercer protagonista de la pelea nacional y que el 13 de agosto gan\u00f3 en Chaco es el candidato de Uni\u00f3n por la Patria, Sergio Massa. La directora de TresPuntoZero destac\u00f3 que la performance que tuvo el ministro de Econom\u00eda fue buena porque sali\u00f3 primero y estuvo bastante por encima de la media nacional. Y que tiene a favor que los votos del peronismo en Chaco no se dividen, a diferencia de lo que ocurre con la oposici\u00f3n, que tiene dos ofertas, Milei y Bullrich. \u201cLo que vemos en los relevamientos es que los rendimientos del oficialismo en las Primarias constituyen un piso, no un techo -aunque es cierto que piso y techo est\u00e1n muy cerca- pero son un piso. Lo que cabr\u00eda esperar es un rendimiento igual o superior en las generales\u201d, afirm\u00f3.<\/p>\n\n\n\n<p>Facundo Nejamkis por su parte, resalt\u00f3 que en t\u00e9rminos objetivos, a ning\u00fan candidato del peronismo le conviene que al peronismo le vaya mal en una elecci\u00f3n provincial. \u201cCon la misma frialdad con que decimos que Juntos por el Cambio no puede leer esto como un apoyo a nivel nacional, tampoco Massa tiene necesariamente que verlo como algo negativo a nivel nacional\u201d, asegur\u00f3.<\/p>\n\n\n\n<p>\u201cEl resultado a nivel nacional es otro, porque la configuraci\u00f3n de las fuerzas pol\u00edticas es otra y porque el centro gravitatorio de la pol\u00edtica, a diferencia del Chaco, en esta regi\u00f3n donde seguramente las preferencias electorales se ordenaron alrededor de Jorge Capitanich -de que siga o no siga Jorge Capitanich- y gan\u00f3 que no siga, a nivel nacional lo m\u00e1s probable es que veamos que las preferencias electorales se ordenen alrededor de Javier Milei\u201d, explic\u00f3.<\/p>\n\n\n\n<p>De todos modos, advirti\u00f3 que para el candidato del peronismo con chances de ganar, como pareciera todav\u00eda tener Sergio Massa, \u201ces preocupante un peronismo que va perdiendo seis gobernaciones en lo que va del proceso electoral, porque habla de un peronismo que est\u00e1 d\u00e9bil. No es el peronismo que era esa maquinaria de ganar elecciones provinciales a\u00fan cuando las separa\u201d.<\/p>\n\n\n\n<p>Finalmente, Augusto Reina alert\u00f3 que \u201ces dif\u00edcil pensar la campa\u00f1a de Uni\u00f3n por la Patria con la secuencia de eventos que vienen sucediendo: inflaci\u00f3n a 12%, d\u00f3lar, la derrota de Santa Fe, la derrota de Chaco. Est\u00e1 claro que para el clima de opini\u00f3n p\u00fablica los resultados en las provincias influyen muy poco pero s\u00ed influyen en los \u00e1nimos internos de los de los equipos de los pol\u00edticos\u201d.<\/p>\n\n\n\n<p>Y consider\u00f3 que Capitanich mejor\u00f3 la performance de Massa y eso le muestra el camino potencial sobre qu\u00e9 tipo de pasto hay que pisar para subir cuatro puntos en Chaco. Hay un camino posible, una l\u00ednea y un camino que marca Capitanich, que le allana de cara a octubre para subir cuatro puntos\u201d.<\/p>\n","protected":false},"excerpt":{"rendered":"<p>Zdero le dio al radicalismo la cuarta provincia y con Mendoza podr\u00edan ser cinco. Juntos por el Cambio llegar\u00eda a 10 si gana Entre R\u00edos. Al PJ puro s\u00f3lo le quedar\u00edan seis. La mirada de cuatro analistas sobre el impacto nacional del resultado. La victoria rotunda y en primera vuelta del radical Leandro Zdero en [&hellip;]<\/p>\n","protected":false},"author":1,"featured_media":10356,"comment_status":"open","ping_status":"open","sticky":false,"template":"","format":"standard","meta":{"_monsterinsights_skip_tracking":false,"_monsterinsights_sitenote_active":false,"_monsterinsights_sitenote_note":"","_monsterinsights_sitenote_category":0,"footnotes":""},"categories":[6],"tags":[160],"class_list":["post-10355","post","type-post","status-publish","format-standard","has-post-thumbnail","hentry","category-politica","tag-160"],"_links":{"self":[{"href":"https:\/\/news.digitaltv.com.ar\/index.php?rest_route=\/wp\/v2\/posts\/10355","targetHints":{"allow":["GET"]}}],"collection":[{"href":"https:\/\/news.digitaltv.com.ar\/index.php?rest_route=\/wp\/v2\/posts"}],"about":[{"href":"https:\/\/news.digitaltv.com.ar\/index.php?rest_route=\/wp\/v2\/types\/post"}],"author":[{"embeddable":true,"href":"https:\/\/news.digitaltv.com.ar\/index.php?rest_route=\/wp\/v2\/users\/1"}],"replies":[{"embeddable":true,"href":"https:\/\/news.digitaltv.com.ar\/index.php?rest_route=%2Fwp%2Fv2%2Fcomments&post=10355"}],"version-history":[{"count":1,"href":"https:\/\/news.digitaltv.com.ar\/index.php?rest_route=\/wp\/v2\/posts\/10355\/revisions"}],"predecessor-version":[{"id":10357,"href":"https:\/\/news.digitaltv.com.ar\/index.php?rest_route=\/wp\/v2\/posts\/10355\/revisions\/10357"}],"wp:featuredmedia":[{"embeddable":true,"href":"https:\/\/news.digitaltv.com.ar\/index.php?rest_route=\/wp\/v2\/media\/10356"}],"wp:attachment":[{"href":"https:\/\/news.digitaltv.com.ar\/index.php?rest_route=%2Fwp%2Fv2%2Fmedia&parent=10355"}],"wp:term":[{"taxonomy":"category","embeddable":true,"href":"https:\/\/news.digitaltv.com.ar\/index.php?rest_route=%2Fwp%2Fv2%2Fcategories&post=10355"},{"taxonomy":"post_tag","embeddable":true,"href":"https:\/\/news.digitaltv.com.ar\/index.php?rest_route=%2Fwp%2Fv2%2Ftags&post=10355"}],"curies":[{"name":"wp","href":"https:\/\/api.w.org\/{rel}","templated":true}]}}