{"id":1037,"date":"2022-03-21T22:10:15","date_gmt":"2022-03-22T01:10:15","guid":{"rendered":"https:\/\/wp.digitaltv.com.ar\/?p=1037"},"modified":"2022-03-22T08:19:38","modified_gmt":"2022-03-22T11:19:38","slug":"hermana-solta-la-panza-una-muestra-fotografica-que-derriba-estereotipos-y-prejuicios","status":"publish","type":"post","link":"https:\/\/news.digitaltv.com.ar\/?p=1037","title":{"rendered":"&#8220;Hermana, solt\u00e1 la panza&#8221;, una muestra fotogr\u00e1fica que derriba estereotipos y prejuicios"},"content":{"rendered":"\n<h2 class=\"wp-block-heading\">(Por Leila Torres) \u00bfQu\u00e9 pasa cuando liber\u00e1s la panza? \u00bfQu\u00e9 te dec\u00eds cuando te mir\u00e1s al espejo? \u00bfC\u00f3mo aprendiste que tener panza est\u00e1 mal?, son algunas de las preguntas que articulan el recorrido por &#8220;Hermana, solt\u00e1 la panza&#8221;, una muestra reci\u00e9n inaugurada en el Centro Cultural Recoleta que forma parte de una campa\u00f1a creada por el colectivo Mujeres que no fueron tapa (Mqnft) e invita a reflexionar sobre la diversidad de los cuerpos, a la vez que critica los estereotipos de belleza y g\u00e9nero impuestos socialmente.<\/h2>\n\n\n\n<p>&#8220;Uno de los objetivos de la muestra era salir de la virtualidad y que estas im\u00e1genes pasaran al espacio p\u00fablico, a la pared, para generar otras miradas sobre la circulaci\u00f3n del cuerpo. No son lo mismo las im\u00e1genes que ves scrolleando que las que te impactan en el tr\u00e1nsito, en la calle, en las publicidades que vemos cuando vamos en el auto&#8221;, explica Lala Pasquinelli, artista, fundadora del movimiento Mujeres que no fueron tapa y organizadora de la muestra, que permanecer\u00e1 abierta hasta mayo.<\/p>\n\n\n\n<p>La exposici\u00f3n que se despliega en el Recoleta articula fotograf\u00edas, textos y audios de mujeres que ense\u00f1an su panza y relatan historias sobre esa regi\u00f3n de la anatom\u00eda sobre la que pesa un imperativo disciplinador seg\u00fan el cual solo un abdomen chato es sin\u00f3nimo de belleza. &#8220;Esos audios son el 50% de la muestra -detalla la artista a T\u00e9lam-. Lo que intentamos hacer es construir desde abajo y colectivamente pedagog\u00edas de cuidado, de la amorosidad, de hackeo de los discursos que nos vienen da\u00f1ando y construir nuevos discursos&#8221;.<\/p>\n\n\n\n<p>Las fotograf\u00edas se acumulan unas junto a otras de manera repetitiva a partir de la t\u00e9cnica llamada &#8220;damero&#8221;, que permite colocar im\u00e1genes en una disposici\u00f3n similar a un tablero de ajedrez. El damero tiene una presencia recurrente en diferentes movimientos de vanguardias art\u00edsticas y seg\u00fan la disposici\u00f3n de las im\u00e1genes, su repetici\u00f3n tiene efectos visuales diferentes. Se pueden formar distintas figuras. Sin embargo, el objetivo principal de la muestra no era tanto el efecto visual sino m\u00e1s bien &#8220;que las mujeres se encuentren con las im\u00e1genes de cuerpos que &#8216;se nos parecen, que son como el de todas'&#8221;, relata Pasquinelli.<\/p>\n\n\n\n<p>&#8220;Pero esos cuerpos son invisibles para nosotras -advierte la activista-. Son los cuerpos de todas las mujeres que tenemos alrededor pero no los vemos porque nuestro ideal de representaci\u00f3n est\u00e1 tan construido por esos estereotipos que no se nos parecen y por estas identidades que nos resultan inalcanzables, que ni siquiera podemos percibirnos y mirarnos a nosotras como dentro de lo posible&#8221;.<\/p>\n\n\n\n<p>Luis Gimelli, que trabaj\u00f3 en &#8220;una especie de co-curadur\u00eda junto con Pasquinelli y Paula Bizzio&#8221;, se\u00f1ala que &#8220;de alguna manera, lo que se expone es lo que a todos nos atormenta en la vida y lo que menos queremos mostrar: nuestras panzas. Cuando la pens\u00e9 dije \u00b4bueno, si eso va a estar tiene que ser una muestra muy emp\u00e1tica pero no por eso dejar de lado una postura muy cr\u00edtica con respecto a la idea de cuerpo hegem\u00f3nico que nos ha torturado toda la vida\u00b4&#8221;, indica Gimelli, quien define al proceso creativo detr\u00e1s de la muestra como muy &#8220;feliz&#8221;.<\/p>\n\n\n\n<figure class=\"wp-block-image size-large\"><img loading=\"lazy\" decoding=\"async\" width=\"1024\" height=\"768\" src=\"https:\/\/wp.digitaltv.com.ar\/wp-content\/uploads\/2022\/03\/solta-la-panza-1024x768.webp\" alt=\"\" class=\"wp-image-1039\" srcset=\"https:\/\/news.digitaltv.com.ar\/wp-content\/uploads\/2022\/03\/solta-la-panza-1024x768.webp 1024w, https:\/\/news.digitaltv.com.ar\/wp-content\/uploads\/2022\/03\/solta-la-panza-300x225.webp 300w, https:\/\/news.digitaltv.com.ar\/wp-content\/uploads\/2022\/03\/solta-la-panza-768x576.webp 768w, https:\/\/news.digitaltv.com.ar\/wp-content\/uploads\/2022\/03\/solta-la-panza.webp 1200w\" sizes=\"auto, (max-width: 1024px) 100vw, 1024px\" \/><\/figure>\n\n\n\n<p>&#8220;Hay un mont\u00f3n de fotos en las que aparecen cuerpos enteros y que muestran una expresi\u00f3n feliz en torno al cuerpo. Hay una pared del espacio que tiene una repetici\u00f3n de fotos de panzas que va machacando sobre la idea de que \u00b4bueno, esto es lo que te atormenta\u00b4 pero \u00b4no es tan grave\u00b4, ya que &#8220;todos tenemos panza y podemos transitar el hecho perfectamente, dejando de estigmatizar&#8221;, apunta el curador.<\/p>\n\n\n\n<p>Las fotos que aparecen de cuerpo entero muestran a mujeres en la playa o sentadas tom\u00e1ndose una selfie, con las panzas al aire, sueltas, libres y c\u00f3modas. Las que aparecen en mosaico, juntas y en diferentes tama\u00f1os, son acompa\u00f1adas por testimonios que pueden escucharse a partir de la lectura de un QR con un celular. Tambi\u00e9n se incluye un instructivo sobre &#8220;c\u00f3mo soltar la panza&#8221;.<\/p>\n\n\n\n<p>Dentro de uno de los mosaicos hay una foto de una mujer rubia que lleva el pelo despeinado, hace con la mano un gesto del estilo &#8220;rock star&#8221; y est\u00e1 sentada en su escritorio con la remera levantada. Saca la lengua. La mujer es Lucia Adelardi, tiene 33 a\u00f1os y termin\u00f3 recientemente su tesina en Psicolog\u00eda dedicada a la gordofobia.<\/p>\n\n\n\n<p>&#8220;Meter panza es algo muy propio del aprendizaje que tenemos las mujeres y de la memoria del cuerpo, de todo lo que est\u00e1 en juego: de la verg\u00fcenza de mostrarla a la obligaci\u00f3n de ocultarla&#8221;, relata Adelardi en relaci\u00f3n a la consigna de la campa\u00f1a.<\/p>\n\n\n\n<p>Las panzas que se exhiben en la muestra ense\u00f1an, en palabras de la joven, la gran diversidad que existe. &#8220;Decid\u00ed participar porque me pareci\u00f3 super importante el tema de la visibilidad. Cuando los mensajes siempre son &#8216;escondete&#8217; o &#8216;eso no hay que mostrarlo&#8217;, &#8216;ten\u00e9s que bajar la panza o meterla para adentro&#8217;, te est\u00e1n pidiendo que escondas qui\u00e9n sos. La campa\u00f1a y la muestra tienen que ver con celebrar la diversidad. Estas somos todas y nos tenemos&#8221;, celebra.<\/p>\n\n\n\n<p>En un punto del recorrido, hay un &#8220;instructivo&#8221; que preanuncia &#8220;Herramientas para soltar la panza\u00b4, &#8220;un texto que fue construido de manera colectiva en talleres&#8221;, cuenta Pasquinelli. Y ampl\u00eda: &#8220;Hay un relato de la revoluci\u00f3n (feminista) que incluye toda una \u00e9pica tan tit\u00e1nica de cosas que deber\u00edamos empezar a hacer que entonces nunca las vamos a empezar a hacer&#8221;, argumenta la organizadora de la muestra, quien cree a partir de su propia experiencia y de otras ajenas que &#8220;con todas las opresiones con relaci\u00f3n al cuerpo es necesario empezar por peque\u00f1os gestos para sacarnos de encima todo esto&#8221;.<\/p>\n\n\n\n<p>&#8220;El gesto de encontrarnos con otras, tener otras conversaciones y alejarnos de aquellas que nos hacen mal, el gesto de ponerle un freno a los comentarios sobre nuestros cuerpos y dejar de consumir im\u00e1genes que nos da\u00f1an. Creo que hay que empezar por esos lugares que es lo que desencadena otras consecuencias&#8221;, subraya Pasquinelli.<\/p>\n\n\n\n<p>La muestra tiene como antecedente la campa\u00f1a titulada con el mismo nombre, donde en el marco de una acci\u00f3n del colectivo Mujeres que no fueron tapa se compartieron im\u00e1genes y experiencias en torno a &#8220;soltar la panza&#8221; en redes sociales. Sobre este punto Paula Bizzio, miembro del colectivo, destaca que para ella es &#8220;importante que se vea el coraz\u00f3n de la campa\u00f1a, que las voces y los cuerpos que est\u00e9n sean de las mujeres que han enviado sus testimonios y sus fotos, toda la informaci\u00f3n que lleg\u00f3 a nosotras&#8221;.<\/p>\n\n\n\n<p>En las redes, las im\u00e1genes fueron vistas por m\u00e1s de 60 mil personas. &#8220;Viral total&#8221;, festeja Bizzio. Agrega que ver esas im\u00e1genes y escuchar estos testimonios en un lugar donde &#8220;no estamos acostumbradas, acostumbrados, acostumbrades a ver&#8221; le parec\u00eda &#8220;muy contrahegem\u00f3nico&#8221;, palabras con las cuales tambi\u00e9n define al trabajo que realizan desde el colectivo.<\/p>\n\n\n\n<p>Ver\u00f3nica Baroni tiene 41 a\u00f1os, es m\u00e9dica y docente en la Universidad Tres de Febrero. Oriunda de San Mart\u00edn en el conurbano bonaerense, donde vive con su compa\u00f1ero Javier y sus dos hijos Ana y Joaqu\u00edn. Conoci\u00f3 la campa\u00f1a de a partir del colectivo, del cual participa activamente en redes sociales con comentarios.<\/p>\n\n\n\n<p>&#8220;En relaci\u00f3n a esta propuesta, sent\u00ed que iba dirigida a m\u00ed y que ven\u00eda a poner luz en algo que estaba totalmente invisibilizado que tiene que ver con nuestra corporalidad y con los mandatos que nos atraviesan toda la vida, que tienen que ver con la delgadez y con un modelo f\u00edsico \u00b4ideal\u00b4&#8221;, relata Baroni a T\u00e9lam, quien eligi\u00f3 mostrarse a trav\u00e9s de una foto sacada por su hijo que, precisa, la hace &#8220;sentir fuerte, libre y bella&#8221;.<\/p>\n\n\n\n<p>Para Baroni, era importante estar y &#8220;dejar sellado el compromiso&#8221; ya que entiende que el espacio del Centro Cultural Recoleta &#8220;tiene otro alcance&#8221; y espera que esta propuesta &#8220;llegue a todas las chicas que alguna vez sufrimos por la gordofobia en concreto&#8221;.<\/p>\n\n\n\n<p>La cuesti\u00f3n de la visibilidad siempre fue un eje central del movimiento. Durante el proyecto Pasquinelli y su equipo tuvieron que realizar diferentes gestiones porque sufrieron un &#8220;baneo&#8221; en las redes sociales. En este sentido, Pasquinelli analiza que esto se relaciona con el hecho de que &#8220;el algoritmo prefiere determinadas caracter\u00edsticas f\u00edsicas y las potencia mientras que otras las muestra menos&#8221;.<\/p>\n\n\n\n<p>&#8220;Nosotras no mostramos belleza en t\u00e9rminos de lo que considera el algoritmo, entonces esto nos rest\u00f3 mucha visibilidad sobre gran parte de la campa\u00f1a. La viralizaci\u00f3n, a causa de que nuestras seguidoras compart\u00edan nuestro contenido, ayud\u00f3 a que sali\u00e9ramos adelante&#8221;, explica.<\/p>\n\n\n\n<p>En esa l\u00ednea, Pasquinelli propone hacer un llamado a reflexionar sobre nuestros propios consumos. &#8220;Hay un sesgo propio de lo que consumimos, estar\u00eda bueno obligarnos a consumir cuerpos que se nos parecen, gente que se nos parece o que es diferente&#8221;, se\u00f1ala.<\/p>\n\n\n\n<p>Las fotograf\u00edas revelan mujeres que &#8220;est\u00e1n ah\u00ed plantadas, contentas, haciendo lo que tienen ganas de hacer y eso tiene mucha fuerza&#8221;, observa Pasquinelli. Su car\u00e1cter desafiante y contrahegem\u00f3nico emociona, moviliza, impacta. &#8220;La invitaci\u00f3n de la muestra es a encontrarte en estas historias y darte cuenta de que eso que a vos te pas\u00f3, son cosas que no te pasaron solo a vos, sino que es un problema que est\u00e1 afuera&#8221;, remarca, y cuenta tambi\u00e9n que le gustar\u00eda que quienes visiten la exposici\u00f3n experimenten &#8220;el alivio que da reconocerte en otra&#8221;.<\/p>\n","protected":false},"excerpt":{"rendered":"<p>(Por Leila Torres) \u00bfQu\u00e9 pasa cuando liber\u00e1s la panza? \u00bfQu\u00e9 te dec\u00eds cuando te mir\u00e1s al espejo? \u00bfC\u00f3mo aprendiste que tener panza est\u00e1 mal?, son algunas de las preguntas que articulan el recorrido por &#8220;Hermana, solt\u00e1 la panza&#8221;, una muestra reci\u00e9n inaugurada en el Centro Cultural Recoleta que forma parte de una campa\u00f1a creada por [&hellip;]<\/p>\n","protected":false},"author":8,"featured_media":1038,"comment_status":"open","ping_status":"open","sticky":false,"template":"","format":"standard","meta":{"_monsterinsights_skip_tracking":false,"_monsterinsights_sitenote_active":false,"_monsterinsights_sitenote_note":"","_monsterinsights_sitenote_category":0,"footnotes":""},"categories":[155],"tags":[171],"class_list":["post-1037","post","type-post","status-publish","format-standard","has-post-thumbnail","hentry","category-cultura","tag-171"],"_links":{"self":[{"href":"https:\/\/news.digitaltv.com.ar\/index.php?rest_route=\/wp\/v2\/posts\/1037","targetHints":{"allow":["GET"]}}],"collection":[{"href":"https:\/\/news.digitaltv.com.ar\/index.php?rest_route=\/wp\/v2\/posts"}],"about":[{"href":"https:\/\/news.digitaltv.com.ar\/index.php?rest_route=\/wp\/v2\/types\/post"}],"author":[{"embeddable":true,"href":"https:\/\/news.digitaltv.com.ar\/index.php?rest_route=\/wp\/v2\/users\/8"}],"replies":[{"embeddable":true,"href":"https:\/\/news.digitaltv.com.ar\/index.php?rest_route=%2Fwp%2Fv2%2Fcomments&post=1037"}],"version-history":[{"count":1,"href":"https:\/\/news.digitaltv.com.ar\/index.php?rest_route=\/wp\/v2\/posts\/1037\/revisions"}],"predecessor-version":[{"id":1040,"href":"https:\/\/news.digitaltv.com.ar\/index.php?rest_route=\/wp\/v2\/posts\/1037\/revisions\/1040"}],"wp:featuredmedia":[{"embeddable":true,"href":"https:\/\/news.digitaltv.com.ar\/index.php?rest_route=\/wp\/v2\/media\/1038"}],"wp:attachment":[{"href":"https:\/\/news.digitaltv.com.ar\/index.php?rest_route=%2Fwp%2Fv2%2Fmedia&parent=1037"}],"wp:term":[{"taxonomy":"category","embeddable":true,"href":"https:\/\/news.digitaltv.com.ar\/index.php?rest_route=%2Fwp%2Fv2%2Fcategories&post=1037"},{"taxonomy":"post_tag","embeddable":true,"href":"https:\/\/news.digitaltv.com.ar\/index.php?rest_route=%2Fwp%2Fv2%2Ftags&post=1037"}],"curies":[{"name":"wp","href":"https:\/\/api.w.org\/{rel}","templated":true}]}}