{"id":10421,"date":"2023-09-23T08:06:02","date_gmt":"2023-09-23T11:06:02","guid":{"rendered":"https:\/\/news.digitaltv.com.ar\/?p=10421"},"modified":"2023-09-26T08:23:59","modified_gmt":"2023-09-26T11:23:59","slug":"sergio-massa-todavia-no-voy-a-decir-quien-va-a-ser-mi-ministro-de-economia-pero-esta-decidido","status":"publish","type":"post","link":"https:\/\/news.digitaltv.com.ar\/?p=10421","title":{"rendered":"SERGIO MASSA: &#8220;TODAV\u00cdA NO VOY A DECIR QUIEN VA A SER MI MINISTRO DE ECONOM\u00cdA PERO ESTA DECIDIDO&#8221;"},"content":{"rendered":"\n<p>El candidato a presidente de Uni\u00f3n por la Patria eval\u00faa cuando dar a conocer el nombre del elegido para el Palacio de Hacienda. Mientras tanto adelant\u00f3 que \u201cal menos la mitad\u201d de los actuales funcionarios no ser\u00e1n parte de su esquema de Ministerios en un eventual gobierno suyo.<\/p>\n\n\n\n<p><strong>Sergio Massa<\/strong> tiene la doble tarea de ser el ministro de Econom\u00eda de un pa\u00eds en crisis y a la vez el candidato a presidente del oficialismo. Por eso cobra especial relevancia saber a qui\u00e9n delegar\u00e1 la titularidad del Palacio de Hacienda en caso de llegar a la Casa Rosada. Lo tiene decidido, pero por el momento opta por mantenerlo en secreto.<\/p>\n\n\n\n<p>Al menos as\u00ed lo inform\u00f3 anoche en di\u00e1logo con <em>Luis Novaresio en LN+<\/em> en una entrevista en la que analiz\u00f3 la situaci\u00f3n econ\u00f3mica, adelant\u00f3 c\u00f3mo imagina su esquema de Ministerios y reconoci\u00f3 errores de la gesti\u00f3n del Frente de Todos.<\/p>\n\n\n\n<p>Massa comenz\u00f3 hablando de la inflaci\u00f3n y se\u00f1al\u00f3 que el dato anual de 2023 depender\u00e1 mucho de que en octubre, noviembre y diciembre \u201ccon el tipo de cambio fijo que establecimos podamos tener garant\u00eda de reducci\u00f3n\u201d. En ese sentido apunt\u00f3 contra el Fondo Monetario Internacional por \u201cel impacto de la devaluaci\u00f3n que nos impuso\u201d que <strong>\u201cnos va a llegar a que tengamos una inflaci\u00f3n anual cercana a los tres d\u00edgitos\u201d. <\/strong>No obstante, asegur\u00f3 que <strong>\u201cno hay riesgo de hiperinflaci\u00f3n\u201d<\/strong>.<\/p>\n\n\n\n<p>Massa no solo carg\u00f3 contra el FMI, sino tambi\u00e9n contra el ex presidente Mauricio Macri por haber recurrido al organismo de cr\u00e9dito \u201cpara financiar la fuga de capitales de la Argentina\u201d: \u201cCriminalmente, Macri, para pagar a los fondos de inversi\u00f3n que se iban porque dejaron de creerle, tir\u00f3 de palomita en el Fondo Monetario y dej\u00f3 una deuda de 46 mil millones de d\u00f3lares, la m\u00e1s grande la historia del Fondo y de la Argentina\u201d.<\/p>\n\n\n\n<p>Tras endilgar responsabilidades a la anterior gesti\u00f3n, se le consult\u00f3 por las fallas del actual gobierno y reconoci\u00f3 que <strong>\u201cun mont\u00f3n de cosas se hicieron mal\u201d<\/strong>. \u201cQue el presidente de la C\u00e1mara de Diputados y uno de los fundadores de la coalici\u00f3n tenga que hacerse cargo de un Ministerio de Econom\u00eda ampliado \u00bfno es consecuencia de errores?\u201d, contest\u00f3 citando su caso dentro del Frente de Todos. \u201cLa diferencia es que yo me hice cargo cuando muchos met\u00edan la cabeza abajo de la cama, cuando en ese momento hablaban de asamblea legislativa, de corridas, de un gobierno de salida, del helic\u00f3ptero. Y pod\u00eda haberme quedado planteando las diferencias desde la presidencia de la C\u00e1mara y me hice cargo\u201d, agreg\u00f3 y sin mencionarla apunt\u00f3 contra Patricia Bullrich por su paso por el gobierno de Fernando De la R\u00faa: \u201cNo como pas\u00f3 en otros momentos donde quienes hoy pretender presidir la Argentina se fueron en helic\u00f3ptero\u201d.<\/p>\n\n\n\n<p>Entre los \u201cerrores\u201d, Massa se\u00f1al\u00f3 que \u201cla fiesta de Olivos fue el punto de inflexi\u00f3n de credibilidad del gobierno\u201d. Y ante la pregunta de c\u00f3mo va a ser recordado Alberto Fern\u00e1ndez, respondi\u00f3 que \u201ca\u00fan es muy temprano porque todav\u00eda est\u00e1 gobernando y porque hay una parte de la historia que no podemos mirar con la suficiente objetividad que es haber cargado una pandemia en la espalda\u201d.<\/p>\n\n\n\n<p>Al respecto de los nombres que elegir\u00eda para dise\u00f1ar su Gabinete, dijo que a\u00fan no lo defini\u00f3 porque no le gusta \u201crepartir cargos como si fueran caramelos antes de una elecci\u00f3n\u201d pero remarc\u00f3 que <strong>\u201cpor lo menos la mitad\u201d <\/strong>de los funcionarios de Alberto Fern\u00e1ndez <strong>\u201cno ser\u00edan ministros conmigo\u201d<\/strong>. \u201cNo es un tema de pin\u00e9, uno tiene que armar los equipos a conciencia y yo armar\u00eda los ministerios de manera distinta\u201d, aclar\u00f3.<\/p>\n\n\n\n<p>S\u00ed tiene definido el nombre de qui\u00e9n ser\u00e1 el encargado de reemplazarlo en su actual cargo aunque no lo revel\u00f3: <strong>\u201cTodav\u00eda no voy a decir qui\u00e9n va a ser mi ministro de Econom\u00eda pero est\u00e1 decidido, en alg\u00fan momento se va a anunciar\u201d<\/strong>.<\/p>\n\n\n\n<p>\u201cVamos a trabajar para que no haya segunda vuelta. Hay que trabajar con convicci\u00f3n, convencer a los argentinos y ser amplios con la convocatoria\u201d, defini\u00f3 y sostuvo que en su llamado a \u201cla unidad nacional\u201d tiene previsto sumar a su eventual gobierno a \u201cradicales y peronistas que hoy est\u00e1n en el PRO\u201d.<\/p>\n\n\n\n<p>\u00bfHay lugar para Cristina Kirchner en un gobierno de Sergio Massa? \u201cNo va a ocupar un lugar ejecutivo, te saca a escobazos si le planteas algo as\u00ed\u201d, declar\u00f3 y le asign\u00f3 a la actual vice un lugar de \u201cconsulta\u201d al que \u00e9l pueda recurrir.<\/p>\n\n\n\n<p>Sobre sus idas y vueltas con el kirchnerismo, el candidato a presidente se defini\u00f3 como \u201cel que evit\u00f3 la re reelecci\u00f3n\u201d de la ex mandataria y \u201cel que est\u00e1 aliado con Cristina\u201d: \u201cTodo eso junto porque son momentos pol\u00edticos\u201d, justific\u00f3. \u201cEs como que me digas <strong>\u00bfPatricia es la de Montoneros o la de la ultra derecha de ahora?<\/strong> La gente que no cambia y no aprende de los momentos es la que termina en las posiciones mas reduccionistas\u201d, profundiz\u00f3.<\/p>\n\n\n\n<p>\u201cHay que aprender a dialogar y convivir sin perder tu identidad. Yo tengo un marco de alianzas en Uni\u00f3n por la Patria con gente que como yo cree que es mejor vivir en una sociedad donde el Estado brinde seguridad y no donde cada uno se compre su arma\u201d, agreg\u00f3 apuntando a Javier Milei.<\/p>\n\n\n\n<p>Respecto al l\u00edder de La Libertad Avanza, expres\u00f3 que su buena performance en las PASO \u201ces un sopapo a que en lugar de dialogar y buscar consensos, la pol\u00edtica se transform\u00f3 en un campo de batalla en el que la pelea le gan\u00f3 a la soluci\u00f3n de los problemas\u201d.<\/p>\n\n\n\n<p>\u201cQuiero ser el presidente del trabajo y la seguridad, pero tambi\u00e9n hay un tema que me vuelve loco que es la educaci\u00f3n, el desaf\u00edo del siglo 21. Es el mejor remedio contra la pobreza\u201d, concluy\u00f3.<\/p>\n","protected":false},"excerpt":{"rendered":"<p>El candidato a presidente de Uni\u00f3n por la Patria eval\u00faa cuando dar a conocer el nombre del elegido para el Palacio de Hacienda. Mientras tanto adelant\u00f3 que \u201cal menos la mitad\u201d de los actuales funcionarios no ser\u00e1n parte de su esquema de Ministerios en un eventual gobierno suyo. Sergio Massa tiene la doble tarea de [&hellip;]<\/p>\n","protected":false},"author":1,"featured_media":4897,"comment_status":"open","ping_status":"open","sticky":false,"template":"","format":"standard","meta":{"_monsterinsights_skip_tracking":false,"_monsterinsights_sitenote_active":false,"_monsterinsights_sitenote_note":"","_monsterinsights_sitenote_category":0,"footnotes":""},"categories":[6],"tags":[160],"class_list":["post-10421","post","type-post","status-publish","format-standard","has-post-thumbnail","hentry","category-politica","tag-160"],"_links":{"self":[{"href":"https:\/\/news.digitaltv.com.ar\/index.php?rest_route=\/wp\/v2\/posts\/10421","targetHints":{"allow":["GET"]}}],"collection":[{"href":"https:\/\/news.digitaltv.com.ar\/index.php?rest_route=\/wp\/v2\/posts"}],"about":[{"href":"https:\/\/news.digitaltv.com.ar\/index.php?rest_route=\/wp\/v2\/types\/post"}],"author":[{"embeddable":true,"href":"https:\/\/news.digitaltv.com.ar\/index.php?rest_route=\/wp\/v2\/users\/1"}],"replies":[{"embeddable":true,"href":"https:\/\/news.digitaltv.com.ar\/index.php?rest_route=%2Fwp%2Fv2%2Fcomments&post=10421"}],"version-history":[{"count":1,"href":"https:\/\/news.digitaltv.com.ar\/index.php?rest_route=\/wp\/v2\/posts\/10421\/revisions"}],"predecessor-version":[{"id":10422,"href":"https:\/\/news.digitaltv.com.ar\/index.php?rest_route=\/wp\/v2\/posts\/10421\/revisions\/10422"}],"wp:featuredmedia":[{"embeddable":true,"href":"https:\/\/news.digitaltv.com.ar\/index.php?rest_route=\/wp\/v2\/media\/4897"}],"wp:attachment":[{"href":"https:\/\/news.digitaltv.com.ar\/index.php?rest_route=%2Fwp%2Fv2%2Fmedia&parent=10421"}],"wp:term":[{"taxonomy":"category","embeddable":true,"href":"https:\/\/news.digitaltv.com.ar\/index.php?rest_route=%2Fwp%2Fv2%2Fcategories&post=10421"},{"taxonomy":"post_tag","embeddable":true,"href":"https:\/\/news.digitaltv.com.ar\/index.php?rest_route=%2Fwp%2Fv2%2Ftags&post=10421"}],"curies":[{"name":"wp","href":"https:\/\/api.w.org\/{rel}","templated":true}]}}