{"id":10515,"date":"2023-10-02T09:10:53","date_gmt":"2023-10-02T12:10:53","guid":{"rendered":"https:\/\/news.digitaltv.com.ar\/?p=10515"},"modified":"2023-10-03T08:44:28","modified_gmt":"2023-10-03T11:44:28","slug":"sergio-massa-sobre-insaurralde-tiene-que-renunciar-a-su-candidatura-en-lomas","status":"publish","type":"post","link":"https:\/\/news.digitaltv.com.ar\/?p=10515","title":{"rendered":"SERGIO MASSA SOBRE INSAURRALDE: &#8220;TIENE QUE RENUNCIAR A SU CANDIDATURA EN LOMAS&#8221;"},"content":{"rendered":"\n<p>Cuando se retiraba del primer debate presidencial, el candidato de Uni\u00f3n por la Patria se refiri\u00f3 a la escandalosa situaci\u00f3n del ex ministro de Gabinete bonaerense.<\/p>\n\n\n\n<p>Luego de participar en el <a href=\"https:\/\/www.minutouno.com\/politica\/debate\/presidencial-asi-fue-el-minuto-minuto-n5834563\" target=\"_blank\" rel=\"noreferrer noopener\">primer debate presidencial<\/a> rumbo a las elecciones generales de octubre, el candidato de Uni\u00f3n por la Patria, <strong>Sergio Massa<\/strong>, conden\u00f3 p\u00fablicamente la situaci\u00f3n de <strong>Mart\u00edn Insaurralde<\/strong>, y pidi\u00f3 su renuncia como candidato a primer concejal en <strong>Lomas de Zamora<\/strong>.<\/p>\n\n\n\n<p><strong>&#8220;Insaurralde cometi\u00f3 un grave error, renunci\u00f3 y tiene que renunciar a la candidatura en Lomas&#8221;<\/strong>, sentenci\u00f3 Massa en declaraciones televisivas desde su camioneta a la salida del debate en el Centro de Convenciones Forum en Santiago del Estero.<\/p>\n\n\n\n<p>El gobernador bonaerense, <strong>Axel Kicillof<\/strong>, acept\u00f3 el s\u00e1bado por la noche la renuncia de Insaurralde como jefe de Gabinete bonaerense despu\u00e9s de que <a href=\"https:\/\/www.minutouno.com\/politica\/martin-insaurralde\/renuncio-el-escandalo-sofia-clerici-n5834663\" target=\"_blank\" rel=\"noreferrer noopener\">se conociera p\u00fablicamente un viaje que el ahora ex funcionario hizo junto a la modelo <strong>Sofia Clerici<\/strong><\/a> a Marbella (Espa\u00f1a).<a><\/a><\/p>\n\n\n\n<p>Adem\u00e1s, el mandatario provincial <a href=\"https:\/\/www.minutouno.com\/politica\/martin-insaurralde\/el-drastico-comunicado-axel-kicillof-el-escandalo-y-renuncia-n5834932\" target=\"_blank\" rel=\"noreferrer noopener\">lanz\u00f3 este domingo un contundente comunicado<\/a> rechazando la situaci\u00f3n de su ex funcionario y anunci\u00f3 que impulsar\u00e1 un proyecto para disolver la <strong>Jefatura de Ministros<\/strong>.<\/p>\n\n\n\n<p><strong>Insaurralde no es candidato a la reelecci\u00f3n como intendente<\/strong>. Esa postulaci\u00f3n recay\u00f3 sobre Federico Oterm\u00edn, actual presidente de la C\u00e1mara de Diputados; mientras que su ex jefe de Gabinete bonaerense es, hasta ahora, candidato a primer concejal en ese distrito.<\/p>\n","protected":false},"excerpt":{"rendered":"<p>Cuando se retiraba del primer debate presidencial, el candidato de Uni\u00f3n por la Patria se refiri\u00f3 a la escandalosa situaci\u00f3n del ex ministro de Gabinete bonaerense. Luego de participar en el primer debate presidencial rumbo a las elecciones generales de octubre, el candidato de Uni\u00f3n por la Patria, Sergio Massa, conden\u00f3 p\u00fablicamente la situaci\u00f3n de [&hellip;]<\/p>\n","protected":false},"author":1,"featured_media":10516,"comment_status":"open","ping_status":"open","sticky":false,"template":"","format":"standard","meta":{"_monsterinsights_skip_tracking":false,"_monsterinsights_sitenote_active":false,"_monsterinsights_sitenote_note":"","_monsterinsights_sitenote_category":0,"footnotes":""},"categories":[6],"tags":[160],"class_list":["post-10515","post","type-post","status-publish","format-standard","has-post-thumbnail","hentry","category-politica","tag-160"],"_links":{"self":[{"href":"https:\/\/news.digitaltv.com.ar\/index.php?rest_route=\/wp\/v2\/posts\/10515","targetHints":{"allow":["GET"]}}],"collection":[{"href":"https:\/\/news.digitaltv.com.ar\/index.php?rest_route=\/wp\/v2\/posts"}],"about":[{"href":"https:\/\/news.digitaltv.com.ar\/index.php?rest_route=\/wp\/v2\/types\/post"}],"author":[{"embeddable":true,"href":"https:\/\/news.digitaltv.com.ar\/index.php?rest_route=\/wp\/v2\/users\/1"}],"replies":[{"embeddable":true,"href":"https:\/\/news.digitaltv.com.ar\/index.php?rest_route=%2Fwp%2Fv2%2Fcomments&post=10515"}],"version-history":[{"count":1,"href":"https:\/\/news.digitaltv.com.ar\/index.php?rest_route=\/wp\/v2\/posts\/10515\/revisions"}],"predecessor-version":[{"id":10517,"href":"https:\/\/news.digitaltv.com.ar\/index.php?rest_route=\/wp\/v2\/posts\/10515\/revisions\/10517"}],"wp:featuredmedia":[{"embeddable":true,"href":"https:\/\/news.digitaltv.com.ar\/index.php?rest_route=\/wp\/v2\/media\/10516"}],"wp:attachment":[{"href":"https:\/\/news.digitaltv.com.ar\/index.php?rest_route=%2Fwp%2Fv2%2Fmedia&parent=10515"}],"wp:term":[{"taxonomy":"category","embeddable":true,"href":"https:\/\/news.digitaltv.com.ar\/index.php?rest_route=%2Fwp%2Fv2%2Fcategories&post=10515"},{"taxonomy":"post_tag","embeddable":true,"href":"https:\/\/news.digitaltv.com.ar\/index.php?rest_route=%2Fwp%2Fv2%2Ftags&post=10515"}],"curies":[{"name":"wp","href":"https:\/\/api.w.org\/{rel}","templated":true}]}}