{"id":10532,"date":"2023-10-03T08:42:46","date_gmt":"2023-10-03T11:42:46","guid":{"rendered":"https:\/\/news.digitaltv.com.ar\/?p=10532"},"modified":"2023-10-04T09:33:38","modified_gmt":"2023-10-04T12:33:38","slug":"axel-kicillof-hablo-sobre-martin-insaurralde","status":"publish","type":"post","link":"https:\/\/news.digitaltv.com.ar\/?p=10532","title":{"rendered":"AXEL KICILLOF HABL\u00d3 SOBRE MART\u00cdN INSAURRALDE"},"content":{"rendered":"\n<p>El gobernador de la Provincia de Buenos Aires asegur\u00f3 que &#8220;est\u00e1n tirando con todo&#8221; y dijo que se enter\u00f3 &#8220;por las redes&#8221; de las vacaciones de Insaurralde.<\/p>\n\n\n\n<p><a href=\"https:\/\/www.minutouno.com\/politica\/europa\/escandalo-publican-fotos-martin-insaurralde-una-modelo-paseando-yate-el-mediterraneo-n5834651\" target=\"_blank\" rel=\"noreferrer noopener\">Axel Kicillof se refiri\u00f3 este lunes por primera vez al esc\u00e1ndalo de su renunciado Jefe de Gabinete, Mart\u00edn Insaurralde<\/a>, que apareci\u00f3 en un yate de lujo en el Mediterr\u00e1neo junto a la modelo<strong> Sof\u00eda Clerici<\/strong>. El gobernador de la Provincia de Buenos Aires consider\u00f3 que Juntos por el Cambio, el macrismo y los medios &#8220;est\u00e1n preocupados&#8221; porque a la candidata presidencial Patricia Bullrich &#8220;no le est\u00e1 yendo bien&#8221; en la campa\u00f1a y que por ello le dan mucha entidad al esc\u00e1ndalo del ex jefe de Gabinete bonaerense.<\/p>\n\n\n\n<p>El funcionario indic\u00f3 que &#8220;hay muchas ganas de parte de un sector de la oposici\u00f3n&#8221; que &#8220;tienen cosas graves por explicar&#8221; y que &#8220;han tratado de sostener&#8221; el viaje en yate de Insaurralde con la modelo Sof\u00eda Clerici a Marbella.<\/p>\n\n\n\n<p>El funcionario indic\u00f3 que &#8220;hay muchas ganas de parte de un sector de la oposici\u00f3n&#8221; que &#8220;tienen cosas graves por explicar&#8221; y que &#8220;han tratado de sostener&#8221; el viaje en yate de Insaurralde con la modelo Sof\u00eda Clerici a Marbella.<\/p>\n\n\n\n<h2 class=\"wp-block-heading\">Kicillof se enter\u00f3 del esc\u00e1ndalo de Insaurralde por las redes<\/h2>\n\n\n\n<p>&#8220;No estaba al tanto, me enter\u00e9 como todos por las redes. Inmediatamente me puse en contacto y me puse a averiguar, porque estamos en \u00e9poca de elecciones donde surgen cosas y fake news profundas&#8221;, asegur\u00f3 Kicillof sobre c\u00f3mo tuvo conocimiento sobre el caso Insaurralde.<\/p>\n\n\n\n<p>Y agreg\u00f3: &#8220;Corrobor\u00e9 que no estaba en ese momento, estaba ac\u00e1 ese fin de semana, en Argentina, pero que eso hab\u00eda ocurrido. Despu\u00e9s de unas charlas, present\u00f3 la renuncia y se la acept\u00e9 inmediatamente&#8221;, precis\u00f3.<\/p>\n\n\n\n<p>Adem\u00e1s, ratific\u00f3 la decisi\u00f3n de eliminar la jefatura de Gabinete: \u201cNo sirve m\u00e1s\u201d. Lo afirm\u00f3 en di\u00e1logo con <em>Telefe Noticias.<\/em><\/p>\n","protected":false},"excerpt":{"rendered":"<p>El gobernador de la Provincia de Buenos Aires asegur\u00f3 que &#8220;est\u00e1n tirando con todo&#8221; y dijo que se enter\u00f3 &#8220;por las redes&#8221; de las vacaciones de Insaurralde. Axel Kicillof se refiri\u00f3 este lunes por primera vez al esc\u00e1ndalo de su renunciado Jefe de Gabinete, Mart\u00edn Insaurralde, que apareci\u00f3 en un yate de lujo en el [&hellip;]<\/p>\n","protected":false},"author":1,"featured_media":7274,"comment_status":"open","ping_status":"open","sticky":false,"template":"","format":"standard","meta":{"_monsterinsights_skip_tracking":false,"_monsterinsights_sitenote_active":false,"_monsterinsights_sitenote_note":"","_monsterinsights_sitenote_category":0,"footnotes":""},"categories":[6],"tags":[160],"class_list":["post-10532","post","type-post","status-publish","format-standard","has-post-thumbnail","hentry","category-politica","tag-160"],"_links":{"self":[{"href":"https:\/\/news.digitaltv.com.ar\/index.php?rest_route=\/wp\/v2\/posts\/10532","targetHints":{"allow":["GET"]}}],"collection":[{"href":"https:\/\/news.digitaltv.com.ar\/index.php?rest_route=\/wp\/v2\/posts"}],"about":[{"href":"https:\/\/news.digitaltv.com.ar\/index.php?rest_route=\/wp\/v2\/types\/post"}],"author":[{"embeddable":true,"href":"https:\/\/news.digitaltv.com.ar\/index.php?rest_route=\/wp\/v2\/users\/1"}],"replies":[{"embeddable":true,"href":"https:\/\/news.digitaltv.com.ar\/index.php?rest_route=%2Fwp%2Fv2%2Fcomments&post=10532"}],"version-history":[{"count":1,"href":"https:\/\/news.digitaltv.com.ar\/index.php?rest_route=\/wp\/v2\/posts\/10532\/revisions"}],"predecessor-version":[{"id":10533,"href":"https:\/\/news.digitaltv.com.ar\/index.php?rest_route=\/wp\/v2\/posts\/10532\/revisions\/10533"}],"wp:featuredmedia":[{"embeddable":true,"href":"https:\/\/news.digitaltv.com.ar\/index.php?rest_route=\/wp\/v2\/media\/7274"}],"wp:attachment":[{"href":"https:\/\/news.digitaltv.com.ar\/index.php?rest_route=%2Fwp%2Fv2%2Fmedia&parent=10532"}],"wp:term":[{"taxonomy":"category","embeddable":true,"href":"https:\/\/news.digitaltv.com.ar\/index.php?rest_route=%2Fwp%2Fv2%2Fcategories&post=10532"},{"taxonomy":"post_tag","embeddable":true,"href":"https:\/\/news.digitaltv.com.ar\/index.php?rest_route=%2Fwp%2Fv2%2Ftags&post=10532"}],"curies":[{"name":"wp","href":"https:\/\/api.w.org\/{rel}","templated":true}]}}