{"id":10551,"date":"2023-10-04T09:49:58","date_gmt":"2023-10-04T12:49:58","guid":{"rendered":"https:\/\/news.digitaltv.com.ar\/?p=10551"},"modified":"2023-10-05T11:35:03","modified_gmt":"2023-10-05T14:35:03","slug":"sergio-massa-la-mitad-de-los-que-hoy-son-ministros-conmigo-no-lo-serian","status":"publish","type":"post","link":"https:\/\/news.digitaltv.com.ar\/?p=10551","title":{"rendered":"SERGIO MASSA &#8220;LA MITAD DE LOS QUE HOY SON MINISTROS CONMIGO NO LO SERIAN&#8221;"},"content":{"rendered":"\n<p>El candidato de Uni\u00f3n por la Patria reconoci\u00f3 los errores del actual Gobierno y apunt\u00f3 contra funcionarios que \u201cla sacaron barata\u201d: \u201cPorque son responsables, se fueron y ni siquiera pidieron perd\u00f3n\u201d<\/p>\n\n\n\n<p><strong>Sergio Massa <\/strong>reconoce los errores del gobierno de Alberto Fern\u00e1ndez, del mismo que \u00e9l integra -antes siendo el titular de la C\u00e1mara de Diputados, ahora desde el Ministerio de Econom\u00eda- y aclara que si bien su incidencia en la gesti\u00f3n es alta hay decisiones que corren por su cuenta. A 19 d\u00edas de las elecciones ratific\u00f3 que de llegar a la Presidencia \u201cla mitad\u201d de los que hoy son ministros no lo ser\u00e1n.<\/p>\n\n\n\n<p>El candidato de<strong> Uni\u00f3n por la Patria<\/strong> brind\u00f3 una extensa y profunda entrevista a <em>Julio Leiva<\/em> en <em>La Caja Negra. <\/em>Lo hizo al d\u00eda siguiente del primer debate presidencial que se llev\u00f3 a cabo el domingo en Santiago del Estero en el que durante una de sus intervenciones marc\u00f3 la diferencia del actual gobierno y de su posible presidencia. Al respecto, explic\u00f3: \u201cYo no soy actualmente el Presidente de la Rep\u00fablica. Y obviamente <strong>hay una parte de decisiones que tomo y otra no<\/strong>. Y no somos todos iguales y <strong>no todos pensamos de la misma manera\u201d.<\/strong><\/p>\n\n\n\n<p>Las diferencias entre los integrantes del Frente de Todos, las fallas en la gesti\u00f3n, \u201clos funcionarios que no funcionan\u201d que acus\u00f3 Cristina Kirchner contra Alberto Fern\u00e1ndez fue una constante en estos \u00faltimos 4 a\u00f1os. Sergio Massa imagina un equipo renovado para llevar a cabo sus propuestas. <strong>\u201cLa mitad de los que hoy son ministros conmigo no lo ser\u00edan. <\/strong>Cambiar\u00eda el r\u00e9gimen de funcionamiento del Estado en t\u00e9rminos de organizaci\u00f3n. Pero adem\u00e1s hay gente que conmigo no ser\u00eda ministra\u201d, enfatiz\u00f3 el titular del Palacio de Hacienda. \u201cNo significa que no las quiera, que no las respete. Es un problema de orden de funcionamiento y de velocidad de respuesta p\u00fablica\u201d, precis\u00f3. No dio nombres, pero asegur\u00f3 que tiene definido el nombre de su ministro\/a de Econom\u00eda.<\/p>\n\n\n\n<p>En este marco se refiri\u00f3 a desilusi\u00f3n de la gente con la actual gesti\u00f3n: \u201cTiene raz\u00f3n. Con Macri hab\u00eda ca\u00eddo 20 puntos el ingreso y continu\u00f3&#8230; pandemia de por medio, guerra, pero continu\u00f3. Ahora, en el \u00faltimo a\u00f1o, recuperamos bastante y ahora con la devoluci\u00f3n del IVA y el impacto de ganancias, se va a notar fuerte la recuperaci\u00f3n del ingreso en la Argentina\u201d.<\/p>\n\n\n\n<p>\u201cLa gente tiene raz\u00f3n en estar enojada. Yo plante\u00e9 p\u00fablicamente, no una, sino varias veces<strong> la disculpa en el pedacito que me toca<\/strong>. Ahora, lo que creo que ac\u00e1 <strong>hay muchos que la sacaron barata. Porque son responsables. Se fueron y ni siquiera pidieron perd\u00f3n\u201d<\/strong>, manifest\u00f3 Massa al d\u00eda siguiente de la salida de Mart\u00edn Insaurralde del Poder Ejecutivo bonaerense tras el esc\u00e1ndalo con la modelo Sof\u00eda Cl\u00e9rici.<\/p>\n\n\n\n<p>Al respecto del ex funcionario provincial, reflexion\u00f3: \u201cFue <strong>un grav\u00edsimo error<\/strong>. Pag\u00f3 con la renuncia, pag\u00f3 la Jefatura de Gabinete, pag\u00f3 con la renuncia de la candidatura&#8230; Me llama la atenci\u00f3n el momento en el que aparece la noticia. Pero te dir\u00eda que eso es consecuencia.\u00a0Hay una causa previa que es el error de Mart\u00edn.\u00a0Pero creo adem\u00e1s que esta chica ya tuvo un antecedente de aparecer en un momento pol\u00edtico con alg\u00fan candidato&#8230;\u201d.<\/p>\n\n\n\n<p>Consultado por su llamado a la \u201cunidad nacional\u201d y la posibilidad de abrir su eventual gobierno a dirigentes de otros espacios, se le pregunt\u00f3 espec\u00edficamente por su relaci\u00f3n con el jefe de Gobierno porte\u00f1o, <strong>Horacio Rodr\u00edguez Larreta<\/strong>. Dijo que es su amigo y que lo entiende: \u201cLo llam\u00e9 despu\u00e9s de la elecci\u00f3n para preguntarle c\u00f3mo estaba porque entiendo que <strong>se prepar\u00f3 toda la vida para dar esta pelea y Macri hizo todo para humillarlo<\/strong>\u201d. Para Massa el ex presidente \u201cforz\u00f3 y terci\u00f3 en la interna\u201d de Juntos por el Cambio para que Larreta perdiera.<\/p>\n\n\n\n<p>\u201cNo me gusta hacer nombres, no hay que construir un gobierno como si fuera una repartija de confites. Es un gran error eso de andar repartiendo cargos y manoseando nombres es muy malo, el d\u00eda que tom\u00e1s una decisi\u00f3n la comunic\u00e1s\u201d, expres\u00f3 y remarc\u00f3 la necesidad de \u201cun gobierno de unidad nacional\u201d con \u201csectores que podamos construir un proyecto de pa\u00eds que nos de un empresariado nacional con una visi\u00f3n de desarrollo y no lobistas con una mirada prebendaria\u201d.<\/p>\n\n\n\n<p>Massa tambi\u00e9n se refiri\u00f3 al resultado de las PASO y reconoci\u00f3 que <strong>\u201cimaginaba a Milei un poco m\u00e1s abajo de lo que estuvo<\/strong>, pero no mucho m\u00e1s: sac\u00f3 29% e imaginaba 26%; nosotros sacamos 27% y nos imaginaba en 29 o 30 por ciento\u201d.<\/p>\n\n\n\n<p>De cara al futuro, reiter\u00f3 que buscar\u00e1 \u201ccambiar la ley penal cambiaria y el sistema de la ley penal tributaria\u201d. \u201cEn Argentina es gratis ir al Tribunal Fiscal. Muchas grandes empresas en lugar de pagarle a la AFIP se van al Tribunal Fiscal donde las deudas duermen a\u00f1os y a\u00f1os y se van devaluando. Hay 5 mil millones de d\u00f3lares que est\u00e1n durmiendo ah\u00ed\u201d, lament\u00f3. \u201cEs vergonzoso. Piden orden fiscal y hacen todo para no pagar, por eso en Argentina tiene que haber presos por evadir impuestos. Eso va a ser aleccionador\u201d, agreg\u00f3.<\/p>\n\n\n\n<p>El ministro respondi\u00f3 al candidato de La Libertad Avanza, Javier Milei, quien durante el bloque de derechos humanos del debate presidencial dijo que \u201cno son 30.000\u2033 los desaparecidos de la \u00faltima dictadura c\u00edvico militar. \u201cTenemos un prestigio ganado, ocupamos lugares de privilegio a nivel mundial como pa\u00eds, porque&nbsp;tenemos un recorrido hecho que nosotros lo resumimos en \u2018Memoria, verdad y justicia\u2019,&nbsp;porque de alguna manera es el paraguas o la s\u00edntesis que le encontramos, pero que para el mundo es un recorrido. Nos pone en un lugar de respeto. Y vos dec\u00eds que quer\u00e9s entregar las Malvinas a los ingleses, querer poner la bandera de Estados Unidos en la puerta del Banco Central, quer\u00e9s tirar por la borda 40 a\u00f1os de construcci\u00f3n de prestigio argentino en una materia en la que el mundo empieza a discutir los nuevos derechos. <strong>Quer\u00e9 un poquito a tu pa\u00eds.<\/strong>&nbsp;Un poquito. Por los tipos que murieron en manos del terrorismo de Estado. Por los chaque\u00f1os, Los correntinos que murieron en las Malvinas. Por la necesidad de sostener un tejido industrial que depende de que vos tengas el se\u00f1oreaje de tu moneda y no que la tasa de inter\u00e9s te la fije otro\u201d, remarc\u00f3.<\/p>\n\n\n\n<p>Por \u00faltimo, Julio Leiva le pregunt\u00f3 cu\u00e1l es el momento de su vida que lo convierte en la persona que es hoy y respondi\u00f3 con una an\u00e9cdota de su paso por ANSES: \u201cAl Sergio Massa funcionario, el d\u00eda que pagu\u00e9 las jubilaciones, est\u00e1bamos con el corralito. Hab\u00eda que pagar las jubilaciones y no hab\u00eda sistema financiero. Siempre me acuerdo que uno de los lugares donde se pagaron jubilaciones fue en la cancha de Col\u00f3n. Estamos hablando de pagarle en una semana la jubilaci\u00f3n a 3 millones de personas sin bancos. Ten\u00edamos un problema que era sacar el dinero del Banco Central, porque estaba todo vallado y no pod\u00edamos sacar los camiones de caudales. Y se me ocurri\u00f3 una peque\u00f1a mentirilla: que hagan una falsa amenaza de bomba al Banco Central. Y entonces la Polic\u00eda despeja y en ese despeje sacamos los camiones de caudales para pagar a los jubilados. Tuvo una \u00e9pica muy grande entre los laburantes del ANSES. A partir de ah\u00ed fue un tractor el organismo, <strong>me gan\u00e9 el respeto de la gente del organismo siendo muy joven y un lugar de consideraci\u00f3n en la opini\u00f3n p\u00fablica\u201d<\/strong>, concluy\u00f3.<\/p>\n","protected":false},"excerpt":{"rendered":"<p>El candidato de Uni\u00f3n por la Patria reconoci\u00f3 los errores del actual Gobierno y apunt\u00f3 contra funcionarios que \u201cla sacaron barata\u201d: \u201cPorque son responsables, se fueron y ni siquiera pidieron perd\u00f3n\u201d Sergio Massa reconoce los errores del gobierno de Alberto Fern\u00e1ndez, del mismo que \u00e9l integra -antes siendo el titular de la C\u00e1mara de Diputados, [&hellip;]<\/p>\n","protected":false},"author":1,"featured_media":4897,"comment_status":"open","ping_status":"open","sticky":false,"template":"","format":"standard","meta":{"_monsterinsights_skip_tracking":false,"_monsterinsights_sitenote_active":false,"_monsterinsights_sitenote_note":"","_monsterinsights_sitenote_category":0,"footnotes":""},"categories":[6],"tags":[160],"class_list":["post-10551","post","type-post","status-publish","format-standard","has-post-thumbnail","hentry","category-politica","tag-160"],"_links":{"self":[{"href":"https:\/\/news.digitaltv.com.ar\/index.php?rest_route=\/wp\/v2\/posts\/10551","targetHints":{"allow":["GET"]}}],"collection":[{"href":"https:\/\/news.digitaltv.com.ar\/index.php?rest_route=\/wp\/v2\/posts"}],"about":[{"href":"https:\/\/news.digitaltv.com.ar\/index.php?rest_route=\/wp\/v2\/types\/post"}],"author":[{"embeddable":true,"href":"https:\/\/news.digitaltv.com.ar\/index.php?rest_route=\/wp\/v2\/users\/1"}],"replies":[{"embeddable":true,"href":"https:\/\/news.digitaltv.com.ar\/index.php?rest_route=%2Fwp%2Fv2%2Fcomments&post=10551"}],"version-history":[{"count":1,"href":"https:\/\/news.digitaltv.com.ar\/index.php?rest_route=\/wp\/v2\/posts\/10551\/revisions"}],"predecessor-version":[{"id":10552,"href":"https:\/\/news.digitaltv.com.ar\/index.php?rest_route=\/wp\/v2\/posts\/10551\/revisions\/10552"}],"wp:featuredmedia":[{"embeddable":true,"href":"https:\/\/news.digitaltv.com.ar\/index.php?rest_route=\/wp\/v2\/media\/4897"}],"wp:attachment":[{"href":"https:\/\/news.digitaltv.com.ar\/index.php?rest_route=%2Fwp%2Fv2%2Fmedia&parent=10551"}],"wp:term":[{"taxonomy":"category","embeddable":true,"href":"https:\/\/news.digitaltv.com.ar\/index.php?rest_route=%2Fwp%2Fv2%2Fcategories&post=10551"},{"taxonomy":"post_tag","embeddable":true,"href":"https:\/\/news.digitaltv.com.ar\/index.php?rest_route=%2Fwp%2Fv2%2Ftags&post=10551"}],"curies":[{"name":"wp","href":"https:\/\/api.w.org\/{rel}","templated":true}]}}