{"id":10559,"date":"2023-10-05T11:04:53","date_gmt":"2023-10-05T14:04:53","guid":{"rendered":"https:\/\/news.digitaltv.com.ar\/?p=10559"},"modified":"2023-10-06T08:53:46","modified_gmt":"2023-10-06T11:53:46","slug":"10559","status":"publish","type":"post","link":"https:\/\/news.digitaltv.com.ar\/?p=10559","title":{"rendered":"AXEL KICILLOF &#8220;CAROLINA PIPARO NO TIENE CONOCIMIENTO DE LA PROVINCIA DE BUENOS AIRES&#8221;"},"content":{"rendered":"\n<p>El Gobernador y candidato a la reelecci\u00f3n habla sobre el caso de Mart\u00edn Insaurralde. Adem\u00e1s, dice cu\u00e1l tiene que ser el lugar de Cristina en la campa\u00f1a, reafirma sus dichos sobre que el peronismo necesita \u201cuna nueva canci\u00f3n\u201d y define a Javier Milei en la secci\u00f3n \u201cFor kids\u201d<\/p>\n\n\n\n<p><strong>-\u00bfQu\u00e9 fue lo primero que pensaste cuando se difundieron las im\u00e1genes de Mart\u00edn Insaurralde en un yate en el Mar Mediterr\u00e1neo?<\/strong><\/p>\n\n\n\n<p>-Lo primero fue buscarlo a \u00e9l para preguntarle si eso era verdad, porque ahora hay muchas fake news. Lo llam\u00e9 a Mart\u00edn y \u00e9l me dijo que no era de ahora esa foto, pero me dijo que era verdad. A partir de eso, en tiempo muy breve llegamos a la conclusi\u00f3n de que ten\u00eda que renunciar y le acept\u00e9 la renuncia. No voy a hacer un marketing con el honestismo, que ahora se encarguen en los \u00e1mbitos que correspondan, las personas que correspondan.<\/p>\n\n\n\n<p><strong>-\u00bfPor qu\u00e9 dec\u00eds lo del honestismo?<\/strong><\/p>\n\n\n\n<p>-Porque no hago esto ni para diferenciarme ni para hacer bandera. No es privativo m\u00edo y de mi grupo y todo lo dem\u00e1s lo se\u00f1alo por contraste. A eso me refiero.<\/p>\n\n\n\n<p><strong>-\u00bfPero s\u00ed lo ves como un hecho grave?<\/strong><\/p>\n\n\n\n<p>-Claro, s\u00ed. Tambi\u00e9n estamos discutiendo las conductas. Y me parece que como actu\u00e9 expresa lo que siento.<\/p>\n\n\n\n<p><strong>-\u00bfPor qu\u00e9 le aceptaste la renuncia y no lo despediste?<\/strong><\/p>\n\n\n\n<p>-Tuvimos charlas al respecto, as\u00ed que no es una cosa o la otra. Ten\u00eda que ocurrir y ocurri\u00f3.<\/p>\n\n\n\n<p><strong>-\u00bfD\u00f3nde tiene que estar Cristina en la campa\u00f1a de la provincia de Buenos Aires?<\/strong><\/p>\n\n\n\n<p>-Muy cerca. Cristina es la dirigente pol\u00edtica m\u00e1s importante que tiene hoy la Argentina y est\u00e1 muy cerca, eso es lo que est\u00e1 ocurriendo.<\/p>\n\n\n\n<p><strong>-En su \u00faltima aparici\u00f3n p\u00fablica, Cristina dijo: \u201cQuiero pedirles perd\u00f3n si no pudimos cumplir\u201d. \u00bfPor qu\u00e9 termina pidiendo perd\u00f3n?<\/strong><\/p>\n\n\n\n<p>-Porque el gobierno es del Frente de Todos, y por m\u00e1s de que ahora seamos Uni\u00f3n por la Patria, hay que hacerse cargo, mirar a la cara y contar lo que no se pudo hacer, lo que se hizo mal y lo que se hizo bien.<\/p>\n\n\n\n<p><strong>-O sea, no se cumpli\u00f3 con las expectativas\u2026<\/strong><\/p>\n\n\n\n<p>-Creo que tampoco se comunic\u00f3 bien a qu\u00e9 pod\u00edamos aspirar y cu\u00e1l era la dimensi\u00f3n de los problemas que ten\u00edamos. Y en el medio de eso tambi\u00e9n vino la pandemia que complic\u00f3 todo. Cuando termin\u00f3 la pandemia todos pensaban \u201cbueno, ahora s\u00ed vamos a estar igual que en diciembre del 2015\u2033, como si no hubiera pasado el Gobierno de Macri, como si no nos hubiera dejado la deuda. Y obviamente hubo posicionamientos internos diversos con respecto a qu\u00e9 hacer ante diferentes escenarios muy complicados e in\u00e9ditos.<\/p>\n\n\n\n<p><strong>-\u00bfLa interna permanente afect\u00f3 a la gesti\u00f3n?<\/strong><\/p>\n\n\n\n<p>-No fue una interna por el carguito, fueron discusiones tambi\u00e9n sobre puntos de vista. Y es l\u00f3gico, porque esta es una coalici\u00f3n, no hay mucha experiencia de gobierno de coalici\u00f3n, pero este era un gobierno de coalici\u00f3n. Qu\u00e9 pasa si vos quer\u00e9s hacer algo y yo creo realmente que hay que hacer otra cosa. Suponete que decid\u00eds vos y yo tambi\u00e9n lo tengo que expresar porque somos distintos y no est\u00e1 mal que eso sea as\u00ed.<\/p>\n\n\n\n<p><strong>-Hace unas semanas dijiste: \u201cVa a haber que componer una nueva canci\u00f3n, no una que sepamos todos\u201d. Hace unos d\u00edas Cristina dijo: \u201cTenemos que discutir cosas que muchas veces nos hemos negado a discutir\u201d. Dijeron lo mismo, pero de distinta manera y, sin embargo, a vos en el kirchnerismo te atendieron como Rodrigo De Paul a cualquiera que lo toque a Messi. \u00bfPor qu\u00e9?<\/strong><\/p>\n\n\n\n<p>-Tal vez no me expliqu\u00e9 bien. Lo que estoy diciendo, muy concretamente, es que hay un sector de la sociedad que est\u00e1 con otra sensibilidad o con otras preocupaciones. No s\u00f3lo no nos est\u00e1 votando, yo creo que ni siquiera nos est\u00e1 escuchando. Hay que llegarle a esos sectores y no mintiendo, no inventando algo que no somos, sino siendo los que somos, pero teniendo m\u00e1s capacidad de empatizar tambi\u00e9n con esos sectores.<\/p>\n\n\n\n<p><strong>-Hablando de canciones, pasemos a \u201cUna que sepamos todos\u201d. A una parte de los sectores populares que antes votaban por ustedes y ahora lo votan a Milei, ustedes les cantan como Ricky: \u201cVuelve, qu\u00e9 sin ti la vida se me va\u201d.<\/strong><\/p>\n\n\n\n<p>-(Risas) No s\u00e9 si es vuelve lo que hay que decirles, sino: qu\u00e9 necesitan de nosotros. Pero hay que ir, hablar, y explicar qu\u00e9 somos, para qu\u00e9 estamos, qu\u00e9 queremos hacer y c\u00f3mo les podemos dar una respuesta y comprometerse a cumplir.<\/p>\n\n\n\n<p><strong>-\u00bfSi detect\u00e1s que hay intendentes que en la provincia de Buenos Aires que reparten con corte de boleta, les cant\u00e1s: \u201cTe est\u00e1s portando mal, ser\u00e1 castigado\u201d?<\/strong><\/p>\n\n\n\n<p>-(Risas) No es algo que haya ocurrido. S\u00ed creo que hay una militancia fuerte por la boleta completa y que hay una comprensi\u00f3n de que no se puede gobernar un municipio si en la provincia ten\u00e9s una pol\u00edtica de ajuste, si se acaban las obras, la infraestructura. Si gana un intendente, pero no hace todo lo posible para acompa\u00f1ar a la boleta provincial y nacional, tampoco s\u00e9 c\u00f3mo le va a ir a \u00e9l.<\/p>\n\n\n\n<p><strong>-Vamos con la \u00faltima de las canciones, esta es de Wos: \u201cY ahora miran feo. No somos parte de tu Coliseo. No hacemos lo que ellos quieren, entonces miran feo\u201d. \u00bfEsto le cant\u00e1s a La C\u00e1mpora?<\/strong><\/p>\n\n\n\n<p>-No, todo lo contrario. La C\u00e1mpora es una experiencia pol\u00edtica hist\u00f3ricamente muy entusiasmante. Y una clave en cualquiera de los escenarios que viene es la unidad. En la provincia de Buenos Aires veo que as\u00ed es como venimos funcionando.<\/p>\n\n\n\n<p><strong>-Ganar una elecci\u00f3n con 124,4% de inflaci\u00f3n interanual es m\u00e1s dif\u00edcil que: A) El v\u00ednculo entre Alberto y Cristina. B) La relaci\u00f3n entre vos y La C\u00e1mpora. C) Que Macri no le tire centros a Milei. D) Gobernar la provincia de Buenos Aires.<\/strong><\/p>\n\n\n\n<p>-La D. Creo que gobernar la provincia de Buenos Aires en cualquier situaci\u00f3n es complejo. Lo que necesitamos es que Sergio sea presidente. Yo necesito que haya un gobierno nacional que no haga locuras.<\/p>\n\n\n\n<p><strong>-\u00bfCu\u00e1les son los tres temas en los que har\u00edas foco en una segunda gesti\u00f3n tuya si sos reelegido?<\/strong><\/p>\n\n\n\n<p>-Lo mismo que en la primera: salud, educaci\u00f3n y seguridad.<\/p>\n\n\n\n<p><strong>-\u00bfY en salud qu\u00e9 mejorar\u00edas?<\/strong><\/p>\n\n\n\n<p>-En profundizar la integraci\u00f3n del sistema y digitalizarlo m\u00e1s. La econom\u00eda de la salud no es un mercado, este es un mensaje para Milei: no es un mercado como vender medias o calzoncillos. Primero, porque uno no decide qu\u00e9 comprar, lo decide un m\u00e9dico. Segundo, porque en general el que financia es distinto del que ejecuta, entonces tiene muchas particularidades. Ahora, lo cierto es que hay despilfarro de recursos. El mercado asigna mal recursos en salud, lo sabe todo el mundo menos los libertarios. Lo privado no funciona bien en salud en ning\u00fan lado del mundo porque no hace prevenci\u00f3n, porque adem\u00e1s se dedica a lo que m\u00e1s renta da, que es la complejidad o la internaci\u00f3n. Hay cl\u00ednicas que son hoteles de cinco estrellas, pero la calidad de los servicios m\u00e9dicos est\u00e1 mejor en el hospital p\u00fablico, que tal vez no tiene condiciones de hoteler\u00eda. \u00bfC\u00f3mo hacemos para distribuir esos recursos que ya existen de una mejor manera? Eso es integrar el sistema de salud. Ese es el camino. Falta un mont\u00f3n.<\/p>\n\n\n\n<p><strong>-Y con respecto a la educaci\u00f3n, \u00bfqu\u00e9 har\u00edas?<\/strong><\/p>\n\n\n\n<p>-Seguir reconstruyendo. Cuando nosotros llegamos, las escuelas eran un desastre de mantenimiento. Much\u00edsimas instalaciones de gas sin aceite matriculado que te las habilite, paredes electrificadas, mamposter\u00eda que se ca\u00eda, techos que filtraban, un desastre. Un sistema que es inmenso: todos los d\u00edas van a la escuela inicial (jard\u00edn, primaria y secundaria) en la provincia 5.200.000 alumnos, dos Uruguay enteros. Eso es lo que administra el sistema de salud de la provincia de Buenos Aires. Entonces, ante esa situaci\u00f3n, lanzamos un programa que se llam\u00f3 \u201cEscuelas a la obra\u201d, para arreglar todas las escuelas, para que por lo menos no hubiera riesgo de accidente, para el que labura o va a estudiar. Ese programa ya lleva hechas m\u00e1s de 6100 obras terminadas. Cuando llegamos no hab\u00eda una lista de la situaci\u00f3n edilicia de las escuelas, hubo que hacer un censo de los edificios, d\u00f3nde estaban y c\u00f3mo estaban. Al mismo tiempo, los salarios docentes. Vidal se hab\u00eda ensa\u00f1ado con los maestros. Un ataque muy fuerte a la escuela p\u00fablica.<\/p>\n\n\n\n<p>El otro d\u00eda festejamos 201 escuelas nuevas. Vidal hab\u00eda cerrado 33 escuelas rurales porque eran de baja matr\u00edcula. Las abrimos, pero adem\u00e1s hicimos 201 edificios nuevos. Adem\u00e1s, reinauguramos 400 escuelas e hicimos como 850 aulas. Pero tambi\u00e9n estamos cambiando totalmente la formaci\u00f3n docente, discutiendo las cosas, las cuestiones pedag\u00f3gicas y los programas en todas las escuelas de la provincia.<\/p>\n\n\n\n<p><strong>-\u00bfEn seguridad mantendr\u00edas a Sergio Berni al frente del ministerio?<\/strong><\/p>\n\n\n\n<p>-Sergio hoy es candidato a senador. A m\u00ed su desempe\u00f1o me pareci\u00f3 excelente. Obviamente tendremos que hablar como tal, pero es candidato a senador provincial.<\/p>\n\n\n\n<p><\/p>\n","protected":false},"excerpt":{"rendered":"<p>El Gobernador y candidato a la reelecci\u00f3n habla sobre el caso de Mart\u00edn Insaurralde. Adem\u00e1s, dice cu\u00e1l tiene que ser el lugar de Cristina en la campa\u00f1a, reafirma sus dichos sobre que el peronismo necesita \u201cuna nueva canci\u00f3n\u201d y define a Javier Milei en la secci\u00f3n \u201cFor kids\u201d -\u00bfQu\u00e9 fue lo primero que pensaste cuando [&hellip;]<\/p>\n","protected":false},"author":1,"featured_media":10052,"comment_status":"open","ping_status":"open","sticky":false,"template":"","format":"standard","meta":{"_monsterinsights_skip_tracking":false,"_monsterinsights_sitenote_active":false,"_monsterinsights_sitenote_note":"","_monsterinsights_sitenote_category":0,"footnotes":""},"categories":[152],"tags":[160],"class_list":["post-10559","post","type-post","status-publish","format-standard","has-post-thumbnail","hentry","category-pergamino","tag-160"],"_links":{"self":[{"href":"https:\/\/news.digitaltv.com.ar\/index.php?rest_route=\/wp\/v2\/posts\/10559","targetHints":{"allow":["GET"]}}],"collection":[{"href":"https:\/\/news.digitaltv.com.ar\/index.php?rest_route=\/wp\/v2\/posts"}],"about":[{"href":"https:\/\/news.digitaltv.com.ar\/index.php?rest_route=\/wp\/v2\/types\/post"}],"author":[{"embeddable":true,"href":"https:\/\/news.digitaltv.com.ar\/index.php?rest_route=\/wp\/v2\/users\/1"}],"replies":[{"embeddable":true,"href":"https:\/\/news.digitaltv.com.ar\/index.php?rest_route=%2Fwp%2Fv2%2Fcomments&post=10559"}],"version-history":[{"count":2,"href":"https:\/\/news.digitaltv.com.ar\/index.php?rest_route=\/wp\/v2\/posts\/10559\/revisions"}],"predecessor-version":[{"id":10561,"href":"https:\/\/news.digitaltv.com.ar\/index.php?rest_route=\/wp\/v2\/posts\/10559\/revisions\/10561"}],"wp:featuredmedia":[{"embeddable":true,"href":"https:\/\/news.digitaltv.com.ar\/index.php?rest_route=\/wp\/v2\/media\/10052"}],"wp:attachment":[{"href":"https:\/\/news.digitaltv.com.ar\/index.php?rest_route=%2Fwp%2Fv2%2Fmedia&parent=10559"}],"wp:term":[{"taxonomy":"category","embeddable":true,"href":"https:\/\/news.digitaltv.com.ar\/index.php?rest_route=%2Fwp%2Fv2%2Fcategories&post=10559"},{"taxonomy":"post_tag","embeddable":true,"href":"https:\/\/news.digitaltv.com.ar\/index.php?rest_route=%2Fwp%2Fv2%2Ftags&post=10559"}],"curies":[{"name":"wp","href":"https:\/\/api.w.org\/{rel}","templated":true}]}}