{"id":10562,"date":"2023-10-05T11:11:29","date_gmt":"2023-10-05T14:11:29","guid":{"rendered":"https:\/\/news.digitaltv.com.ar\/?p=10562"},"modified":"2023-10-06T10:36:30","modified_gmt":"2023-10-06T13:36:30","slug":"mundial-2030-sergio-massa-y-chiqui-tapia-brindara-una-conferencia-de-prensa","status":"publish","type":"post","link":"https:\/\/news.digitaltv.com.ar\/?p=10562","title":{"rendered":"MUNDIAL 2030 &#8220;SERGIO MASSA Y CHIQUI TAPIA BRINDAR\u00c1 UNA CONFERENCIA DE PRENSA&#8221;"},"content":{"rendered":"\n<p>Argentina ser\u00e1 una de las sedes de la Copa del Mundo Centenario y debutar\u00e1 en la competencia como local.<\/p>\n\n\n\n<p>El ministro de Econom\u00eda y candidato a presidente de Uni\u00f3n por la patria (UxP), <strong>Sergio Massa,<\/strong> y el presidente de la AFA, <strong>Claudio &#8220;Chiqui&#8221; Tapia,<\/strong> brindar\u00e1n este mediod\u00eda una conferencia de prensa relacionada al <a href=\"https:\/\/www.minutouno.com\/deportes\/mundial-2030\/como-se-juega-donde-sigue-y-todo-lo-que-hay-que-saber-n5837570\" target=\"_blank\" rel=\"noreferrer noopener\"><strong>Mundial 2030<\/strong><\/a><strong>,<\/strong> en el que la <a href=\"https:\/\/www.minutouno.com\/deportes\/mundial-2030\/la-conmebol-anuncio-que-argentina-uruguay-y-paraguay-inauguraran-el-n5837507\" target=\"_blank\" rel=\"noreferrer noopener\"><strong>Argentina, Uruguay<\/strong> y <strong>Paraguay<\/strong><\/a> <strong>ser\u00e1n los escenarios de los partidos inaugurales <\/strong>del certamen que organizar\u00e1n <strong>Espa\u00f1a, Portugal<\/strong> y <strong>Marruecos<\/strong>.<\/p>\n\n\n\n<p>El encuentro con los medios est\u00e1 previsto a las <strong>12<\/strong> en el <strong>predio Lionel Messi<\/strong> de <strong>Ezeiza.<\/strong> En el evento, adem\u00e1s de Massa y Tapia, estar\u00e1 el ministro de Turismo y Deportes, <strong>Mat\u00edas Lammens.<\/strong><\/p>\n\n\n\n<p>La presentaci\u00f3n ser\u00e1 transmitida en directo por el canal de Youtube oficial de la AFA, https:\/\/www.youtube.com\/@AFAOFICIAL.<\/p>\n\n\n\n<p>La Argentina ser\u00e1 una de las sedes de la hist\u00f3rica edici\u00f3n del Mundial 2030 que se abrir\u00e1 en Am\u00e9rica del Sur tambi\u00e9n en Uruguay y Paraguay y luego se completar\u00e1 en Espa\u00f1a, Portugal y Marruecos.<\/p>\n\n\n\n<p>Nuestro pa\u00eds albergar\u00e1 uno de los tres partidos inaugurales y organizar\u00e1 parte de la celebraci\u00f3n por el centenario de la primera Copa del Mundo de 1930.<\/p>\n\n\n\n<p>El anuncio de este hist\u00f3rico suceso lo realiz\u00f3 ayer el presidente de la Conmebol, el paraguayo Alejandro Dom\u00ednguez, y luego fue ratificado por el Consejo de la FIFA encabezado por Gianni Infantino.<\/p>\n","protected":false},"excerpt":{"rendered":"<p>Argentina ser\u00e1 una de las sedes de la Copa del Mundo Centenario y debutar\u00e1 en la competencia como local. El ministro de Econom\u00eda y candidato a presidente de Uni\u00f3n por la patria (UxP), Sergio Massa, y el presidente de la AFA, Claudio &#8220;Chiqui&#8221; Tapia, brindar\u00e1n este mediod\u00eda una conferencia de prensa relacionada al Mundial 2030, [&hellip;]<\/p>\n","protected":false},"author":1,"featured_media":10563,"comment_status":"open","ping_status":"open","sticky":false,"template":"","format":"standard","meta":{"_monsterinsights_skip_tracking":false,"_monsterinsights_sitenote_active":false,"_monsterinsights_sitenote_note":"","_monsterinsights_sitenote_category":0,"footnotes":""},"categories":[7],"tags":[160],"class_list":["post-10562","post","type-post","status-publish","format-standard","has-post-thumbnail","hentry","category-deportes","tag-160"],"_links":{"self":[{"href":"https:\/\/news.digitaltv.com.ar\/index.php?rest_route=\/wp\/v2\/posts\/10562","targetHints":{"allow":["GET"]}}],"collection":[{"href":"https:\/\/news.digitaltv.com.ar\/index.php?rest_route=\/wp\/v2\/posts"}],"about":[{"href":"https:\/\/news.digitaltv.com.ar\/index.php?rest_route=\/wp\/v2\/types\/post"}],"author":[{"embeddable":true,"href":"https:\/\/news.digitaltv.com.ar\/index.php?rest_route=\/wp\/v2\/users\/1"}],"replies":[{"embeddable":true,"href":"https:\/\/news.digitaltv.com.ar\/index.php?rest_route=%2Fwp%2Fv2%2Fcomments&post=10562"}],"version-history":[{"count":1,"href":"https:\/\/news.digitaltv.com.ar\/index.php?rest_route=\/wp\/v2\/posts\/10562\/revisions"}],"predecessor-version":[{"id":10564,"href":"https:\/\/news.digitaltv.com.ar\/index.php?rest_route=\/wp\/v2\/posts\/10562\/revisions\/10564"}],"wp:featuredmedia":[{"embeddable":true,"href":"https:\/\/news.digitaltv.com.ar\/index.php?rest_route=\/wp\/v2\/media\/10563"}],"wp:attachment":[{"href":"https:\/\/news.digitaltv.com.ar\/index.php?rest_route=%2Fwp%2Fv2%2Fmedia&parent=10562"}],"wp:term":[{"taxonomy":"category","embeddable":true,"href":"https:\/\/news.digitaltv.com.ar\/index.php?rest_route=%2Fwp%2Fv2%2Fcategories&post=10562"},{"taxonomy":"post_tag","embeddable":true,"href":"https:\/\/news.digitaltv.com.ar\/index.php?rest_route=%2Fwp%2Fv2%2Ftags&post=10562"}],"curies":[{"name":"wp","href":"https:\/\/api.w.org\/{rel}","templated":true}]}}