{"id":10642,"date":"2023-10-12T09:08:35","date_gmt":"2023-10-12T12:08:35","guid":{"rendered":"https:\/\/news.digitaltv.com.ar\/?p=10642"},"modified":"2023-10-16T10:45:51","modified_gmt":"2023-10-16T13:45:51","slug":"javier-milei-que-hagan-la-denuncia-que-quieran","status":"publish","type":"post","link":"https:\/\/news.digitaltv.com.ar\/?p=10642","title":{"rendered":"JAVIER MILEI &#8220;QUE HAGAN LA DENUNCIA QUE QUIERAN&#8221;"},"content":{"rendered":"\n<p>El candidato de la Libertad Avanza se refiri\u00f3 a la denuncia penal que formul\u00f3 Alberto Fern\u00e1ndez y carg\u00f3 tambi\u00e9n contra Juntos por el Cambio, al que se\u00f1al\u00f3 como &#8220;c\u00f3mplice&#8221;.<\/p>\n\n\n\n<p>En la tarde de este mi\u00e9rcoles, <strong>Javier Milei<\/strong> -candidato a presidente de <strong>La Libertad Avanza<\/strong>&#8211; brind\u00f3 una conferencia de prensa tras la <strong>denuncia que le formul\u00f3 el presidente Alberto Fern\u00e1ndez por intimidaci\u00f3n p\u00fablica <\/strong>en medio de la corrida cambiaria, que tambi\u00e9n involucra a <strong>Ramiro Marra<\/strong>, el candidato de LLA a jefe de Gobierno porte\u00f1o.<\/p>\n\n\n\n<p>Tambi\u00e9n, estuvo a su lado la aspirante a la gobernaci\u00f3n bonaerense, <strong>Carolina P\u00edparo<\/strong>, quien escuchaba atentamente al l\u00edder libertario c\u00f3mo cargaba contra el espacio de <strong>Juntos por el Cambio por ser &#8220;c\u00f3mplice del ataque&#8221; hacia su persona<\/strong>, as\u00ed como tambi\u00e9n criticaba al <strong>Gobierno Nacional<\/strong>, al que acus\u00f3 de querer ocultar la realidad y proscribir a la fuerza que se impuso en las PASO de agosto.<\/p>\n\n\n\n<p><\/p>\n","protected":false},"excerpt":{"rendered":"<p>El candidato de la Libertad Avanza se refiri\u00f3 a la denuncia penal que formul\u00f3 Alberto Fern\u00e1ndez y carg\u00f3 tambi\u00e9n contra Juntos por el Cambio, al que se\u00f1al\u00f3 como &#8220;c\u00f3mplice&#8221;. En la tarde de este mi\u00e9rcoles, Javier Milei -candidato a presidente de La Libertad Avanza&#8211; brind\u00f3 una conferencia de prensa tras la denuncia que le formul\u00f3 [&hellip;]<\/p>\n","protected":false},"author":1,"featured_media":8901,"comment_status":"open","ping_status":"open","sticky":false,"template":"","format":"standard","meta":{"_monsterinsights_skip_tracking":false,"_monsterinsights_sitenote_active":false,"_monsterinsights_sitenote_note":"","_monsterinsights_sitenote_category":0,"footnotes":""},"categories":[6],"tags":[160],"class_list":["post-10642","post","type-post","status-publish","format-standard","has-post-thumbnail","hentry","category-politica","tag-160"],"_links":{"self":[{"href":"https:\/\/news.digitaltv.com.ar\/index.php?rest_route=\/wp\/v2\/posts\/10642","targetHints":{"allow":["GET"]}}],"collection":[{"href":"https:\/\/news.digitaltv.com.ar\/index.php?rest_route=\/wp\/v2\/posts"}],"about":[{"href":"https:\/\/news.digitaltv.com.ar\/index.php?rest_route=\/wp\/v2\/types\/post"}],"author":[{"embeddable":true,"href":"https:\/\/news.digitaltv.com.ar\/index.php?rest_route=\/wp\/v2\/users\/1"}],"replies":[{"embeddable":true,"href":"https:\/\/news.digitaltv.com.ar\/index.php?rest_route=%2Fwp%2Fv2%2Fcomments&post=10642"}],"version-history":[{"count":1,"href":"https:\/\/news.digitaltv.com.ar\/index.php?rest_route=\/wp\/v2\/posts\/10642\/revisions"}],"predecessor-version":[{"id":10643,"href":"https:\/\/news.digitaltv.com.ar\/index.php?rest_route=\/wp\/v2\/posts\/10642\/revisions\/10643"}],"wp:featuredmedia":[{"embeddable":true,"href":"https:\/\/news.digitaltv.com.ar\/index.php?rest_route=\/wp\/v2\/media\/8901"}],"wp:attachment":[{"href":"https:\/\/news.digitaltv.com.ar\/index.php?rest_route=%2Fwp%2Fv2%2Fmedia&parent=10642"}],"wp:term":[{"taxonomy":"category","embeddable":true,"href":"https:\/\/news.digitaltv.com.ar\/index.php?rest_route=%2Fwp%2Fv2%2Fcategories&post=10642"},{"taxonomy":"post_tag","embeddable":true,"href":"https:\/\/news.digitaltv.com.ar\/index.php?rest_route=%2Fwp%2Fv2%2Ftags&post=10642"}],"curies":[{"name":"wp","href":"https:\/\/api.w.org\/{rel}","templated":true}]}}