{"id":10661,"date":"2023-10-16T10:43:25","date_gmt":"2023-10-16T13:43:25","guid":{"rendered":"https:\/\/news.digitaltv.com.ar\/?p=10661"},"modified":"2023-10-17T10:29:47","modified_gmt":"2023-10-17T13:29:47","slug":"se-reunio-la-junta-electoral-para-elaborar-la-consulta-popular-para-la-eleccion-de-delegados-de-los-pueblos","status":"publish","type":"post","link":"https:\/\/news.digitaltv.com.ar\/?p=10661","title":{"rendered":"SE REUNI\u00d3 LA JUNTA ELECTORAL PARA ELABORAR LA CONSULTA POPULAR PARA LA ELECCI\u00d3N DE DELEGADOS DE LOS PUEBLOS"},"content":{"rendered":"\n<p>El d\u00eda 6 y 12 de octubre del corriente, en el Sal\u00f3n Oval del Palacio Municipal se reunieron los integrantes de la Junta Electoral con representantes del Departamento Ejecutivo (Secretario de Gobierno Juan Manuel Rico Zini, Subsecretario de Asuntos Rurales An\u00edbal Figueiras, directora de Administraci\u00f3n de Gobierno Leticia Luissi), para analizar la convocatoria a Consulta Popular para la elecci\u00f3n de los 12 delegados de los pueblos del Partido, que se llevar\u00e1 a cabo el d\u00eda 5 de noviembre del corriente a\u00f1o, desde las 8 hasta las 18 horas, en cada una de las siguientes localidades: Mariano Ben\u00edtez, Manuel Ocampo, El Socorro, Rancagua, Guerrico, Fontezuela, Acevedo, Pinz\u00f3n, La Violeta, J.A. de la Pe\u00f1a, Urquiza y Mariano H. Alfonzo.<\/p>\n\n\n\n<p><strong>Requisitoria<\/strong><br>Conforme a lo publicado en los medios y como es costumbre en el Partido de Pergamino, el Intendente Municipal, a trav\u00e9s de la participaci\u00f3n de los vecinos de los pueblos de campa\u00f1a, elige a sus delegados, mediante el voto directo, secreto y no obligatorio.<\/p>\n\n\n\n<p>Oportunamente, desde la Secretar\u00eda de Gobierno se abrieron las inscripciones para el retiro de la documentaci\u00f3n correspondiente a los efectos de cumplir con los requisitos de postulaci\u00f3n.<\/p>\n\n\n\n<p>El plazo de presentaci\u00f3n de lista venci\u00f3 el mi\u00e9rcoles 11 de octubre de 2023, conforme el edicto p\u00fablico de los d\u00edas 23 y 24 de Septiembre del corriente.<\/p>\n\n\n\n<p><strong>Junta Electoral<\/strong><br>La Junta Electoral qued\u00f3 conformada, por el decreto DECTO-2023-3420-E-PER-INT del 20 de Septiembre de 2023, por el escribano Alcides Sequeiro, la Diputada Nacional (MC) Rosa Ester Tulio y el Dr. Carlos Gabriel Mar\u00eda Mosca.<\/p>\n\n\n\n<p>Se comunica adem\u00e1s que solamente podr\u00e1n ser electores los ciudadanos que se encuentren en los padrones que suministr\u00f3 la Junta Electoral de la Provincia de Buenos Aires.<\/p>\n","protected":false},"excerpt":{"rendered":"<p>El d\u00eda 6 y 12 de octubre del corriente, en el Sal\u00f3n Oval del Palacio Municipal se reunieron los integrantes de la Junta Electoral con representantes del Departamento Ejecutivo (Secretario de Gobierno Juan Manuel Rico Zini, Subsecretario de Asuntos Rurales An\u00edbal Figueiras, directora de Administraci\u00f3n de Gobierno Leticia Luissi), para analizar la convocatoria a Consulta [&hellip;]<\/p>\n","protected":false},"author":1,"featured_media":10662,"comment_status":"open","ping_status":"open","sticky":false,"template":"","format":"standard","meta":{"_monsterinsights_skip_tracking":false,"_monsterinsights_sitenote_active":false,"_monsterinsights_sitenote_note":"","_monsterinsights_sitenote_category":0,"footnotes":""},"categories":[152],"tags":[160],"class_list":["post-10661","post","type-post","status-publish","format-standard","has-post-thumbnail","hentry","category-pergamino","tag-160"],"_links":{"self":[{"href":"https:\/\/news.digitaltv.com.ar\/index.php?rest_route=\/wp\/v2\/posts\/10661","targetHints":{"allow":["GET"]}}],"collection":[{"href":"https:\/\/news.digitaltv.com.ar\/index.php?rest_route=\/wp\/v2\/posts"}],"about":[{"href":"https:\/\/news.digitaltv.com.ar\/index.php?rest_route=\/wp\/v2\/types\/post"}],"author":[{"embeddable":true,"href":"https:\/\/news.digitaltv.com.ar\/index.php?rest_route=\/wp\/v2\/users\/1"}],"replies":[{"embeddable":true,"href":"https:\/\/news.digitaltv.com.ar\/index.php?rest_route=%2Fwp%2Fv2%2Fcomments&post=10661"}],"version-history":[{"count":1,"href":"https:\/\/news.digitaltv.com.ar\/index.php?rest_route=\/wp\/v2\/posts\/10661\/revisions"}],"predecessor-version":[{"id":10663,"href":"https:\/\/news.digitaltv.com.ar\/index.php?rest_route=\/wp\/v2\/posts\/10661\/revisions\/10663"}],"wp:featuredmedia":[{"embeddable":true,"href":"https:\/\/news.digitaltv.com.ar\/index.php?rest_route=\/wp\/v2\/media\/10662"}],"wp:attachment":[{"href":"https:\/\/news.digitaltv.com.ar\/index.php?rest_route=%2Fwp%2Fv2%2Fmedia&parent=10661"}],"wp:term":[{"taxonomy":"category","embeddable":true,"href":"https:\/\/news.digitaltv.com.ar\/index.php?rest_route=%2Fwp%2Fv2%2Fcategories&post=10661"},{"taxonomy":"post_tag","embeddable":true,"href":"https:\/\/news.digitaltv.com.ar\/index.php?rest_route=%2Fwp%2Fv2%2Ftags&post=10661"}],"curies":[{"name":"wp","href":"https:\/\/api.w.org\/{rel}","templated":true}]}}