{"id":10722,"date":"2023-10-21T11:00:58","date_gmt":"2023-10-21T14:00:58","guid":{"rendered":"https:\/\/news.digitaltv.com.ar\/?p=10722"},"modified":"2023-10-23T09:05:19","modified_gmt":"2023-10-23T12:05:19","slug":"la-inflacion-semanal-que-mide-el-ministerio-de-economia-llego-al-22-en-la-segunda-semana-de-octubre","status":"publish","type":"post","link":"https:\/\/news.digitaltv.com.ar\/?p=10722","title":{"rendered":"LA INFLACI\u00d3N SEMANAL QUE MIDE EL MINISTERIO DE ECONOM\u00cdA LLEG\u00d3 AL 2,2% EN LA SEGUNDA SEMANA DE OCTUBRE"},"content":{"rendered":"\n<p>La Secretar\u00eda de Pol\u00edtica Econ\u00f3mica publica un informe de precios cada siete d\u00edas. Ese \u00edndice, distinto al del Indec, se movi\u00f3 2,2% en la semana del 9 de octubre. La inflaci\u00f3n de cuatro semanas aceler\u00f3 as\u00ed al 8 por ciento<\/p>\n\n\n\n<p>El <strong>nivel general de precios subi\u00f3 2,2% en la segunda semana de octubre<\/strong> seg\u00fan el relevamiento que realiza cada siete d\u00edas la<strong> Secretar\u00eda de Pol\u00edtica Econ\u00f3mica<\/strong>, a cargo de <strong>Gabriel Rubinstein<\/strong>. La suba fue <strong>mayor a la esperada<\/strong>, seg\u00fan el Palacio de Hacienda debido a la disparada de los d\u00f3lares financieros. En el tramo final hacia las elecciones presidenciales de este domingo, la inestabilidad cambiaria y la incertidumbre pol\u00edtica volvieron a traducirse en aumentos para el costo de la vida.<\/p>\n\n\n\n<p>\u201cEn el relevamiento semanal, se destacan por subas mayores al promedio (2,2% ) los rubros de Frutas (9,4%) y Verduras (7,3%). En cambio, los Alimentos y Bebidas de almac\u00e9n subieron igual al promedio (2,2%), mientras que Indumentaria (1,9%) y Carnes (2,1% ) aumentaron por debajo. Los rubros regulados se mantuvieron estables luego de la actualizaci\u00f3n de precios en la primera semana\u201d, agreg\u00f3 el informe.<\/p>\n\n\n\n<blockquote class=\"wp-block-quote is-layout-flow wp-block-quote-is-layout-flow\"><p>\u201cLa suba semanal ha sido m\u00e1s alta de lo que esper\u00e1bamos una semana atr\u00e1s, y entendemos ha estado influenciada por la fuerte suba reciente de los d\u00f3lares financieros\u201d<\/p><\/blockquote>\n\n\n\n<p>\u201cLa suba semanal ha sido m\u00e1s alta de lo que esper\u00e1bamos una semana atr\u00e1s, y entendemos ha estado influenciada por la fuerte suba reciente de los d\u00f3lares financieros (del orden del 20% en muy pocos d\u00edas). Cuando los d\u00f3lares financieros registran subas abruptas, muchos comerciantes y productores aumentan sus precios preventivamente, y muchos consumidores convalidan tales aumentos, por temor a que las subas se aceleren m\u00e1s a\u00fan\u201d, sostuvo el an\u00e1lisis oficial.<\/p>\n\n\n\n<p>\u201c<strong>De ah\u00ed la importancia que Argentina cuente con reservas suficientes<\/strong> para intervenir en los mercados de divisas en momentos de significativa incertidumbre, conteniendo la propagaci\u00f3n de conductas disruptivas\u201d, concluy\u00f3.<\/p>\n\n\n\n<p>El relevamiento que hace Econom\u00eda mira variables similares a las que releva cada mes el <strong>Indec<\/strong>, pero por diferencias metodol\u00f3gicas<strong> llega a n\u00fameros muy distintos<\/strong>. Pero aunque las cifras sean distintas, la pel\u00edcula que muestran es la misma. Tal como explica la publicaci\u00f3n, el relevamiento mide los movimientos de precios en per\u00edodos m\u00e1s cortos que el Indec -semanal en lugar de mensual- y calcula promedios de 4 semanas, es decir, ante cada publicaci\u00f3n se elimina del promedio el dato de cinco semanas atr\u00e1s y se incorpora el nuevo.<\/p>\n\n\n\n<blockquote class=\"wp-block-quote is-layout-flow wp-block-quote-is-layout-flow\"><p>\u201cMuchos comerciantes y productores aumentan sus precios preventivamente, y muchos consumidores convalidan tales aumentos, por temor a que las subas se aceleren m\u00e1s a\u00fan\u201d<\/p><\/blockquote>\n\n\n\n<p>Lejos de discutir o poner en duda el <strong>IPC del Indec<\/strong>, esta medida diferente lo que hace es<strong> precisar mejor saltos y bajas puntuales<\/strong> en la velocidad de avance del nivel general de precios. Por ejemplo, en la semana de las PASO -en agosto- este indicador detect\u00f3 un salto del 3,7% en el nivel de precios y, una semana m\u00e1s tarde, del 4,7 por ciento. Ambos en per\u00edodos de apenas siete d\u00edas. El promedio de cuatro semanas, mientras tanto, lleg\u00f3 a superar el 15% en algunos momentos. Un pico que el Indec, al comparar promedios mensuales, no detect\u00f3: midi\u00f3 12,4% en agosto y 12,7% en septiembre.<\/p>\n\n\n\n<p>\u201cLuego de los picos de agosto del orden del 15% (nuevamente, en el acumulado de 4 semanas), en las \u00faltimas semanas las subas han alcanzado valores cercanos al 8%\u201d, coment\u00f3 el reporte.<\/p>\n\n\n\n<p>\u201cAclaramos nuevamente que las cifras que publicamos, siendo compatibles con las publicadas por el INDEC, no deben compararse directamente con las mismas, ya que la metodolog\u00eda del INDEC compara el promedio de lo ocurrido en un mes respecto al promedio de lo ocurrido en el mes anterior, mientras que la metodolog\u00eda de la SPE s\u00f3lo considera lo ocurrido en las \u00faltimas 4 semanas\u201d, concluy\u00f3.<\/p>\n\n\n\n<p><\/p>\n","protected":false},"excerpt":{"rendered":"<p>La Secretar\u00eda de Pol\u00edtica Econ\u00f3mica publica un informe de precios cada siete d\u00edas. Ese \u00edndice, distinto al del Indec, se movi\u00f3 2,2% en la semana del 9 de octubre. La inflaci\u00f3n de cuatro semanas aceler\u00f3 as\u00ed al 8 por ciento El nivel general de precios subi\u00f3 2,2% en la segunda semana de octubre seg\u00fan el [&hellip;]<\/p>\n","protected":false},"author":1,"featured_media":5033,"comment_status":"open","ping_status":"open","sticky":false,"template":"","format":"standard","meta":{"_monsterinsights_skip_tracking":false,"_monsterinsights_sitenote_active":false,"_monsterinsights_sitenote_note":"","_monsterinsights_sitenote_category":0,"footnotes":""},"categories":[152],"tags":[160],"class_list":["post-10722","post","type-post","status-publish","format-standard","has-post-thumbnail","hentry","category-pergamino","tag-160"],"_links":{"self":[{"href":"https:\/\/news.digitaltv.com.ar\/index.php?rest_route=\/wp\/v2\/posts\/10722","targetHints":{"allow":["GET"]}}],"collection":[{"href":"https:\/\/news.digitaltv.com.ar\/index.php?rest_route=\/wp\/v2\/posts"}],"about":[{"href":"https:\/\/news.digitaltv.com.ar\/index.php?rest_route=\/wp\/v2\/types\/post"}],"author":[{"embeddable":true,"href":"https:\/\/news.digitaltv.com.ar\/index.php?rest_route=\/wp\/v2\/users\/1"}],"replies":[{"embeddable":true,"href":"https:\/\/news.digitaltv.com.ar\/index.php?rest_route=%2Fwp%2Fv2%2Fcomments&post=10722"}],"version-history":[{"count":1,"href":"https:\/\/news.digitaltv.com.ar\/index.php?rest_route=\/wp\/v2\/posts\/10722\/revisions"}],"predecessor-version":[{"id":10723,"href":"https:\/\/news.digitaltv.com.ar\/index.php?rest_route=\/wp\/v2\/posts\/10722\/revisions\/10723"}],"wp:featuredmedia":[{"embeddable":true,"href":"https:\/\/news.digitaltv.com.ar\/index.php?rest_route=\/wp\/v2\/media\/5033"}],"wp:attachment":[{"href":"https:\/\/news.digitaltv.com.ar\/index.php?rest_route=%2Fwp%2Fv2%2Fmedia&parent=10722"}],"wp:term":[{"taxonomy":"category","embeddable":true,"href":"https:\/\/news.digitaltv.com.ar\/index.php?rest_route=%2Fwp%2Fv2%2Fcategories&post=10722"},{"taxonomy":"post_tag","embeddable":true,"href":"https:\/\/news.digitaltv.com.ar\/index.php?rest_route=%2Fwp%2Fv2%2Ftags&post=10722"}],"curies":[{"name":"wp","href":"https:\/\/api.w.org\/{rel}","templated":true}]}}