{"id":10743,"date":"2023-10-23T09:14:05","date_gmt":"2023-10-23T12:14:05","guid":{"rendered":"https:\/\/news.digitaltv.com.ar\/?p=10743"},"modified":"2023-10-24T10:49:59","modified_gmt":"2023-10-24T13:49:59","slug":"victoria-villarruel-tras-la-derrota-de-bullrich-siempre-van-a-encontrar-aliados-en-nosotros","status":"publish","type":"post","link":"https:\/\/news.digitaltv.com.ar\/?p=10743","title":{"rendered":"VICTORIA VILLARRUEL TRAS LA DERROTA DE BULLRICH &#8220;SIEMPRE VAN A ENCONTRAR ALIADOS EN NOSOTROS&#8221;"},"content":{"rendered":"\n<p>Tras haber quedado 6 puntos atr\u00e1s de Sergio Massa, la candidata a vicepresidenta de La Libertad Avanza sostuvo la oportunidad de unirse a Juntos por el Cambio en un claro manotazo de ahogado.<\/p>\n\n\n\n<p>Tras el conocimiento de los resultados oficiales que ubican a <strong>Patricia Bullrich <\/strong>como la gran perdedora de las elecciones generales, <strong>Victoria Villarruel <\/strong>se\u00f1al\u00f3 que<strong> Juntos por el Cambio &#8220;siempre va a encontrar aliados en nosotros&#8221;<\/strong>.<\/p>\n\n\n\n<p>Por supuesto, esto tiene que ver con los n\u00fameros de <strong>Sergio Massa<\/strong>, que se ubic\u00f3 como primer ganador con m\u00e1s del 36% de los votos, mientras que <strong>Javier Milei <\/strong>se coloc\u00f3 segundo con m\u00e1s del 30%.<\/p>\n\n\n\n<p>Ante la posibilidad de que el candidato de <strong>Uni\u00f3n por la Patria<\/strong> gane el <a href=\"https:\/\/www.minutouno.com\/politica\/balotaje\/cuando-sera-el-sergio-massa-y-javier-milei-n5852896\" target=\"_blank\" rel=\"noreferrer noopener\">balotaje el pr\u00f3ximo 19 de noviembre<\/a>, la candidata a vicepresidenta de <strong>La Libertad Avanza<\/strong> -en un claro manotazo de ahogada- se\u00f1al\u00f3 <strong>sus intenciones de unirse a la coalici\u00f3n del PRO<\/strong>.<\/p>\n\n\n\n<p>&#8220;Siempre hay oportunidades de hablar&#8221;, indic\u00f3 sonriente. Pero al ser consultada por los dichos sobre que Bullrich era una &#8220;montonera tira bombas&#8221; por parte de Javier Milei, Villarruel sostuvo: &#8220;<strong>Siempre he sido respetuosa con respecto a la integraci\u00f3n de Patricia en Montoneros<\/strong>, de mi parte vamos a ir a ganar las elecciones en noviembre&#8221;.<\/p>\n\n\n\n<p>Y agreg\u00f3: <strong>&#8220;Siempre vamos a conversar con quienes vayan en contra de la corrupci\u00f3n kirchnerista&#8221;<\/strong>, al mismo tiempo que invit\u00f3 a &#8220;todos aquellos que sienten esto como un fracaso a que se unan a La Libertad Avanza&#8221;<\/p>\n","protected":false},"excerpt":{"rendered":"<p>Tras haber quedado 6 puntos atr\u00e1s de Sergio Massa, la candidata a vicepresidenta de La Libertad Avanza sostuvo la oportunidad de unirse a Juntos por el Cambio en un claro manotazo de ahogado. Tras el conocimiento de los resultados oficiales que ubican a Patricia Bullrich como la gran perdedora de las elecciones generales, Victoria Villarruel [&hellip;]<\/p>\n","protected":false},"author":1,"featured_media":10744,"comment_status":"open","ping_status":"open","sticky":false,"template":"","format":"standard","meta":{"_monsterinsights_skip_tracking":false,"_monsterinsights_sitenote_active":false,"_monsterinsights_sitenote_note":"","_monsterinsights_sitenote_category":0,"footnotes":""},"categories":[6],"tags":[160],"class_list":["post-10743","post","type-post","status-publish","format-standard","has-post-thumbnail","hentry","category-politica","tag-160"],"_links":{"self":[{"href":"https:\/\/news.digitaltv.com.ar\/index.php?rest_route=\/wp\/v2\/posts\/10743","targetHints":{"allow":["GET"]}}],"collection":[{"href":"https:\/\/news.digitaltv.com.ar\/index.php?rest_route=\/wp\/v2\/posts"}],"about":[{"href":"https:\/\/news.digitaltv.com.ar\/index.php?rest_route=\/wp\/v2\/types\/post"}],"author":[{"embeddable":true,"href":"https:\/\/news.digitaltv.com.ar\/index.php?rest_route=\/wp\/v2\/users\/1"}],"replies":[{"embeddable":true,"href":"https:\/\/news.digitaltv.com.ar\/index.php?rest_route=%2Fwp%2Fv2%2Fcomments&post=10743"}],"version-history":[{"count":1,"href":"https:\/\/news.digitaltv.com.ar\/index.php?rest_route=\/wp\/v2\/posts\/10743\/revisions"}],"predecessor-version":[{"id":10745,"href":"https:\/\/news.digitaltv.com.ar\/index.php?rest_route=\/wp\/v2\/posts\/10743\/revisions\/10745"}],"wp:featuredmedia":[{"embeddable":true,"href":"https:\/\/news.digitaltv.com.ar\/index.php?rest_route=\/wp\/v2\/media\/10744"}],"wp:attachment":[{"href":"https:\/\/news.digitaltv.com.ar\/index.php?rest_route=%2Fwp%2Fv2%2Fmedia&parent=10743"}],"wp:term":[{"taxonomy":"category","embeddable":true,"href":"https:\/\/news.digitaltv.com.ar\/index.php?rest_route=%2Fwp%2Fv2%2Fcategories&post=10743"},{"taxonomy":"post_tag","embeddable":true,"href":"https:\/\/news.digitaltv.com.ar\/index.php?rest_route=%2Fwp%2Fv2%2Ftags&post=10743"}],"curies":[{"name":"wp","href":"https:\/\/api.w.org\/{rel}","templated":true}]}}