{"id":1077,"date":"2022-03-22T12:50:56","date_gmt":"2022-03-22T15:50:56","guid":{"rendered":"https:\/\/wp.digitaltv.com.ar\/?p=1077"},"modified":"2022-03-23T08:51:14","modified_gmt":"2022-03-23T11:51:14","slug":"la-linagliptina-el-medicamento-que-disminuye-la-incidencia-del-uso-de-ventilacion-mecanica-y-el-riesgo-de-muerte-para-pacientes-diabeticos-con-covid-19","status":"publish","type":"post","link":"https:\/\/news.digitaltv.com.ar\/?p=1077","title":{"rendered":"La LINAGLIPTINA, el \u00a0medicamento que disminuye la incidencia del uso de ventilaci\u00f3n mec\u00e1nica y el riesgo de muerte para \u00a0pacientes diab\u00e9ticos con COVID-19"},"content":{"rendered":"\n<h2 class=\"wp-block-heading\">La incidencia del uso de ventilaci\u00f3n mec\u00e1nica fue cuatro veces mayor en el grupo de pacientes que solo recibieron insulina frente a los que recibieron el tratamiento combinado.<\/h2>\n\n\n\n<p>Seg\u00fan resultados publicados recientemente en la prestigiosa revista&nbsp;<a href=\"https:\/\/www.nature.com\/articles\/s41598-021-04511-1\" target=\"_blank\" rel=\"noreferrer noopener\"><em>Nature<\/em><\/a>, en una investigaci\u00f3n realizada recientemente en &nbsp;<a href=\"https:\/\/www.ugto.mx\/en\/\" target=\"_blank\" rel=\"noreferrer noopener\">Universidad de Guanajuato<\/a>&nbsp;en M\u00e9xico, &nbsp;<strong>los cient\u00edficos se centraron en el uso de la linagliptina, un medicamento para regular el az\u00facar en sangre en pacientes con diabetes mellitus tipo 2<\/strong>, para el tratamiento de personas diab\u00e9ticas hospitalizadas por COVID-19. Su prop\u00f3sito fue&nbsp;<strong>evaluar el impacto del medicamento en la utilizaci\u00f3n de la ventilaci\u00f3n mec\u00e1nica y el riesgo de muerte hospitalaria<\/strong>.<\/p>\n\n\n\n<p>En el caso de la diabetes mellitus tipo 2, a largo plazo, se dan complicaciones diversas como hipertensi\u00f3n arterial, obesidad, cardiopat\u00edas, neuropat\u00edas, hipotiroidismo, enfermedad renal, da\u00f1o ocular y enfermedades de la piel, entre otras. Esta comorbilidad (la presencia de una o m\u00e1s enfermedades asociadas a la principal) es, precisamente, el detonante de un pron\u00f3stico poco favorable para quienes contraen COVID-19.<\/p>\n\n\n\n<p>\u201cCon la diabetes se produce m\u00e1s inflamaci\u00f3n en el cuerpo y el sistema inmunitario est\u00e1 muy comprometido. Esto significa que,&nbsp;<strong>si una persona con diabetes contrae COVID-19, el cuadro cl\u00ednico del paciente resulta m\u00e1s grave y tiende a empeorar m\u00e1s r\u00e1pido<\/strong>. Adem\u00e1s, se ha visto que la mortalidad por COVID-19 de las personas diagnosticadas con diabetes es mayor en comparaci\u00f3n con las personas infectadas por el virus que no la padecen\u201d, explic\u00f3 el Dr. Erik Su\u00e1rez, uno de los cient\u00edficos que dirigi\u00f3 el estudio.<\/p>\n\n\n\n<p>\u201cSe podr\u00eda decir que la diabetes confiere un riesgo a\u00f1adido a aquellos que la tienen y se infectan de COVID-19. Por tanto, la premisa de este estudio era que,<strong>&nbsp;si logr\u00e1bamos controlar mejor el nivel de az\u00facar en este tipo de pacientes, podr\u00edamos evitar que llegaran a necesitar ventilaci\u00f3n mec\u00e1nica y disminuir as\u00ed el riesgo de muerte<\/strong>; tener un mejor pron\u00f3stico\u201d, agreg\u00f3.<\/p>\n\n\n\n<p>Para ello, los investigadores realizaron un ensayo cl\u00ednico aleatorio controlado, entre junio de 2020 y febrero de 2021, donde se reclutaron 69 sujetos de caracter\u00edsticas similares (edad, az\u00facar glicosilada de los \u00faltimos tres meses y glucemia inicial altas) hospitalizados por infecci\u00f3n de&nbsp;<a href=\"https:\/\/www.elnuevodia.com\/noticias\/coronavirus\/\" target=\"_blank\" rel=\"noreferrer noopener\">SARS-CoV-2<\/a>, virus que causa el COVID-19. En total, 34 sujetos recibieron un tratamiento combinado de insulina y linagliptina, y los 35 restantes solo recibieron insulina.<\/p>\n\n\n\n<figure class=\"wp-block-pullquote\"><blockquote><p>Los resultados de la investigaci\u00f3n demostraron que&nbsp;<strong>la incidencia del uso de ventilaci\u00f3n mec\u00e1nica fue cuatro veces mayor en el grupo de pacientes que solo recibieron insulina frente a los que recibieron el tratamiento combinado<\/strong>. De igual forma, el riesgo de muerte fue tres veces mayor en el grupo que solo recibi\u00f3 insulina frente al que la recibi\u00f3 combinada con linagliptina.<\/p><\/blockquote><\/figure>\n\n\n\n<p>\u201cEl exceso en muertes de aquellos que solo recibieron insulina no fue estad\u00edsticamente significativo, ya que el tama\u00f1o de la muestra (n\u00famero de sujetos que participaron en el estudio) no era lo suficientemente grande para evidenciar estad\u00edsticamente las diferencias en mortalidad. No obstante,&nbsp;<strong>s\u00ed se evidenciaron diferencias estad\u00edsticamente significativas en el uso de la ventilaci\u00f3n mec\u00e1nica, lo cual puede impactar la mortalidad de estos pacientes eventualmente<\/strong>.<\/p>\n","protected":false},"excerpt":{"rendered":"<p>La incidencia del uso de ventilaci\u00f3n mec\u00e1nica fue cuatro veces mayor en el grupo de pacientes que solo recibieron insulina frente a los que recibieron el tratamiento combinado. Seg\u00fan resultados publicados recientemente en la prestigiosa revista&nbsp;Nature, en una investigaci\u00f3n realizada recientemente en &nbsp;Universidad de Guanajuato&nbsp;en M\u00e9xico, &nbsp;los cient\u00edficos se centraron en el uso de la [&hellip;]<\/p>\n","protected":false},"author":8,"featured_media":1078,"comment_status":"open","ping_status":"open","sticky":false,"template":"","format":"standard","meta":{"_monsterinsights_skip_tracking":false,"_monsterinsights_sitenote_active":false,"_monsterinsights_sitenote_note":"","_monsterinsights_sitenote_category":0,"footnotes":""},"categories":[151,1],"tags":[160],"class_list":["post-1077","post","type-post","status-publish","format-standard","has-post-thumbnail","hentry","category-salud","category-sin-categoria","tag-160"],"_links":{"self":[{"href":"https:\/\/news.digitaltv.com.ar\/index.php?rest_route=\/wp\/v2\/posts\/1077","targetHints":{"allow":["GET"]}}],"collection":[{"href":"https:\/\/news.digitaltv.com.ar\/index.php?rest_route=\/wp\/v2\/posts"}],"about":[{"href":"https:\/\/news.digitaltv.com.ar\/index.php?rest_route=\/wp\/v2\/types\/post"}],"author":[{"embeddable":true,"href":"https:\/\/news.digitaltv.com.ar\/index.php?rest_route=\/wp\/v2\/users\/8"}],"replies":[{"embeddable":true,"href":"https:\/\/news.digitaltv.com.ar\/index.php?rest_route=%2Fwp%2Fv2%2Fcomments&post=1077"}],"version-history":[{"count":3,"href":"https:\/\/news.digitaltv.com.ar\/index.php?rest_route=\/wp\/v2\/posts\/1077\/revisions"}],"predecessor-version":[{"id":1082,"href":"https:\/\/news.digitaltv.com.ar\/index.php?rest_route=\/wp\/v2\/posts\/1077\/revisions\/1082"}],"wp:featuredmedia":[{"embeddable":true,"href":"https:\/\/news.digitaltv.com.ar\/index.php?rest_route=\/wp\/v2\/media\/1078"}],"wp:attachment":[{"href":"https:\/\/news.digitaltv.com.ar\/index.php?rest_route=%2Fwp%2Fv2%2Fmedia&parent=1077"}],"wp:term":[{"taxonomy":"category","embeddable":true,"href":"https:\/\/news.digitaltv.com.ar\/index.php?rest_route=%2Fwp%2Fv2%2Fcategories&post=1077"},{"taxonomy":"post_tag","embeddable":true,"href":"https:\/\/news.digitaltv.com.ar\/index.php?rest_route=%2Fwp%2Fv2%2Ftags&post=1077"}],"curies":[{"name":"wp","href":"https:\/\/api.w.org\/{rel}","templated":true}]}}