{"id":10770,"date":"2023-10-25T08:46:06","date_gmt":"2023-10-25T11:46:06","guid":{"rendered":"https:\/\/news.digitaltv.com.ar\/?p=10770"},"modified":"2023-10-26T09:10:16","modified_gmt":"2023-10-26T12:10:16","slug":"se-suspendio-una-vez-mas-la-reunion-del-pro","status":"publish","type":"post","link":"https:\/\/news.digitaltv.com.ar\/?p=10770","title":{"rendered":"SE SUSPENDI\u00d3 UNA VEZ MAS LA REUNI\u00d3N DEL PRO"},"content":{"rendered":"\n<p>En medio del fuerte debate interno en la coalici\u00f3n opositora <strong>Juntos por el Cambio (JXC)<\/strong> tras la derrota en las elecciones del domingo pasado, y tras rumores de un encuentro entre Javier Milei y Mauricio Macri, este mi\u00e9rcoles se volvi\u00f3 a suspender la reuni\u00f3n de referentes del PRO que ya hab\u00eda sido cancelada ayer.<\/p>\n","protected":false},"excerpt":{"rendered":"<p>En medio del fuerte debate interno en la coalici\u00f3n opositora Juntos por el Cambio (JXC) tras la derrota en las elecciones del domingo pasado, y tras rumores de un encuentro entre Javier Milei y Mauricio Macri, este mi\u00e9rcoles se volvi\u00f3 a suspender la reuni\u00f3n de referentes del PRO que ya hab\u00eda sido cancelada ayer.<\/p>\n","protected":false},"author":1,"featured_media":10771,"comment_status":"open","ping_status":"open","sticky":false,"template":"","format":"standard","meta":{"_monsterinsights_skip_tracking":false,"_monsterinsights_sitenote_active":false,"_monsterinsights_sitenote_note":"","_monsterinsights_sitenote_category":0,"footnotes":""},"categories":[6],"tags":[160],"class_list":["post-10770","post","type-post","status-publish","format-standard","has-post-thumbnail","hentry","category-politica","tag-160"],"_links":{"self":[{"href":"https:\/\/news.digitaltv.com.ar\/index.php?rest_route=\/wp\/v2\/posts\/10770","targetHints":{"allow":["GET"]}}],"collection":[{"href":"https:\/\/news.digitaltv.com.ar\/index.php?rest_route=\/wp\/v2\/posts"}],"about":[{"href":"https:\/\/news.digitaltv.com.ar\/index.php?rest_route=\/wp\/v2\/types\/post"}],"author":[{"embeddable":true,"href":"https:\/\/news.digitaltv.com.ar\/index.php?rest_route=\/wp\/v2\/users\/1"}],"replies":[{"embeddable":true,"href":"https:\/\/news.digitaltv.com.ar\/index.php?rest_route=%2Fwp%2Fv2%2Fcomments&post=10770"}],"version-history":[{"count":1,"href":"https:\/\/news.digitaltv.com.ar\/index.php?rest_route=\/wp\/v2\/posts\/10770\/revisions"}],"predecessor-version":[{"id":10772,"href":"https:\/\/news.digitaltv.com.ar\/index.php?rest_route=\/wp\/v2\/posts\/10770\/revisions\/10772"}],"wp:featuredmedia":[{"embeddable":true,"href":"https:\/\/news.digitaltv.com.ar\/index.php?rest_route=\/wp\/v2\/media\/10771"}],"wp:attachment":[{"href":"https:\/\/news.digitaltv.com.ar\/index.php?rest_route=%2Fwp%2Fv2%2Fmedia&parent=10770"}],"wp:term":[{"taxonomy":"category","embeddable":true,"href":"https:\/\/news.digitaltv.com.ar\/index.php?rest_route=%2Fwp%2Fv2%2Fcategories&post=10770"},{"taxonomy":"post_tag","embeddable":true,"href":"https:\/\/news.digitaltv.com.ar\/index.php?rest_route=%2Fwp%2Fv2%2Ftags&post=10770"}],"curies":[{"name":"wp","href":"https:\/\/api.w.org\/{rel}","templated":true}]}}