{"id":10787,"date":"2023-10-26T09:19:07","date_gmt":"2023-10-26T12:19:07","guid":{"rendered":"https:\/\/news.digitaltv.com.ar\/?p=10787"},"modified":"2023-11-07T09:03:19","modified_gmt":"2023-11-07T12:03:19","slug":"todavia-tiene-el-tupe-de-hablar-en-nombre-de-los-6-millones","status":"publish","type":"post","link":"https:\/\/news.digitaltv.com.ar\/?p=10787","title":{"rendered":"&#8220;TODAV\u00cdA TIENE EL TUP\u00c9 DE HABLAR EN NOMBRE DE LOS 6 MILLONES&#8221;"},"content":{"rendered":"\n<p>&#8220;Patricia fue candidata hasta hace 3 d\u00edas. Queda todo un espacio que apoy\u00f3 una idea, que apoy\u00f3 valores, un concepto y todav\u00eda tiene el tup\u00e9 de hablar en nombre de los m\u00e1s de 6 millones de votos que obtuvimos&#8221;, le recrimin\u00f3 el gobernador de Jujuy a la excandidata.<\/p>\n\n\n\n<p>El gobernador de Jujuy, Gerardo Morales, critic\u00f3 este mi\u00e9rcoles que Patricia Bullrich<strong> tenga &#8220;el tup\u00e9 de hablar en nombre de los m\u00e1s de 6 millones&#8221; de votantes de Juntos por el Cambio (JxC) <\/strong>y acus\u00f3 a la exministra de Seguridad de &#8220;levantar&#8221; la reuni\u00f3n que esa coalici\u00f3n ten\u00eda programada para el d\u00eda de este jueves.<\/p>\n\n\n\n<p>El l\u00edder de la Uni\u00f3n C\u00edvica Radical calific\u00f3 este mi\u00e9rcoles de <strong>&#8220;pat\u00e9tico y vergonzoso&#8221; el abrazo de reconciliaci\u00f3n entre Bullrich y Javier Milei<\/strong> durante una entrevista con TN.<\/p>\n\n\n\n<p>&#8220;Patricia fue candidata hasta hace 3 d\u00edas. Queda todo un espacio que apoy\u00f3 una idea, que apoy\u00f3 valores, un concepto y todav\u00eda tiene el tup\u00e9 de hablar en nombre de los m\u00e1s de 6 millones de votos que obtuvimos&#8221;, le recrimin\u00f3 a la excandidata.<\/p>\n\n\n\n<p>Sobre la representatividad que se arrog\u00f3 Bullrich, cuestion\u00f3: &#8220;\u00bfC\u00f3mo sabe eso? Yo la vot\u00e9 y no quiero eso&#8221;.<\/p>\n\n\n\n<p>Este mediod\u00eda, Bullrich expres\u00f3 p\u00fablicamente su apoyo a Milei en el balotaje que lo enfrentar\u00e1 el 19 de noviembre con el candidato de Uni\u00f3n por la Patria, Sergio Massa.<\/p>\n\n\n\n<p>En cuanto a la alianza de Bullrich con Milei, reproch\u00f3 que &#8220;es lo peor de la casta&#8221; y tild\u00f3 al libertario de &#8220;loco&#8221;.<\/p>\n\n\n\n<p>Para el juje\u00f1o, adem\u00e1s, &#8220;Macri es el gran responsable&#8221; de la derrota de JxC en las elecciones generales y mencion\u00f3 como un error el &#8220;criterio de amplitud&#8221; al no sumar a la coalici\u00f3n al cordob\u00e9s Juan Schiaretti.<\/p>\n","protected":false},"excerpt":{"rendered":"<p>&#8220;Patricia fue candidata hasta hace 3 d\u00edas. Queda todo un espacio que apoy\u00f3 una idea, que apoy\u00f3 valores, un concepto y todav\u00eda tiene el tup\u00e9 de hablar en nombre de los m\u00e1s de 6 millones de votos que obtuvimos&#8221;, le recrimin\u00f3 el gobernador de Jujuy a la excandidata. El gobernador de Jujuy, Gerardo Morales, critic\u00f3 [&hellip;]<\/p>\n","protected":false},"author":1,"featured_media":10788,"comment_status":"open","ping_status":"open","sticky":false,"template":"","format":"standard","meta":{"_monsterinsights_skip_tracking":false,"_monsterinsights_sitenote_active":false,"_monsterinsights_sitenote_note":"","_monsterinsights_sitenote_category":0,"footnotes":""},"categories":[6],"tags":[160],"class_list":["post-10787","post","type-post","status-publish","format-standard","has-post-thumbnail","hentry","category-politica","tag-160"],"_links":{"self":[{"href":"https:\/\/news.digitaltv.com.ar\/index.php?rest_route=\/wp\/v2\/posts\/10787","targetHints":{"allow":["GET"]}}],"collection":[{"href":"https:\/\/news.digitaltv.com.ar\/index.php?rest_route=\/wp\/v2\/posts"}],"about":[{"href":"https:\/\/news.digitaltv.com.ar\/index.php?rest_route=\/wp\/v2\/types\/post"}],"author":[{"embeddable":true,"href":"https:\/\/news.digitaltv.com.ar\/index.php?rest_route=\/wp\/v2\/users\/1"}],"replies":[{"embeddable":true,"href":"https:\/\/news.digitaltv.com.ar\/index.php?rest_route=%2Fwp%2Fv2%2Fcomments&post=10787"}],"version-history":[{"count":1,"href":"https:\/\/news.digitaltv.com.ar\/index.php?rest_route=\/wp\/v2\/posts\/10787\/revisions"}],"predecessor-version":[{"id":10789,"href":"https:\/\/news.digitaltv.com.ar\/index.php?rest_route=\/wp\/v2\/posts\/10787\/revisions\/10789"}],"wp:featuredmedia":[{"embeddable":true,"href":"https:\/\/news.digitaltv.com.ar\/index.php?rest_route=\/wp\/v2\/media\/10788"}],"wp:attachment":[{"href":"https:\/\/news.digitaltv.com.ar\/index.php?rest_route=%2Fwp%2Fv2%2Fmedia&parent=10787"}],"wp:term":[{"taxonomy":"category","embeddable":true,"href":"https:\/\/news.digitaltv.com.ar\/index.php?rest_route=%2Fwp%2Fv2%2Fcategories&post=10787"},{"taxonomy":"post_tag","embeddable":true,"href":"https:\/\/news.digitaltv.com.ar\/index.php?rest_route=%2Fwp%2Fv2%2Ftags&post=10787"}],"curies":[{"name":"wp","href":"https:\/\/api.w.org\/{rel}","templated":true}]}}