{"id":10798,"date":"2023-10-27T08:53:21","date_gmt":"2023-10-27T11:53:21","guid":{"rendered":"https:\/\/news.digitaltv.com.ar\/?p=10798"},"modified":"2023-11-07T09:02:51","modified_gmt":"2023-11-07T12:02:51","slug":"martin-lousteau-macri-dejo-juntos-por-cambio-y-fundo-el-mileimacrismo","status":"publish","type":"post","link":"https:\/\/news.digitaltv.com.ar\/?p=10798","title":{"rendered":"MARTIN LOUSTEAU: &#8220;MACRI DEJ\u00d3 JUNTOS POR CAMBIO Y FUND\u00d3 EL MILEIMACRISMO&#8221;"},"content":{"rendered":"\n<p>El senador nacional expres\u00f3 que sinti\u00f3 \u201cverg\u00fcenza\u201d tras la conferencia de prensa que dio Patricia Bullrich al anunciar su pacto con Javier Milei. A su vez, reconoci\u00f3 que la oposici\u00f3n \u201chizo mal las cosas\u201d y eso fue lo que los dej\u00f3 en tercer lugar.<\/p>\n\n\n\n<p>Luego de que la tensi\u00f3n estallara dentro de <a rel=\"noreferrer noopener\" href=\"https:\/\/www.infobae.com\/tag\/juntos-por-el-cambio\/\" target=\"_blank\"><strong>Juntos por el Cambio<\/strong> <\/a>por<a rel=\"noreferrer noopener\" href=\"https:\/\/www.infobae.com\/politica\/2023\/10\/26\/javier-milei-busca-contener-a-su-equipo-tras-el-pacto-con-bullrich-para-despejar-dudas-de-un-eventual-co-gobierno-con-macri\/\" target=\"_blank\"> el pacto entre <strong>Javier Milei <\/strong>y <strong>Patricia Bullrich<\/strong><\/a>, gestionado por <a rel=\"noreferrer noopener\" href=\"https:\/\/www.infobae.com\/politica\/2023\/10\/26\/con-escandalo-macri-rompio-con-juntos-por-el-cambio-y-pacto-con-milei-para-intentar-derrotar-a-massa\/\" target=\"_blank\"><strong>Mauricio Macri<\/strong><\/a>, el senador nacional<strong> Mart\u00edn Lousteau<\/strong> volvi\u00f3 a apuntar contra el expresidente en medio de los riesgos de ruptura de la coalici\u00f3n. \u201cMacri dej\u00f3 Juntos por el Cambio y fund\u00f3 el mileimacrismo\u201d, sostuvo.<\/p>\n\n\n\n<p>Tras la derrota electoral de la oposici\u00f3n en las<strong> elecciones generales<\/strong>, Lousteau expres\u00f3 que \u201csiente una decepci\u00f3n muy grande\u201d, al tiempo que analiz\u00f3 el panorama electoral actual. \u201cLa cuesti\u00f3n es entre dos candidatos que no entusiasman nada\u201d, indic\u00f3.<\/p>\n\n\n\n<p>Durante una entrevista con <strong>Luis Novaresio<\/strong> al aire de<em> LN+<\/em>, neg\u00f3 que haya tenido intenciones de abandonar todo luego de que Juntos por el Cambio se posicionara como la tercera fuerza nacional al mencionar que tiene por delante \u201cdos a\u00f1os m\u00e1s de senador, con un rol asignado y una responsabilidad\u201d. De igual forma, reconoci\u00f3 que \u201cno hicieron las cosas bien\u201d, raz\u00f3n por la cual el electorado decidi\u00f3 que fueran oposici\u00f3n.<\/p>\n\n\n\n<p>Las declaraciones del senador se dan luego del anuncio que realiz\u00f3 Bullrich el mi\u00e9rcoles, con el que termin\u00f3 de destapar las diferencias internas que hab\u00eda dentro del espacio opositor. \u201cTuve encuentro con Milei, mantuvimos una charla respecto de lo que fueron sus declaraciones (la acus\u00f3 de poner bombas en jardines de infantes) y nos perdonamos mutuamente porque hoy la Patria necesita que seamos capaces de perdonarnos\u201d, aleg\u00f3 en ese momento la exministra de Seguridad al hacer p\u00fablico su respaldo al candidato libertario.<\/p>\n\n\n\n<p>La reacci\u00f3n de la <strong>Uni\u00f3n C\u00edvica Radical (UCR) <\/strong>no se hizo esperar. En una conferencia de prensa,<strong> Gerardo Morales<\/strong> y<strong> Mart\u00edn Lousteau <\/strong>consideraron de \u201cirresponsable\u201d y \u201cvergonzoso\u201d el pacto entre Bullrich y Milei, al tiempo que cruzaron a Macri. Todos consideran que la coalici\u00f3n no se rompi\u00f3, sino que el expresidente y la antigua candidata presidencial la abandonaron.<\/p>\n\n\n\n<p>En esa l\u00ednea, el senador nacional se\u00f1al\u00f3 que \u201cMacri dej\u00f3 Juntos por el Cambio y fund\u00f3 el macrimileismo o mileimacrismo, se fue a otro espacio\u201d. \u201cDecidieron unilateralmente, al rev\u00e9s de lo que hicieron todos los partidos que se reunieron y tomaron una postura colectiva. Ellos decidieron hacer una conferencia de prensa, sin avisar, diciendo que se iban con Milei, traicionando todo lo que dijimos en la campa\u00f1a y lo que aspiramos a representar\u201d, precis\u00f3 antes de decir: \u201cMe dio verg\u00fcenza\u201d.<\/p>\n\n\n\n<p>Sobre el trasfondo del anuncio, Lousteau cont\u00f3 que \u00e9l se enter\u00f3 en ese mismo momento, pero mencion\u00f3 que intent\u00f3 comunicarse con Bullrich una vez que tom\u00f3 conocimiento de la reuni\u00f3n \u201csecreta\u201d que se dio el d\u00eda anterior y que se anunci\u00f3 que la presidenta del PRO iba a dar declaraciones. \u201cLa llam\u00e9, le escrib\u00ed y no me contest\u00f3. Lo llam\u00e9 a <strong>Horacio Rodr\u00edguez Larreta <\/strong>y me dijo: \u2018S\u00ed va a haber una conferencia de prensa y que iba a ser algo a t\u00edtulo personal\u2019, pero lo primero que hicieron fue decir \u2018estamos ac\u00e1 como f\u00f3rmula que representamos 6 millones de votos\u2019. Ah\u00ed dejaron a hablar a t\u00edtulo personal\u201d, cuestion\u00f3.<\/p>\n\n\n\n<p>Al hablar del rol que jug\u00f3 el expresidente en el acuerdo, el senador adem\u00e1s record\u00f3 el \u201ccoqueteo\u201d que existi\u00f3 entre Milei y Macri durante toda la campa\u00f1a electoral y el v\u00ednculo que ambos reconocen tener, por lo que expuso: \u201cA pesar de que no tiene ning\u00fan cargo electivo en este momento, ni dentro de la coalici\u00f3n, ni de su partido, decide qu\u00e9 es lo que hace cuando no le gusta hacia d\u00f3nde va la coalici\u00f3n\u201d. Por esto mismo, propuso en cambio que \u201cdiga que no pertenece m\u00e1s a Juntos por el Cambio porque los valores que representan los que forman parte de la coalici\u00f3n no los comparte\u201d. \u201c\u00c9l no acept\u00f3 el lugar que le dio la gente\u201d, sum\u00f3 en otro momento de la entrevista.<\/p>\n\n\n\n<p>En este contexto, Lousteau revel\u00f3 que Bullrich recibi\u00f3 \u201cpresiones para sesgar su discurso del domingo mucho m\u00e1s de lo que lo hizo\u201d, cuando la decisi\u00f3n de la coalici\u00f3n era \u201cque sea equilibrado y no sesgado hacia un lugar\u201d.<\/p>\n\n\n\n<p>De cara al balotaje entre Sergio Massa y Javier Milei, evit\u00f3 sentar una postura a favor de alg\u00fan candidato y expres\u00f3: \u201cNo s\u00e9 bien qu\u00e9 voy a hacer la verdad, eso es del \u00e1mbito personal\u201d tras explicar que ambos \u201crepresentan lo mismo\u201d.<\/p>\n","protected":false},"excerpt":{"rendered":"<p>El senador nacional expres\u00f3 que sinti\u00f3 \u201cverg\u00fcenza\u201d tras la conferencia de prensa que dio Patricia Bullrich al anunciar su pacto con Javier Milei. A su vez, reconoci\u00f3 que la oposici\u00f3n \u201chizo mal las cosas\u201d y eso fue lo que los dej\u00f3 en tercer lugar. Luego de que la tensi\u00f3n estallara dentro de Juntos por el [&hellip;]<\/p>\n","protected":false},"author":1,"featured_media":10799,"comment_status":"open","ping_status":"open","sticky":false,"template":"","format":"standard","meta":{"_monsterinsights_skip_tracking":false,"_monsterinsights_sitenote_active":false,"_monsterinsights_sitenote_note":"","_monsterinsights_sitenote_category":0,"footnotes":""},"categories":[6],"tags":[160],"class_list":["post-10798","post","type-post","status-publish","format-standard","has-post-thumbnail","hentry","category-politica","tag-160"],"_links":{"self":[{"href":"https:\/\/news.digitaltv.com.ar\/index.php?rest_route=\/wp\/v2\/posts\/10798","targetHints":{"allow":["GET"]}}],"collection":[{"href":"https:\/\/news.digitaltv.com.ar\/index.php?rest_route=\/wp\/v2\/posts"}],"about":[{"href":"https:\/\/news.digitaltv.com.ar\/index.php?rest_route=\/wp\/v2\/types\/post"}],"author":[{"embeddable":true,"href":"https:\/\/news.digitaltv.com.ar\/index.php?rest_route=\/wp\/v2\/users\/1"}],"replies":[{"embeddable":true,"href":"https:\/\/news.digitaltv.com.ar\/index.php?rest_route=%2Fwp%2Fv2%2Fcomments&post=10798"}],"version-history":[{"count":1,"href":"https:\/\/news.digitaltv.com.ar\/index.php?rest_route=\/wp\/v2\/posts\/10798\/revisions"}],"predecessor-version":[{"id":10800,"href":"https:\/\/news.digitaltv.com.ar\/index.php?rest_route=\/wp\/v2\/posts\/10798\/revisions\/10800"}],"wp:featuredmedia":[{"embeddable":true,"href":"https:\/\/news.digitaltv.com.ar\/index.php?rest_route=\/wp\/v2\/media\/10799"}],"wp:attachment":[{"href":"https:\/\/news.digitaltv.com.ar\/index.php?rest_route=%2Fwp%2Fv2%2Fmedia&parent=10798"}],"wp:term":[{"taxonomy":"category","embeddable":true,"href":"https:\/\/news.digitaltv.com.ar\/index.php?rest_route=%2Fwp%2Fv2%2Fcategories&post=10798"},{"taxonomy":"post_tag","embeddable":true,"href":"https:\/\/news.digitaltv.com.ar\/index.php?rest_route=%2Fwp%2Fv2%2Ftags&post=10798"}],"curies":[{"name":"wp","href":"https:\/\/api.w.org\/{rel}","templated":true}]}}