{"id":10857,"date":"2023-11-09T10:44:47","date_gmt":"2023-11-09T13:44:47","guid":{"rendered":"https:\/\/news.digitaltv.com.ar\/?p=10857"},"modified":"2023-11-09T10:45:04","modified_gmt":"2023-11-09T13:45:04","slug":"por-el-cambio-climatico-el-planeta-tuvo-los-12-meses-mas-calientes-en-125-000-anos","status":"publish","type":"post","link":"https:\/\/news.digitaltv.com.ar\/?p=10857","title":{"rendered":"POR EL CAMBIO CLIM\u00c1TICO EL PLANETA TUVO LOS 12 MESES MAS CALIENTES EN 125.000 A\u00d1OS"},"content":{"rendered":"\n<p>As\u00ed lo indic\u00f3 un reporte elaborado por la organizaci\u00f3n Climate Central, que analiza e investiga el calentamiento global. Dio cuenta de que la temperatura promedio de la Tierra aument\u00f3 1,32\u00baC entres noviembre de 2022 y octubre de 2023.<\/p>\n\n\n\n<p>Los <strong>pron\u00f3sticos <\/strong>que los cient\u00edficos ten\u00edan desde principios de este a\u00f1o, durante el verano en el <strong>hemisferio Norte,<\/strong> ya son una realidad: <strong>los \u00faltimos 12 meses fueron los m\u00e1s calientes en 125.000 a\u00f1os a causa del cambio clim\u00e1tico.<\/strong><\/p>\n\n\n\n<p>Y los l\u00edmites no paran de subir: el registro <strong>trep\u00f3 a 1.32\u00baC <\/strong>promedio en las temperaturas planetarias. Sin embargo, todo puede ser a\u00fan m\u00e1s c\u00e1lido: <strong>El Ni\u00f1o est\u00e1 empezando a aumentar las temperaturas,<\/strong> pero seg\u00fan los patrones hist\u00f3ricos, la mayor parte del efecto se sentir\u00e1 el a\u00f1o que viene.<\/p>\n\n\n\n<p>Esta es una de las conclusiones de un an\u00e1lisis realizado con el <strong>\u00cdndice de Cambio Clim\u00e1tico<\/strong> (CSI, por sus siglas en ingl\u00e9s) -el sistema de atribuci\u00f3n de temperaturas locales diarias de <strong>Climate Central<\/strong>, una organizaci\u00f3n que investiga e informa sobre climatolog\u00eda, integrada por cient\u00edficos y periodistas cient\u00edficos. Adem\u00e1s, indic\u00f3 que el cambio clim\u00e1tico provocado por el hombre ha elevado considerablemente las temperaturas en los \u00faltimos <strong>12 meses<\/strong>.<\/p>\n\n\n\n<p>En el an\u00e1lisis se examinaron las temperaturas medias diarias y las olas de calor e incluy\u00f3<strong> datos de 175 pa\u00edses, 154 estados o provincias y 920 grandes ciudades. <\/strong>El informe se conoci\u00f3 a 20 d\u00edas de que se celebre la cumbre de<strong> cambio clim\u00e1tico en Dubai (COP28)<\/strong> en donde los l\u00edderes mundiales debatir\u00e1n los avances en la lucha contra el calentamiento global.<\/p>\n\n\n\n<p>\u201cEste <strong>r\u00e9cord de 12 meses <\/strong>es exactamente lo que esperamos de un clima global alimentado por la <strong>contaminaci\u00f3n por carbono\u201d,<\/strong> dijo el <strong>doctor Andrew Pershing<\/strong>, vicepresidente cient\u00edfico de Climate Central. <strong>\u201cLos r\u00e9cords seguir\u00e1n<\/strong> el a\u00f1o que viene, sobre todo cuando <strong>El Ni\u00f1o<\/strong> empiece a afianzarse, exponiendo a miles de millones de personas a un calor inusual. Aunque los efectos del clima son m\u00e1s graves en los pa\u00edses en desarrollo cercanos al ecuador, las rachas de calor extremo provocadas por el clima en<strong> EE.UU., India, Jap\u00f3n y Europa<\/strong> subrayan que nadie est\u00e1 a salvo del cambio clim\u00e1tico\u201d.<\/p>\n\n\n\n<p>La marca t\u00e9rmica registrada por encima de la media mundial da pistas respecto de c\u00f3mo avanza la acci\u00f3n clim\u00e1tica para poder detener el aumento de la temperatura global en 1.5\u00baC tal como establece el <strong>Acuerdo de Par\u00eds.<\/strong> \u201cNosotros no analizamos datos separados, sino que por eso elegimos medir un<strong> per\u00edodo de 12 meses.<\/strong> Lo importante es entender que <strong>estas temperaturas no son normales\u201d,<\/strong> respondi\u00f3 Pershing a una consulta de<strong> Infobae <\/strong>durante una conferencia de prensa.<\/p>\n\n\n\n<p>En el mismo sentido <strong>Friederike Otto<\/strong>, profesora de Ciencias del Clima en el <strong>Instituto Grantham<\/strong> para el Cambio Clim\u00e1tico y el Medio Ambiente y co-directora de <strong>World Weather Attribution <\/strong>agreg\u00f3: \u201cM\u00e1s all\u00e1 de las altas y bajas en la din\u00e1mica atmosf\u00e9rica estamos viendo una tendencia constante en el calentamiento del planeta. Si no paramos de quemar <strong>combustibles f\u00f3siles<\/strong> esta tendencia seguir\u00e1 creciendo. No estudiamos el cambio clim\u00e1tico s\u00f3lo porque amamos los osos polares sino porque vemos que el cambio clim\u00e1tico provoca una clara <strong>violaci\u00f3n de los derechos humanos\u201d.<\/strong><\/p>\n\n\n\n<p>Climate Central lanz\u00f3 junto al reporte <a href=\"https:\/\/csi.climatecentral.org\/\">una herramienta<\/a> en la que se pueden visualizar las ciudades analizadas y los impactos de las temperaturas. Otto destac\u00f3 durante su presentaci\u00f3n que el <strong>Norte de Argentina y Paraguay <\/strong>sufrieron anomal\u00edas t\u00e9rmicas provocadas por el cambio clim\u00e1tico, especialmente durante el mes pasado.<\/p>\n\n\n\n<p>El informe cuantifica la influencia del cambio clim\u00e1tico en las temperaturas en diferentes lugares de todo el mundo durante el \u00faltimo a\u00f1o. Aqu\u00ed, algunos de los hallazgos globales clave se encuentran a continuaci\u00f3n:<\/p>\n\n\n\n<p><strong>\u20141 de cada 4 personas en todo el mundo <\/strong>(1.900 millones de personas) enfrent\u00f3 olas de calor extremas y peligrosas impulsadas por el cambio clim\u00e1tico en ese per\u00edodo.<\/p>\n\n\n\n<p><strong>\u2014A lo largo del a\u00f1o, el 90 % de las personas<\/strong> (7300 millones) experimentaron al menos 10 d\u00edas de altas temperaturas que el cambio clim\u00e1tico hizo significativamente m\u00e1s probable.<\/p>\n\n\n\n<p><strong>\u2014La corriente c\u00e1lida del Pac\u00edfico, El Ni\u00f1o,<\/strong> junto con otros factores, probablemente han tenido una peque\u00f1a influencia en el aumento de las temperaturas, pero es <strong>muy peque\u00f1o en comparaci\u00f3n con la influencia de las emisiones de gases<\/strong> de efecto invernadero causadas por el hombre.<\/p>\n\n\n\n<p><strong>\u2014El r\u00e9cord anterior del periodo de 12 meses<\/strong> m\u00e1s c\u00e1lido era de 1,29\u00b0C por encima de la l\u00ednea de base preindustrial (1850-1939) y se estableci\u00f3 en el periodo comprendido entre <strong>octubre de 2015 y septiembre de 2016.<\/strong> El per\u00edodo de 12 meses que finaliza en septiembre de 2023 empat\u00f3 este r\u00e9cord, y fue eclipsado por el per\u00edodo de 12 meses m\u00e1s reciente <strong>(noviembre 2022-octubre 2023)<\/strong>. La temperatura media mundial de los \u00faltimos 12 meses fue <strong>1,32\u00b0C <\/strong>superior a la preindustrial.<\/p>\n\n\n\n<p>El <strong>pa\u00eds con el \u00edndice de calentamiento medio (CSI) m\u00e1s alto fue Jamaica: <\/strong>en el \u00faltimo a\u00f1o fue de 4,5 sobre un m\u00e1ximo de 5. Esto significa que el cambio clim\u00e1tico tuvo un impacto extraordinario en las temperaturas: en un d\u00eda normal, una persona en Jamaica experiment\u00f3 temperaturas m\u00e1s de cuatro veces m\u00e1s altas debido al cambio clim\u00e1tico provocado por el hombre. Otros dos pa\u00edses<strong>, Guatemala (4,4) y Ruanda (4,1),<\/strong> tambi\u00e9n registraron valores medios superiores a 4.<\/p>\n\n\n\n<p>La escala CSI est\u00e1 centrada en cero. Un nivel de<strong> 0 significa que no hay influencia <\/strong>detectable del cambio clim\u00e1tico de origen humano. El CSI medio anual igual o superior a 1 se registr\u00f3 en 13 de los 16 pa\u00edses de \u00c1frica oriental y en <strong>7 de los 8 pa\u00edses de Am\u00e9rica Central. <\/strong>En total, hubo <strong>108 pa\u00edses<\/strong> con un CSI anual superior a 1. En la lista predominan los pa\u00edses m\u00e1s peque\u00f1os, especialmente las <strong>islas del Caribe y del Indo-Pac\u00edfico.<\/strong><\/p>\n\n\n\n<p>Mientras que el impacto del cambio clim\u00e1tico es mayor en los pa\u00edses en desarrollo,<strong> en los pa\u00edses m\u00e1s ricos se est\u00e1 acelerando.<\/strong> Esto se ha notado especialmente en los \u00faltimos seis meses. Durante la primera mitad del (noviembre-abril), <strong>Arabia Saudita, Indonesia y M\u00e9xico<\/strong> fueron los \u00fanicos pa\u00edses del G20 con un CSI medio superior a 1. Durante el segundo semestre del a\u00f1o (mayo-octubre), nueve pa\u00edses del G20 (Arabia Saudita, M\u00e9xico, Indonesia, India, Italia, Jap\u00f3n, Brasil, Francia y Turqu\u00eda) experimentaron un calor de origen clim\u00e1tico comparativamente significativo. <strong>En la segunda mitad del a\u00f1o, el CSI medio aument\u00f3 en<\/strong> <strong>todos los pa\u00edses del G20<\/strong> <strong>excepto en Alemania, Rusia, Canad\u00e1 y Argentina.<\/strong><\/p>\n\n\n\n<h2 class=\"wp-block-heading\">Qu\u00e9 ocurri\u00f3 en las Am\u00e9ricas<\/h2>\n\n\n\n<p>El informe destac\u00f3 varios eventos extremos y sus consecuencias en los pa\u00edses americanos. Indic\u00f3, por ejemplo, que el cambio clim\u00e1tico inducido por el hombre afect\u00f3 a gran parte de <a href=\"https:\/\/www.worldweatherattribution.org\/vulnerability-and-high-temperatures-exacerbate-impacts-of-ongoing-drought-in-central-south-america\/\">Am\u00e9rica del Sur<\/a>, con<strong> todo el continente mucho<\/strong><a href=\"https:\/\/www.ncei.noaa.gov\/access\/monitoring\/monthly-report\/global-drought\/202307\"><strong> m\u00e1s c\u00e1lido <\/strong><\/a><strong>de lo normal durante al menos los primeros seis meses del a\u00f1o.<\/strong><\/p>\n\n\n\n<p><strong>La <\/strong><a href=\"https:\/\/www.ncei.noaa.gov\/access\/monitoring\/monthly-report\/global-drought\/202307\"><strong>sequ\u00eda <\/strong><\/a><strong>en Argentina<\/strong> condujo a una reducci\u00f3n estimada del 3% del PBI, mientras que en la regi\u00f3n del<strong> r\u00edo Amazonas<\/strong>, el nivel del agua alcanz\u00f3 su punto m\u00e1s bajo jam\u00e1s registrado,<strong> afectando la distribuci\u00f3n de agua y alimentos<\/strong> a medio mill\u00f3n de personas solo en octubre.<\/p>\n\n\n\n<p>\u201cEn el<strong> Canal de Panam\u00e1, <\/strong>que opera un estimado del 5% del comercio mundial, la sequ\u00eda de 2 a\u00f1os interrumpi\u00f3 el paso comercial m\u00e1s concurrido del mundo durante meses. Y en los <strong>EEUU 24 fen\u00f3menos meteorol\u00f3gicos extremos<\/strong> causaron, al menos, la muerte a 373 personas y provocaron p\u00e9rdidas financieras que superaron los 67.000 millones de d\u00f3lares hasta la fecha. Hasta la actualidad se registraron 93 muertes en lo que se considera el incendio estadounidense m\u00e1s mort\u00edfero del siglo en Haw\u00e1i\u201d, detall\u00f3. Tambi\u00e9n se\u00f1al\u00f3 lo que se registr\u00f3 en <strong>Canad\u00e1, <\/strong>en donde una de cada 200 personas se vio obligada a <strong>evacuar sus hogares<\/strong> debido a los <strong>incendios forestales <\/strong>que quemaron m\u00e1s de 45 millones de acres y duraron meses.<\/p>\n\n\n\n<p>\u201cLas olas de calor que rompieron el umbral de supervivencia humana se extendieron desde el este y el sur de<strong> Asia hasta Europa y el norte de \u00c1frica<\/strong>, matando al menos a 264 personas en la<strong> India <\/strong>y a m\u00e1s de 2.000 personas en <strong>Espa\u00f1a,<\/strong> en un momento en que partes del pa\u00eds tambi\u00e9n se enfrentaban a su per\u00edodo m\u00e1s seco en 500 a\u00f1os. En<strong> Italia,<\/strong> como las temperaturas superaron los 40\u00ba C en agosto y septiembre, los hospitales no pudieron acomodar el n\u00famero de personas que buscaban atenci\u00f3n por enfermedades relacionadas con el calor, con <strong>los niveles de ingreso de la era COVID <\/strong>reportados en las unidades de emergencia.\u201d, sostuvo el an\u00e1lisis.<\/p>\n\n\n\n<p>El cambio clim\u00e1tico inducido por los seres humanos tambi\u00e9n trajo precipitaciones r\u00e9cord, lo que aument\u00f3 la gravedad y la frecuencia de las inundaciones mortales. En todo el mundo, millones de personas fueron desplazadas y miles murieron en tormentas que incluyeron a <strong>Nueva Zelanda<\/strong> durante el cicl\u00f3n Gabrielle; en <strong>Malawi, Mozambique y Madagascar<\/strong> durante el cicl\u00f3n Freddy; en <strong>China<\/strong> durante el tif\u00f3n Haikui y en <strong>Libia, Grecia, Bulgaria y Turqu\u00eda <\/strong>durante la tormenta Daniel, la m\u00e1s mort\u00edfera de \u00c1frica con m\u00e1s de 4.000 v\u00edctimas. Una investigaci\u00f3n reciente muestra que el clima extremo ha matado al menos a 15.700 personas en \u00c1frica este a\u00f1o hasta ahora.<\/p>\n\n\n\n<p>\u201cEn abril, las inundaciones sin precedentes en<strong> Ruanda y la Rep\u00fablica Democr\u00e1tica del Congo <\/strong>mataron a m\u00e1s de 400 personas; en septiembre, las inundaciones arrasaron las tierras de cultivo en<strong> Ghana<\/strong> y desplazaron a casi 26.000 personas, la mayor\u00eda de las cuales son mujeres y ni\u00f1os. Mientras tanto, la sequ\u00eda en el<strong> Cuerno de \u00c1frica <\/strong>contin\u00faa teniendo nuevas v\u00edctimas, habiendo dejado a m\u00e1s de 23 millones de personas con grave inseguridad alimentaria mientras desplazando a otros 2,7 millones.\u201d, se\u00f1ala el reporte.<\/p>\n","protected":false},"excerpt":{"rendered":"<p>As\u00ed lo indic\u00f3 un reporte elaborado por la organizaci\u00f3n Climate Central, que analiza e investiga el calentamiento global. Dio cuenta de que la temperatura promedio de la Tierra aument\u00f3 1,32\u00baC entres noviembre de 2022 y octubre de 2023. Los pron\u00f3sticos que los cient\u00edficos ten\u00edan desde principios de este a\u00f1o, durante el verano en el hemisferio [&hellip;]<\/p>\n","protected":false},"author":1,"featured_media":7009,"comment_status":"open","ping_status":"open","sticky":false,"template":"","format":"standard","meta":{"_monsterinsights_skip_tracking":false,"_monsterinsights_sitenote_active":false,"_monsterinsights_sitenote_note":"","_monsterinsights_sitenote_category":0,"footnotes":""},"categories":[150],"tags":[158],"class_list":["post-10857","post","type-post","status-publish","format-standard","has-post-thumbnail","hentry","category-actualidad","tag-158"],"_links":{"self":[{"href":"https:\/\/news.digitaltv.com.ar\/index.php?rest_route=\/wp\/v2\/posts\/10857","targetHints":{"allow":["GET"]}}],"collection":[{"href":"https:\/\/news.digitaltv.com.ar\/index.php?rest_route=\/wp\/v2\/posts"}],"about":[{"href":"https:\/\/news.digitaltv.com.ar\/index.php?rest_route=\/wp\/v2\/types\/post"}],"author":[{"embeddable":true,"href":"https:\/\/news.digitaltv.com.ar\/index.php?rest_route=\/wp\/v2\/users\/1"}],"replies":[{"embeddable":true,"href":"https:\/\/news.digitaltv.com.ar\/index.php?rest_route=%2Fwp%2Fv2%2Fcomments&post=10857"}],"version-history":[{"count":1,"href":"https:\/\/news.digitaltv.com.ar\/index.php?rest_route=\/wp\/v2\/posts\/10857\/revisions"}],"predecessor-version":[{"id":10858,"href":"https:\/\/news.digitaltv.com.ar\/index.php?rest_route=\/wp\/v2\/posts\/10857\/revisions\/10858"}],"wp:featuredmedia":[{"embeddable":true,"href":"https:\/\/news.digitaltv.com.ar\/index.php?rest_route=\/wp\/v2\/media\/7009"}],"wp:attachment":[{"href":"https:\/\/news.digitaltv.com.ar\/index.php?rest_route=%2Fwp%2Fv2%2Fmedia&parent=10857"}],"wp:term":[{"taxonomy":"category","embeddable":true,"href":"https:\/\/news.digitaltv.com.ar\/index.php?rest_route=%2Fwp%2Fv2%2Fcategories&post=10857"},{"taxonomy":"post_tag","embeddable":true,"href":"https:\/\/news.digitaltv.com.ar\/index.php?rest_route=%2Fwp%2Fv2%2Ftags&post=10857"}],"curies":[{"name":"wp","href":"https:\/\/api.w.org\/{rel}","templated":true}]}}