{"id":10868,"date":"2023-11-11T08:56:29","date_gmt":"2023-11-11T11:56:29","guid":{"rendered":"https:\/\/news.digitaltv.com.ar\/?p=10868"},"modified":"2023-11-13T10:13:22","modified_gmt":"2023-11-13T13:13:22","slug":"sergio-massa-garantizo-que-si-es-presidente-continuara-pre-viaje","status":"publish","type":"post","link":"https:\/\/news.digitaltv.com.ar\/?p=10868","title":{"rendered":"SERGIO MASSA GARANTIZ\u00d3 QUE SI ES PRESIDENTE CONTINUAR\u00c1 PRE VIAJE"},"content":{"rendered":"\n<p>El candidato presidencial advirti\u00f3 que en el balotaje tambi\u00e9n se pone en juego la continuidad del PreViaje, programa clave para la reactivaci\u00f3n del sector tur\u00edstico del pa\u00eds.<\/p>\n\n\n\n<p>Acompa\u00f1ado por el ministro de Turismo y Deportes de la Naci\u00f3n, <strong>Mat\u00edas Lammens<\/strong>, y el gobernador de Misiones, <strong>Oscar Herrera Ahuad;<\/strong> el candidato presidencial de Uni\u00f3n por la Patria, <strong>Sergio Massa,<\/strong> anticip\u00f3 la <strong>continuidad del programa PreViaje como motor del sector tur\u00edstico<\/strong> en el pa\u00eds en caso de ser electo el pr\u00f3ximo 19 de noviembre. Propuso adem\u00e1s un plan de 7 puntos para potenciar el desarrollo del Turismo Internacional en la Argentina.<\/p>\n\n\n\n<p>Desde la ciudad de Posadas, el ministro de Econom\u00eda precis\u00f3 que &#8220;m\u00e1s de medio mill\u00f3n de argentinos visitaron Misiones con el PreViaje&#8221; en 2023, lo que promovi\u00f3 &#8221; empleo, inversi\u00f3n, generaci\u00f3n de divisas y estabilidad en el mercado de trabajo: 548.000 trabajadores en el sector hotelero, tur\u00edstico, gastron\u00f3mico, el sector que m\u00e1s empleo gener\u00f3 en los \u00faltimos dos a\u00f1os&#8221;.<\/p>\n\n\n\n<p>&#8220;Es clave para el desarrollo de esta actividad tener previsibilidad para la inversi\u00f3n, y la continuidad de los PreViaje fue importante, pero tambi\u00e9n es importante c\u00f3mo alineamos los incentivos&#8221;, consider\u00f3 Massa que ratific\u00f3 que el programa seguir\u00e1 en caso de que sea electo presidente. &#8220;El tener bien enfocado el crecimiento de un sector que sobre la base del incentivo del mercado dom\u00e9stico ampl\u00eda capacidades para generar divisa y recibir mercado internacional es fundamental&#8221;, consider\u00f3.<\/p>\n\n\n\n<p>Fue en ese marco donde proyect\u00f3 un &#8220;crecimiento de 1.000 millones de d\u00f3lares por a\u00f1o en t\u00e9rminos de ingreso de divisa por ingreso de visitantes, que tiene a esta provincia como uno de los principales actores&#8221;. &#8220;En esta era que se discute todo hay una enorme cr\u00edtica a la acci\u00f3n del Estado por promover. Pero el Estado invierte en subsidios para sostener actividad econ\u00f3mica&#8221;, agreg\u00f3.<\/p>\n\n\n\n<p>En ese sentido la importancia del Previaje y asegur\u00f3 que &#8220;es clave para el desarrollo (del sector tur\u00edstico) tener previsibilidad&#8221;, al igual que para la &#8220;inversi\u00f3n&#8221;.<\/p>\n\n\n\n<p>&#8220;Una de las cosas que se define el 19 de noviembre es si en Argentina contin\u00faa o no el Previaje&#8221;, sostuvo y les pidi\u00f3 a los misioneros entender el peso real de una supresi\u00f3n de ese sistema en la actividad tur\u00edstica.<\/p>\n\n\n\n<h2 class=\"wp-block-heading\">El plan de desarrollo del Turismo Internacional de Sergio Massa<\/h2>\n\n\n\n<p>Massa y Lammens propusieron un gran paquete de medidas, divididas en siete ejes principales.<\/p>\n\n\n\n<p>Aqu\u00ed el detalle:<\/p>\n\n\n\n<p>1. Ampliaci\u00f3n de las escapadas tur\u00edsticas desde pa\u00edses lim\u00edtrofes:<\/p>\n\n\n\n<ul class=\"wp-block-list\"><li><strong>Mejorar los pasos fronterizos<\/strong> en infraestructura y tecnolog\u00eda.<\/li><li><strong>Impulsar recitales masivos<\/strong> en ciudades que queden a entre 200 y 300 km de los ingresos.<\/li><li><\/li><\/ul>\n\n\n\n<p>2. Crecimiento en la conectividad a\u00e9rea internacional a trav\u00e9s de la inversi\u00f3n en Aerol\u00edneas Argentinas<\/p>\n\n\n\n<ul class=\"wp-block-list\"><li><strong>Recuperar rutas de Aerol\u00edneas Argentinas<\/strong> con Par\u00eds, Londres, Ciudad de M\u00e9xico y Los \u00c1ngeles, entre otros.<\/li><li><strong>Bajar las tasas aeroportuarias<\/strong>.<\/li><\/ul>\n\n\n\n<p>3. Estrategia para recibir 175 mil turistas chinos por a\u00f1o, consolidando al pa\u00eds como el principal destino tur\u00edstico de China en Am\u00e9rica Latina<\/p>\n\n\n\n<ul class=\"wp-block-list\"><li><strong>Prescindir del pedido de visas<\/strong>.<\/li><li><strong>Establecer un vuelo desde China a la Argentina<\/strong>.<\/li><\/ul>\n\n\n\n<p>4. Impulsar la Ant\u00e1rtida como destino<\/p>\n\n\n\n<ul class=\"wp-block-list\"><li><strong>Desarrollo del puerto de Ushuaia<\/strong> para recibir una mayor cantidad de cruceros internacionales.<\/li><\/ul>\n\n\n\n<p>5. Potenciar a la gastronom\u00eda argentina y al vino como faros de atracci\u00f3n<\/p>\n\n\n\n<ul class=\"wp-block-list\"><li>Apuntar a que la Gu\u00eda Michelin <strong>desembarque en dos nuevas ciudades<\/strong>.<\/li><li><strong>Plan de cr\u00e9ditos para el turismo<\/strong> del vino en destino emergentes.<\/li><\/ul>\n\n\n\n<p>6. Ser anfitriones de grandes eventos de la cultura<\/p>\n\n\n\n<ul class=\"wp-block-list\"><li><strong>Traer grandes competencias deportivas<\/strong> (Mundiales, automovilismo).<\/li><li><strong>Captar eventos culturales de relevancia global<\/strong> en destinos federales.<\/li><\/ul>\n\n\n\n<p>7. Programa de est\u00edmulo al turismo de reuniones y eventos<\/p>\n\n\n\n<ul class=\"wp-block-list\"><li><strong>Canalizar la inversi\u00f3n que se realiza en acciones en pa\u00edses del extranjero<\/strong> para lograr ser sede de eventos, congresos y conferencias con presencia internacional.<\/li><\/ul>\n\n\n\n<p>M\u00e1s de cinco millones de turistas extranjeros visitaron el pa\u00eds en lo que va del a\u00f1o, con un impacto econ\u00f3mico proyectado de 3.600 millones de d\u00f3lares.<\/p>\n","protected":false},"excerpt":{"rendered":"<p>El candidato presidencial advirti\u00f3 que en el balotaje tambi\u00e9n se pone en juego la continuidad del PreViaje, programa clave para la reactivaci\u00f3n del sector tur\u00edstico del pa\u00eds. Acompa\u00f1ado por el ministro de Turismo y Deportes de la Naci\u00f3n, Mat\u00edas Lammens, y el gobernador de Misiones, Oscar Herrera Ahuad; el candidato presidencial de Uni\u00f3n por la [&hellip;]<\/p>\n","protected":false},"author":1,"featured_media":8988,"comment_status":"open","ping_status":"open","sticky":false,"template":"","format":"standard","meta":{"_monsterinsights_skip_tracking":false,"_monsterinsights_sitenote_active":false,"_monsterinsights_sitenote_note":"","_monsterinsights_sitenote_category":0,"footnotes":""},"categories":[6],"tags":[160],"class_list":["post-10868","post","type-post","status-publish","format-standard","has-post-thumbnail","hentry","category-politica","tag-160"],"_links":{"self":[{"href":"https:\/\/news.digitaltv.com.ar\/index.php?rest_route=\/wp\/v2\/posts\/10868","targetHints":{"allow":["GET"]}}],"collection":[{"href":"https:\/\/news.digitaltv.com.ar\/index.php?rest_route=\/wp\/v2\/posts"}],"about":[{"href":"https:\/\/news.digitaltv.com.ar\/index.php?rest_route=\/wp\/v2\/types\/post"}],"author":[{"embeddable":true,"href":"https:\/\/news.digitaltv.com.ar\/index.php?rest_route=\/wp\/v2\/users\/1"}],"replies":[{"embeddable":true,"href":"https:\/\/news.digitaltv.com.ar\/index.php?rest_route=%2Fwp%2Fv2%2Fcomments&post=10868"}],"version-history":[{"count":1,"href":"https:\/\/news.digitaltv.com.ar\/index.php?rest_route=\/wp\/v2\/posts\/10868\/revisions"}],"predecessor-version":[{"id":10869,"href":"https:\/\/news.digitaltv.com.ar\/index.php?rest_route=\/wp\/v2\/posts\/10868\/revisions\/10869"}],"wp:featuredmedia":[{"embeddable":true,"href":"https:\/\/news.digitaltv.com.ar\/index.php?rest_route=\/wp\/v2\/media\/8988"}],"wp:attachment":[{"href":"https:\/\/news.digitaltv.com.ar\/index.php?rest_route=%2Fwp%2Fv2%2Fmedia&parent=10868"}],"wp:term":[{"taxonomy":"category","embeddable":true,"href":"https:\/\/news.digitaltv.com.ar\/index.php?rest_route=%2Fwp%2Fv2%2Fcategories&post=10868"},{"taxonomy":"post_tag","embeddable":true,"href":"https:\/\/news.digitaltv.com.ar\/index.php?rest_route=%2Fwp%2Fv2%2Ftags&post=10868"}],"curies":[{"name":"wp","href":"https:\/\/api.w.org\/{rel}","templated":true}]}}