{"id":10890,"date":"2023-11-13T09:13:56","date_gmt":"2023-11-13T12:13:56","guid":{"rendered":"https:\/\/news.digitaltv.com.ar\/?p=10890"},"modified":"2023-11-14T09:22:08","modified_gmt":"2023-11-14T12:22:08","slug":"tras-el-debate-y-de-madrugada-milei-uso-las-redes-para-cuestionar-a-massa","status":"publish","type":"post","link":"https:\/\/news.digitaltv.com.ar\/?p=10890","title":{"rendered":"TRAS EL DEBATE Y DE MADRUGADA MILEI USO LAS REDES PARA CUESTIONAR A MASSA"},"content":{"rendered":"\n<p>En un posteo titulado &#8220;lo que dej\u00f3 el debate&#8221;, emitido a las 4:30 de la madrugada, el diputado nacional y candidato de ultraderecha sali\u00f3 a criticar a su rival,y para afirmar a sus seguidores y a su espacio que hay cuatro d\u00edas por delante &#8220;para convencer a los que a\u00fan est\u00e1n indecisos&#8221;.<\/p>\n\n\n\n<p>El candidato a presidente de La Libertad Avanza, Javier Milei, utiliz\u00f3 las redes sociales esta madrugada para salir a criticar a su rival en el balotaje del pr\u00f3ximo 19, el postulante de Uni\u00f3n por la Patria, Sergio Massa, y para afirmar a sus seguidores y a su espacio que hay cuatro d\u00edas por delante &#8220;para<strong> convencer a los que a\u00fan est\u00e1n indecisos&#8221;.<\/strong><\/p>\n\n\n\n<p>En un posteo titulado &#8220;lo que dej\u00f3 el debate&#8221; y emitido a las 4:30 de la madrugada, el diputado nacional y candidato de ultraderecha sostuvo que el pa\u00eds se enfrenta a &#8220;una decisi\u00f3n muy clara&#8221; y convoc\u00f3 a plantear si las personas &#8220;quieren mantener este rumbo o algo distinto&#8221;.<\/p>\n\n\n\n<p><strong>&#8220;En el debate qued\u00f3 plasmada claramente la decisi\u00f3n que tenemos por delante los argentinos&#8221;<\/strong>, asever\u00f3 Javier Milei a trav\u00e9s de la red social X (antes Twitter).<\/p>\n\n\n\n<p>&#8220;Tenemos cuatro d\u00edas para convencer a los que a\u00fan est\u00e1n indecisos. Preg\u00fanteles si quieren mantener este rumbo o quieren algo distinto. P\u00eddanles que cuando entren al cuarto oscuro miren las dos boletas y se pregunten cu\u00e1l representa la misma Argentina decadente de siempre y cual representa una Argentina distinta&#8221;, sostuvo Milei en su mensaje.<\/p>\n\n\n\n<p>En ese marco, dijo que &#8220;de un lado&#8221; hay &#8220;un pol\u00edtico mentiroso, c\u00ednico, coacheado, prepotente y soberbio que cree que el Estado le pertenece; y que quiere seguir haciendo las mismas cosas que vienen fracasando hace d\u00e9cadas que solo benefician a los amigos del poder&#8221;.<\/p>\n\n\n\n<p>Y se\u00f1al\u00f3 -del mismo modo que sostuvo en el debate realizado anoche en la Facultad de Derecho de la Universidad de Buenos Aires- que &#8220;del otro lado&#8221; hay &#8220;un grupo de ciudadanos que nos metimos en la inmundicia de la pol\u00edtica para cambiar esta realidad decadente de la cual el ministro Massa es responsable&#8221;.<\/p>\n\n\n\n<p><strong>&#8220;Viva la libertad carajo&#8221;, cerr\u00f3 su mensaje el libertario.<\/strong><\/p>\n\n\n\n<p>Ambos candidatos protagonizaron anoche un debate que qued\u00f3 marcado por la intenci\u00f3n del ministro de Econom\u00eda de increpar con preguntas directas a su rival, lo que le permiti\u00f3 contrastar capacidades y conocimiento del Estado y poner eso en evidencia ante el electorado.<\/p>\n\n\n\n<p>El debate reuni\u00f3 a los dos competidores que en seis d\u00edas definir\u00e1n qui\u00e9n ser\u00e1 el pr\u00f3ximo jefe de Estado de la Argentina y desde el inicio tuvo momentos de tensi\u00f3n, sobre todo porque Massa sorprendi\u00f3 a Milei con una f\u00f3rmula de pregunta-respuesta que cerraba con un &#8220;por s\u00ed o no&#8221;.<\/p>\n\n\n\n<p>Esa interpelaci\u00f3n cambi\u00f3 los planes de Milei, quien por tramos se mostr\u00f3 dubitativo frente a las consultas puntuales de Massa, a quien en varias ocasiones trat\u00f3 de &#8220;mentiroso&#8221;.<\/p>\n","protected":false},"excerpt":{"rendered":"<p>En un posteo titulado &#8220;lo que dej\u00f3 el debate&#8221;, emitido a las 4:30 de la madrugada, el diputado nacional y candidato de ultraderecha sali\u00f3 a criticar a su rival,y para afirmar a sus seguidores y a su espacio que hay cuatro d\u00edas por delante &#8220;para convencer a los que a\u00fan est\u00e1n indecisos&#8221;. El candidato a [&hellip;]<\/p>\n","protected":false},"author":1,"featured_media":10891,"comment_status":"open","ping_status":"open","sticky":false,"template":"","format":"standard","meta":{"_monsterinsights_skip_tracking":false,"_monsterinsights_sitenote_active":false,"_monsterinsights_sitenote_note":"","_monsterinsights_sitenote_category":0,"footnotes":""},"categories":[6],"tags":[160],"class_list":["post-10890","post","type-post","status-publish","format-standard","has-post-thumbnail","hentry","category-politica","tag-160"],"_links":{"self":[{"href":"https:\/\/news.digitaltv.com.ar\/index.php?rest_route=\/wp\/v2\/posts\/10890","targetHints":{"allow":["GET"]}}],"collection":[{"href":"https:\/\/news.digitaltv.com.ar\/index.php?rest_route=\/wp\/v2\/posts"}],"about":[{"href":"https:\/\/news.digitaltv.com.ar\/index.php?rest_route=\/wp\/v2\/types\/post"}],"author":[{"embeddable":true,"href":"https:\/\/news.digitaltv.com.ar\/index.php?rest_route=\/wp\/v2\/users\/1"}],"replies":[{"embeddable":true,"href":"https:\/\/news.digitaltv.com.ar\/index.php?rest_route=%2Fwp%2Fv2%2Fcomments&post=10890"}],"version-history":[{"count":1,"href":"https:\/\/news.digitaltv.com.ar\/index.php?rest_route=\/wp\/v2\/posts\/10890\/revisions"}],"predecessor-version":[{"id":10892,"href":"https:\/\/news.digitaltv.com.ar\/index.php?rest_route=\/wp\/v2\/posts\/10890\/revisions\/10892"}],"wp:featuredmedia":[{"embeddable":true,"href":"https:\/\/news.digitaltv.com.ar\/index.php?rest_route=\/wp\/v2\/media\/10891"}],"wp:attachment":[{"href":"https:\/\/news.digitaltv.com.ar\/index.php?rest_route=%2Fwp%2Fv2%2Fmedia&parent=10890"}],"wp:term":[{"taxonomy":"category","embeddable":true,"href":"https:\/\/news.digitaltv.com.ar\/index.php?rest_route=%2Fwp%2Fv2%2Fcategories&post=10890"},{"taxonomy":"post_tag","embeddable":true,"href":"https:\/\/news.digitaltv.com.ar\/index.php?rest_route=%2Fwp%2Fv2%2Ftags&post=10890"}],"curies":[{"name":"wp","href":"https:\/\/api.w.org\/{rel}","templated":true}]}}