{"id":10893,"date":"2023-11-13T09:17:13","date_gmt":"2023-11-13T12:17:13","guid":{"rendered":"https:\/\/news.digitaltv.com.ar\/?p=10893"},"modified":"2023-11-14T10:19:53","modified_gmt":"2023-11-14T13:19:53","slug":"massa-impuso-su-estrategia-de-mostrarse-presidenciable-en-el-debate-con-milei","status":"publish","type":"post","link":"https:\/\/news.digitaltv.com.ar\/?p=10893","title":{"rendered":"MASSA IMPUSO SU ESTRATEGIA DE MOSTRARSE &#8220;PRESIDENCIABLE&#8221; EN EL DEBATE CON MILEI"},"content":{"rendered":"\n<p>El candidato de Uni\u00f3n por la Patria y el de La Libertad Avanza protagonizaron un debate en el que cruzaron cr\u00edticas, plantearon sus propuestas y buscaron captar el voto de los indecisos.<\/p>\n\n\n\n<p>Los candidatos de Uni\u00f3n por la Patria (UxP), Sergio Massa, y de La Libertad Avanza (LLA), Javier Milei, protagonizaron este domingo un debate que <strong>qued\u00f3 marcado por la intenci\u00f3n del ministro de Econom\u00eda de increpar con preguntas directas a su rival<\/strong>, lo que le permiti\u00f3 contrastar capacidades y conocimiento del Estado y poner eso en evidencia ante el electorado.<\/p>\n\n\n\n<p>El debate reuni\u00f3 a los dos competidores que en una semana definir\u00e1n qui\u00e9n ser\u00e1 el pr\u00f3ximo jefe de Estado de la Argentina y desde el inicio tuvo momentos de tensi\u00f3n, sobre todo porque <strong>Massa sorprendi\u00f3 a Milei con una f\u00f3rmula de pregunta-respuesta que cerraba con un &#8220;por s\u00ed o no&#8221;.<\/strong><\/p>\n\n\n\n<p>El ministro-candidato despleg\u00f3 ese recurso en los primeros minutos y lo utiliz\u00f3 para preguntarle al libertario si estaba dispuesto a poner en pr\u00e1ctica en un eventual Gobierno algunas de sus propuestas m\u00e1s pol\u00e9micas, las que fue exponiendo a lo largo de la campa\u00f1a.<\/p>\n\n\n\n<p>Esa interpelaci\u00f3n cambi\u00f3 los planes de Milei, <strong>quien por tramos se mostr\u00f3 dubitativo frente a las consultas puntuales de Massa<\/strong>, a quien en varias ocasiones trat\u00f3 de &#8220;mentiroso&#8221;.<\/p>\n\n\n\n<p>Ante eso, el candidato de UxP le recomend\u00f3 a su rival que no se pusiera &#8220;agresivo&#8221; ni cayera<strong> &#8220;en la chicana berreta que te contagiaron tus nuevos socios (por el PRO) y hoy te abandonaron&#8221;<\/strong>, como observ\u00f3 en alusi\u00f3n a la ausencia de dirigentes de Juntos por el Cambio (JxC) en la Facultad de Derecho de la UBA, sede del debate.<\/p>\n\n\n\n<p>Massa atribuy\u00f3 algunas r\u00e9plicas de Milei a la influencia ejercida sobre el economista del expresidente Mauricio Macri y de la derrotada candidata presidencial de JxC, Patricia Bullrich, quienes tras salir terceros en los comicios del 22 de octubre decidieron aliarse al postulante libertario para apoyarlo en el balotaje.<\/p>\n\n\n\n<p>Este respaldo caus\u00f3 <strong>un quiebre en la alianza del PRO, la UCR y la Coalici\u00f3n C\u00edvica<\/strong>, que qued\u00f3 evidenciado horas antes del debate con una dura disputa dial\u00e9ctica y por redes sociales entre representantes del partido amarillo y del radicalismo.<\/p>\n\n\n\n<p>Otro de los cruces estridentes se produjo cuando <strong>Massa le reproch\u00f3 a Milei haberse negado a someterse a un examen &#8220;psicot\u00e9cnico&#8221;<\/strong> y sugiri\u00f3 que esa fue la causa por la cual a Milei no le &#8220;renovaron la pasant\u00eda en el Banco Central&#8221;.<\/p>\n\n\n\n<p>Bajo esa f\u00f3rmula de pregunta &#8220;por s\u00ed o por no&#8221;, Massa le consult\u00f3 tambi\u00e9n al libertario si en caso de llegar al Gobierno iba a &#8220;eliminar subsidios; privatizar Vaca Muerta, r\u00edos y mares; dolarizar; y eliminar el Banco Central&#8221;.<\/p>\n\n\n\n<p>&#8220;A m\u00ed no me vas a condicionar si contesto por s\u00ed o por no&#8221;, dijo Milei, que<strong> ratific\u00f3 su propuesta de &#8220;dolarizar la econom\u00eda, cerrar el Banco Central y terminar con el c\u00e1ncer de la inflaci\u00f3n&#8221;<\/strong>, adem\u00e1s de &#8220;tocar las tarifas&#8221; cuando logre &#8220;recuperar la econom\u00eda&#8221;.<\/p>\n\n\n\n<p>El candidato de LLA, en tanto, evit\u00f3 responder si volver\u00eda a implementar, como en los a\u00f1os 90, el sistema previsional de AFJP y expres\u00f3 que &#8220;en el corto plazo&#8221; no arancelar\u00e1 la educaci\u00f3n en las universidades<\/p>\n\n\n\n<p>&#8220;\u00bfY en el largo plazo&#8221;, repregunt\u00f3 Massa, y se respondi\u00f3: <strong>&#8220;Quiero avisarles que este se\u00f1or va a arancelar las universidades&#8221;.<\/strong><\/p>\n\n\n\n<p>El candidato de UxP, por su parte, <strong>prometi\u00f3 &#8220;ocho puntos del PBI&#8221; de &#8220;inversi\u00f3n educativa y poner en pr\u00e1ctica un plan de alfabetizaci\u00f3<\/strong>n para que ni\u00f1as y ni\u00f1os terminen el tercer grado de la escuela primaria sabiendo leer y escribir.<\/p>\n\n\n\n<p>En cuanto a la relaci\u00f3n del pa\u00eds con el mundo, <strong>Milei asegur\u00f3 que dejar\u00e1 el comercio exterior en manos de los privados <\/strong>porque el Estado, consider\u00f3, &#8220;no tiene que meterse&#8221;, y adem\u00e1s mostr\u00f3 su &#8220;admiraci\u00f3n por Estados Unidos, Israel y los pa\u00edses del mundo libre&#8221;.<\/p>\n\n\n\n<p>Consultado por Massa acerca de si sostendr\u00e1 relaciones diplom\u00e1ticas, por ejemplo, con China y Brasil, los dos primeros socios comerciales de la Argentina, Milei contest\u00f3 que no est\u00e1 &#8220;dispuesto a plantear relaciones con aquellos pa\u00edses que no respetan la democracia, las libertades individuales y la paz&#8221;.<\/p>\n\n\n\n<p>&#8220;La ruptura del Mercosur y de las relaciones con Brasil y China representan dos millones de empleos menos y un impacto de 28.000 millones de d\u00f3lares. Un presidente no se puede regir por caprichos ni ideolog\u00eda&#8221;, expres\u00f3 Massa.<\/p>\n\n\n\n<p>Y advirti\u00f3 que<strong> la propuesta de &#8220;abrir la econom\u00eda&#8221; hecha por Milei va a &#8220;destruir miles de familias&#8221;.<\/strong><\/p>\n\n\n\n<p>Massa y Milei mantuvieron uno de los cruces m\u00e1s duros acerca de la soberan\u00eda argentina sobre las islas Malvinas.<\/p>\n\n\n\n<p>El candidato de UxP remarc\u00f3 que la fallecida premier <strong>Margaret Thatcher es &#8220;una enemiga de Argentina, ayer, hoy y siempre&#8221;<\/strong>, y valor\u00f3 a los &#8220;h\u00e9roes&#8221; que combatieron en las islas.<\/p>\n\n\n\n<p>Con esa definici\u00f3n busc\u00f3 diferenciarse de la postura de Milei sobre la expremier brit\u00e1nica, quien condujo a las fuerzas brit\u00e1nicas en la guerra del Atl\u00e1ntico Sur de 1982: el economista libertario hab\u00eda dicho que la admiraba y esta noche volvi\u00f3 a plantear que la llamada &#8216;Dama de Hierro&#8217; tuvo &#8220;un rol significativo en la ca\u00edda del muro de Berl\u00edn&#8221;,<\/p>\n\n\n\n<p>&#8220;Defiendo la soberan\u00eda de Malvinas. Ser\u00eda importante que digas si los kelpers tienen derecho a la autodeterminaci\u00f3n o no. Es importante que los argentinos sepan si vas a defender o no Malvinas&#8221;, increp\u00f3 luego Massa, con la intenci\u00f3n de incomodar a su competidor en un tema sensible para los argentinos y que adem\u00e1s est\u00e1 incluido en la Constituci\u00f3n.<\/p>\n\n\n\n<p>En materia internacional, <strong>Massa volvi\u00f3 a preguntarle a Milei -como lo hiciera en el debate previo a las elecciones del 22 de octubre- si le iba a pedir perd\u00f3n al papa Francisco<\/strong> por haberlo agraviado en varias oportunidades, a lo que Milei respondi\u00f3: &#8220;Las disculpas las hice internamente y a \u00e9l le llegaron&#8221;.<\/p>\n\n\n\n<p>Adem\u00e1s, afirm\u00f3 que si el Sumo Pont\u00edfice decide visitar el pa\u00eds el a\u00f1o pr\u00f3ximo y \u00e9l llegara a ser electo Presidente, ser\u00e1 recibido &#8220;con todos los honores&#8221;.<\/p>\n\n\n\n<p>En el contrapunto,<strong> los candidatos mostraron nuevamente visiones antag\u00f3nicas sobre las medidas que tomar\u00e1n de cara al futuro<\/strong> del pa\u00eds.<\/p>\n\n\n\n<p>&#8220;Vengo a plantear un gran cambio para la Argentina, que es la construcci\u00f3n de un gran acuerdo con pol\u00edticas de Estado, con di\u00e1logo y consensos, pero sobre todas las cosas con el respeto a los que piensan distinto&#8221;, comenz\u00f3 Massa su exposici\u00f3n, a la que Milei respondi\u00f3 que resulta &#8220;imposible cambiar la realidad&#8221; del pa\u00eds &#8220;haciendo lo mismo con las mismas personas&#8221;, a quienes volvi\u00f3 a identificar como &#8220;la casta&#8221;.<\/p>\n\n\n\n<h2 class=\"wp-block-heading\">C\u00f3mo fue el debate<\/h2>\n\n\n\n<p>Massa y Milei abordaron aspectos centrales de lo que pretenden llevar adelante en caso de llegar al Gobierno.<\/p>\n\n\n\n<p>Lo hicieron a partir de<strong> los seis ejes que estipul\u00f3 la C\u00e1mara Electoral<\/strong>, a cargo de la organizaci\u00f3n: Econom\u00eda; Relaciones de Argentina con el mundo; Educaci\u00f3n y Salud; Producci\u00f3n y Trabajo; Seguridad y Derechos Humanos y Convivencia Democr\u00e1tica.<\/p>\n\n\n\n<p>El mano a mano entre los dos, una instancia estipulada por la ley y que se llev\u00f3 a cabo en el Sal\u00f3n de Actos de la Facultad de Derecho, concentr\u00f3 una<strong> gran expectativa en el \u00faltimo tramo de un proceso electoral.<\/strong><\/p>\n\n\n\n<p>El debate pudo verse por medio de la Televisi\u00f3n P\u00fablica y distintos canales o plataformas que solicitaron disponer de la se\u00f1al tras aceptar el protocolo de transmisi\u00f3n de la justicia electoral.<\/p>\n\n\n\n<p>La din\u00e1mica del debate tuvo algunos aspectos similares a los dos intercambios llevados a cabo el 1 de octubre, en Santiago del Estero, y el 8 de ese mes en la ciudad de Buenos Aires.<\/p>\n\n\n\n<p>Este domingo, sin embargo,<strong> los candidatos contaron con un mayor tiempo de exposici\u00f3n y la posibilidad de moverse <\/strong>cuando hicieron uso de la palabra, algo que casi no hicieron.<\/p>\n\n\n\n<p>Los moderadores del tercer debate presidencial fueron los periodistas Luciana Geuna (Canal 13), Antonio Laje (Am\u00e9rica), Pablo Vigna (TV P\u00fablica) y \u00c9rica Fontana (Telef\u00e9).<\/p>\n\n\n\n<h2 class=\"wp-block-heading\">Qui\u00e9nes acompa\u00f1aron a los candidatos<\/h2>\n\n\n\n<p>Massa cont\u00f3 entre los asistentes con la compa\u00f1\u00eda, entre otros, de su candidato a vicepresidente, Agust\u00edn Rossi; ministros y funcionarios del gobierno, legisladores nacionales y dirigentes aliados que no forman parte de UxP, como el exgobernador salte\u00f1o Juan Manuel Urtubey, los diputados nacionales Alejandro &#8216;Topo&#8217; Rodr\u00edguez, Graciela Cama\u00f1o (Bloque Federal), M\u00f3nica Fein (Socialismo) y Natalia de la Sota (C\u00f3rdoba Federal).<\/p>\n\n\n\n<p>Tambi\u00e9n estuvieron el embajador argentino en Espa\u00f1a, Ricardo Alfons\u00edn; los gobernadores Ra\u00fal Jalil (Catamarca) y Ricardo Quintela (La Rioja); el exjefe del Ej\u00e9rcito Mart\u00edn Balza; el empresario Francisco De Narv\u00e1ez; uno de los secretarios generales de la CGT, H\u00e9ctor Daer, y el asesor financiero Carlos Maslat\u00f3n.<\/p>\n\n\n\n<p>Por su parte, <strong>Milei no cont\u00f3 con dirigentes de primera l\u00ednea del PRO entre los invitados<\/strong>, aunque s\u00ed tuvo el respaldo de su candidata a vicepresidenta, Victoria Villarruel; la diputada nacional Carolina P\u00edparo; el legislador porte\u00f1o Ramiro Marra; el armador pol\u00edtico Carlos Kikuchi; los dirigentes Alberto &#8220;Bertie&#8221; Benegas Lynch y Guillermo Francos; y Karina, la hermana del postulante.<\/p>\n","protected":false},"excerpt":{"rendered":"<p>El candidato de Uni\u00f3n por la Patria y el de La Libertad Avanza protagonizaron un debate en el que cruzaron cr\u00edticas, plantearon sus propuestas y buscaron captar el voto de los indecisos. Los candidatos de Uni\u00f3n por la Patria (UxP), Sergio Massa, y de La Libertad Avanza (LLA), Javier Milei, protagonizaron este domingo un debate [&hellip;]<\/p>\n","protected":false},"author":1,"featured_media":10894,"comment_status":"open","ping_status":"open","sticky":false,"template":"","format":"standard","meta":{"_monsterinsights_skip_tracking":false,"_monsterinsights_sitenote_active":false,"_monsterinsights_sitenote_note":"","_monsterinsights_sitenote_category":0,"footnotes":""},"categories":[6],"tags":[160],"class_list":["post-10893","post","type-post","status-publish","format-standard","has-post-thumbnail","hentry","category-politica","tag-160"],"_links":{"self":[{"href":"https:\/\/news.digitaltv.com.ar\/index.php?rest_route=\/wp\/v2\/posts\/10893","targetHints":{"allow":["GET"]}}],"collection":[{"href":"https:\/\/news.digitaltv.com.ar\/index.php?rest_route=\/wp\/v2\/posts"}],"about":[{"href":"https:\/\/news.digitaltv.com.ar\/index.php?rest_route=\/wp\/v2\/types\/post"}],"author":[{"embeddable":true,"href":"https:\/\/news.digitaltv.com.ar\/index.php?rest_route=\/wp\/v2\/users\/1"}],"replies":[{"embeddable":true,"href":"https:\/\/news.digitaltv.com.ar\/index.php?rest_route=%2Fwp%2Fv2%2Fcomments&post=10893"}],"version-history":[{"count":1,"href":"https:\/\/news.digitaltv.com.ar\/index.php?rest_route=\/wp\/v2\/posts\/10893\/revisions"}],"predecessor-version":[{"id":10895,"href":"https:\/\/news.digitaltv.com.ar\/index.php?rest_route=\/wp\/v2\/posts\/10893\/revisions\/10895"}],"wp:featuredmedia":[{"embeddable":true,"href":"https:\/\/news.digitaltv.com.ar\/index.php?rest_route=\/wp\/v2\/media\/10894"}],"wp:attachment":[{"href":"https:\/\/news.digitaltv.com.ar\/index.php?rest_route=%2Fwp%2Fv2%2Fmedia&parent=10893"}],"wp:term":[{"taxonomy":"category","embeddable":true,"href":"https:\/\/news.digitaltv.com.ar\/index.php?rest_route=%2Fwp%2Fv2%2Fcategories&post=10893"},{"taxonomy":"post_tag","embeddable":true,"href":"https:\/\/news.digitaltv.com.ar\/index.php?rest_route=%2Fwp%2Fv2%2Ftags&post=10893"}],"curies":[{"name":"wp","href":"https:\/\/api.w.org\/{rel}","templated":true}]}}