{"id":1093,"date":"2022-03-22T22:14:23","date_gmt":"2022-03-23T01:14:23","guid":{"rendered":"https:\/\/wp.digitaltv.com.ar\/?p=1093"},"modified":"2022-03-23T08:50:39","modified_gmt":"2022-03-23T11:50:39","slug":"como-saber-si-tuve-coronavirus-si-no-presente-sintomas-de-contagio","status":"publish","type":"post","link":"https:\/\/news.digitaltv.com.ar\/?p=1093","title":{"rendered":"\u00bfC\u00d3MO SABER SI TUVE CORONAVIRUS, SI NO PRESENT\u00c9 S\u00cdNTOMAS DE CONTAGIO?"},"content":{"rendered":"\n<h2 class=\"wp-block-heading\">La mayor\u00eda de los pacientes que saben o que fueron diagnosticados con\u00a0<strong><a rel=\"noreferrer noopener\" href=\"https:\/\/www.cronista.com\/0\/buscar\/index.vnc?q=variante+%F3micron\" target=\"_blank\">COVID positivo<\/a><\/strong>, tuvieron fiebre o s\u00edntomas del tracto respiratorio superior o bien estuvieron expuestos a una persona infectada, es decir,\u00a0<strong><u>contacto estrecho<\/u><\/strong>.<\/h2>\n\n\n\n<p>Sin embargo, aquellas personas que lograron sortear este escenario o bien sospechan de haber contra\u00eddo la enfermedad, existe una prueba infalible:&nbsp;<strong><u><a href=\"https:\/\/www.cronista.com\/0\/buscar\/index.vnc?q=variante+%F3micron\" target=\"_blank\" rel=\"noreferrer noopener\">el diagn\u00f3stico a trav\u00e9s de un an\u00e1lisis de sangre.<\/a><\/u><\/strong><\/p>\n\n\n\n<p>Este estudio, conocido tambi\u00e9n como\u00a0<strong><u>inmunoglobulina<\/u><\/strong>, sirve para rastrear anticuerpos contra el\u00a0<a rel=\"noreferrer noopener\" href=\"https:\/\/www.cronista.com\/informacion-gral\/gripe-a-y-covid-cuales-son-los-sintomas-de-ambos-virus-y-como-diferenciarlos-por-que-sigue-siendo-importante-el-testeo\/\" target=\"_blank\"><strong>SARS-CoV-2<\/strong><\/a>.\u00a0&#8220;Cuando nos infectamos con Sars-CoV-2, nuestro sistema inmunitario lanza un contraataque de precisi\u00f3n al producir anticuerpos contra objetivos virales, espec\u00edficamente las prote\u00ednas Spike (S) y Nucleocapsid (N)&#8221;<strong>.<\/strong><\/p>\n\n\n\n<p>Las\u00a0<strong>inmunoglobulinas<\/strong>\u00a0(anticuerpos) son prote\u00ednas de importancia vital que circulan en el torrente sangu\u00edneo y realizan una amplia variedad de funciones. Influyen notablemente sobre el equilibrio de nuestro sistema inmunitario. El tipo predominante de anticuerpo en la sangre humana es la\u00a0<strong>inmunoglobulina<\/strong>\u00a0G (IgG).<\/p>\n\n\n\n<p>Con el coronavirus, han sido muchas las diferentes pruebas que se han utilizado para saber si una persona est\u00e1 contagiada o no. Entre ellas, las pruebas&nbsp;<strong>PCR<\/strong>&nbsp;(poco fiables), que solo nos informan de si un individuo est\u00e1 en contacto con la&nbsp;<strong>COVID-19<\/strong>&nbsp;en el momento de su realizaci\u00f3n; y los&nbsp;<strong>test serol\u00f3gicos,<\/strong>&nbsp;que permiten detectar los anticuerpos generados y la respuesta del sistema inmunol\u00f3gico al virus.<\/p>\n\n\n\n<p>El problema de todas estas pruebas durante la pandemia han sido los&nbsp;<strong>falsos positivos y falsos negativos<\/strong>, por lo que nunca hemos tenido clara la fiabilidad de las mismas.<\/p>\n\n\n\n<p>En los \u00faltimos d\u00edas,&nbsp;<a href=\"https:\/\/as.com\/diarioas\/2020\/07\/07\/actualidad\/1594135747_255432.html\" target=\"_blank\" rel=\"noreferrer noopener\">el&nbsp;<strong>Consejo Superior de investigaciones Cient\u00edficas (CSIC)<\/strong>&nbsp;ha desarrollado un&nbsp;<strong>nuevo test de anticuerpos<\/strong>&nbsp;con un&nbsp;<strong>98% de fiabilidad<\/strong><\/a>&nbsp;que se producir\u00e1n con el formato&nbsp;<strong>kit Elisa<\/strong>. Se espera que esta prueba permita conocer con casi toda la veracidad si una persona ha estado contagiada y si su sistema inmunol\u00f3gico ha reaccionado a la enfermedad.<\/p>\n\n\n\n<p>Entre los tipos de anticuerpos, encontramos un total de cinco:&nbsp;<strong>IgA, IgE, IgD, IgM e IgG<\/strong>. En este caso, los m\u00e1s importantes son el&nbsp;<strong>IgM<\/strong>&nbsp;y el&nbsp;<strong>IgG<\/strong>, ya que si se analizan juntos, la informaci\u00f3n obtenida demuestra en qu\u00e9 fase de infecci\u00f3n se encuentra la persona analizada. Por lo que estos test serol\u00f3gicos nos hablan de la presencia de IgM e IgG en la sangre.<\/p>\n\n\n\n<figure class=\"wp-block-image size-full\"><img loading=\"lazy\" decoding=\"async\" width=\"660\" height=\"352\" src=\"https:\/\/wp.digitaltv.com.ar\/wp-content\/uploads\/2022\/03\/investigador-cientifico-130821-01-cam.jpg\" alt=\"\" class=\"wp-image-1096\" srcset=\"https:\/\/news.digitaltv.com.ar\/wp-content\/uploads\/2022\/03\/investigador-cientifico-130821-01-cam.jpg 660w, https:\/\/news.digitaltv.com.ar\/wp-content\/uploads\/2022\/03\/investigador-cientifico-130821-01-cam-300x160.jpg 300w\" sizes=\"auto, (max-width: 660px) 100vw, 660px\" \/><\/figure>\n\n\n\n<h3 class=\"wp-block-heading\">IgM<\/h3>\n\n\n\n<p>En este caso, es la primera inmuglobina que se genera en la sangre despu\u00e9s de la infecci\u00f3n. Su desventaja es que no suelen ser muy efectivos. El m\u00e1ximo nivel en sangre se alcanza a las 2-3 semanas. Estos anticuerpos van desapareciendo a los 20 d\u00edas de la superaci\u00f3n del virus<\/p>\n\n\n\n<h3 class=\"wp-block-heading\">IgG<\/h3>\n\n\n\n<p>Este se produce cuando la infecci\u00f3n est\u00e1 bastante avanzada y puede permanecer hasta meses despu\u00e9s de haber pasado la enfermedad. En su caso, se trata de anticuerpos m\u00e1s precisos y efectivos que los IgM, pero suelen tardar m\u00e1s en aparecer: entre los 10-14 d\u00edas una vez se ha acabado con la infecci\u00f3n. En su caso, empieza a desaparecer de la sangre a los 50 d\u00edas de haber pasado la enfermedad.<\/p>\n\n\n\n<h3 class=\"wp-block-heading\">Qu\u00e9 significa un positivo o negativo en los test serol\u00f3gicos<\/h3>\n\n\n\n<p>Teniendo en cuenta lo que significan los anticuerpos IgM e IgG, \u00a0sabemos lo siguiente:<\/p>\n\n\n\n<p><strong>-Negativo:<\/strong>&nbsp;Si el resultado del test serol\u00f3gico da negativo en IgM e IgG, quiere decir que el paciente no ha contra\u00eddo el virus, debido a que su sistema inmunol\u00f3gico no presenta rastro de \u00e9l, pero estos resultados no excluyen la infecci\u00f3n, por lo que si la persona sigue teniendo s\u00edntomas, deber\u00e1 repetir el test a los 3-5 d\u00edas.<\/p>\n\n\n\n<p><strong>-Positivo:<\/strong>&nbsp;Si el resultado da positivo en IgM e IgG, quiere decir que el paciente est\u00e1 en la fase aguda tard\u00eda de la infecci\u00f3n.<\/p>\n\n\n\n<p><strong>-IgM positivo:<\/strong>&nbsp;Si el resultado da positivo en IgM y negativo en IgG, indica que el paciente est\u00e1 en la etapa aguda de la infecci\u00f3n.<\/p>\n\n\n\n<p><strong>-IgG positivo:<\/strong>&nbsp;Si el resultado da positivo en IgG y negativo en IgM, indica que el enfermo est\u00e1 en la etapa de recuperaci\u00f3n del virus.<\/p>\n\n\n\n<p id=\"cVlBG5b6af\">&nbsp;<\/p>\n\n\n\n<p>Sin embargo y a pesar de su alto grado de fiabilidad,\u00a0no todas las personas desarrollan una respuesta de anticuerpos detectables despu\u00e9s de la infecci\u00f3n.<\/p>\n\n\n\n<p><strong>C\u00d3MO SABER SI TUVE COVID SINO PRESENT\u00c9 S\u00cdNTOMAS NI RESULTADOS POSITIVOS EN EL ESTUDIO CL\u00cdNICO<\/strong><\/p>\n\n\n\n<figure class=\"wp-block-image size-full\"><img loading=\"lazy\" decoding=\"async\" width=\"672\" height=\"378\" src=\"https:\/\/wp.digitaltv.com.ar\/wp-content\/uploads\/2022\/03\/coronavirus-covid19.jpg\" alt=\"\" class=\"wp-image-1097\" srcset=\"https:\/\/news.digitaltv.com.ar\/wp-content\/uploads\/2022\/03\/coronavirus-covid19.jpg 672w, https:\/\/news.digitaltv.com.ar\/wp-content\/uploads\/2022\/03\/coronavirus-covid19-300x169.jpg 300w, https:\/\/news.digitaltv.com.ar\/wp-content\/uploads\/2022\/03\/coronavirus-covid19-600x337.jpg 600w\" sizes=\"auto, (max-width: 672px) 100vw, 672px\" \/><\/figure>\n\n\n\n<p>En la actualidad existen informes reconocidos por la&nbsp;<strong><a href=\"https:\/\/www.cronista.com\/internacionales\/covid-la-subvariante-ba-2-de-omicron-ya-es-predominante-en-espana-y-analizan-si-es-peor-que-la-ba-1\/\" target=\"_blank\" rel=\"noreferrer noopener\">Organizaci\u00f3n Mundial de la Salud (OMS)<\/a><\/strong>&nbsp;de personas con infecci\u00f3n por COVID leve o asintom\u00e1tica que desarrollan&nbsp;<strong><a href=\"https:\/\/www.cronista.com\/informacion-gral\/covid-prolongado-este-es-el-listado-de-los-mas-de-50-sintomas-secundarios-que-aparecen-despues-de-omicron\/\" target=\"_blank\" rel=\"noreferrer noopener\">&#8220;COVID Largo&#8221;<\/a><\/strong>:&nbsp;estos cuadros persistentes o recurrentes duran varios meses incluso despu\u00e9s de la infecci\u00f3n inicial.<\/p>\n\n\n\n<p><strong>CU\u00c1LES SON LOS S\u00cdNTOMAS DE COVID LARGO<\/strong><\/p>\n\n\n\n<p>Los s\u00edntomas pueden incluir dificultad para respirar, fatiga f\u00edsica y mental, intolerancia al ejercicio, dolores de cabeza y dolor muscular y articular.<\/p>\n\n\n\n<p>Sin embargo, la probabilidad de desarrollar esta afecci\u00f3n parece mayor en aquellos que sufren un ataque inicial m\u00e1s intenso de la enfermedad de\u00a0<strong><a rel=\"noreferrer noopener\" href=\"https:\/\/www.cronista.com\/informacion-gral\/covid-prolongado-este-es-el-listado-de-los-mas-de-50-sintomas-secundarios-que-aparecen-despues-de-omicron\/\" target=\"_blank\">COVID<\/a><\/strong>. <\/p>\n\n\n\n<p>Esto podr\u00eda estar relacionado con una mayor carga viral en ese momento.<\/p>\n","protected":false},"excerpt":{"rendered":"<p>La mayor\u00eda de los pacientes que saben o que fueron diagnosticados con\u00a0COVID positivo, tuvieron fiebre o s\u00edntomas del tracto respiratorio superior o bien estuvieron expuestos a una persona infectada, es decir,\u00a0contacto estrecho. Sin embargo, aquellas personas que lograron sortear este escenario o bien sospechan de haber contra\u00eddo la enfermedad, existe una prueba infalible:&nbsp;el diagn\u00f3stico a [&hellip;]<\/p>\n","protected":false},"author":8,"featured_media":1094,"comment_status":"open","ping_status":"open","sticky":false,"template":"","format":"standard","meta":{"_monsterinsights_skip_tracking":false,"_monsterinsights_sitenote_active":false,"_monsterinsights_sitenote_note":"","_monsterinsights_sitenote_category":0,"footnotes":""},"categories":[151],"tags":[160],"class_list":["post-1093","post","type-post","status-publish","format-standard","has-post-thumbnail","hentry","category-salud","tag-160"],"_links":{"self":[{"href":"https:\/\/news.digitaltv.com.ar\/index.php?rest_route=\/wp\/v2\/posts\/1093","targetHints":{"allow":["GET"]}}],"collection":[{"href":"https:\/\/news.digitaltv.com.ar\/index.php?rest_route=\/wp\/v2\/posts"}],"about":[{"href":"https:\/\/news.digitaltv.com.ar\/index.php?rest_route=\/wp\/v2\/types\/post"}],"author":[{"embeddable":true,"href":"https:\/\/news.digitaltv.com.ar\/index.php?rest_route=\/wp\/v2\/users\/8"}],"replies":[{"embeddable":true,"href":"https:\/\/news.digitaltv.com.ar\/index.php?rest_route=%2Fwp%2Fv2%2Fcomments&post=1093"}],"version-history":[{"count":3,"href":"https:\/\/news.digitaltv.com.ar\/index.php?rest_route=\/wp\/v2\/posts\/1093\/revisions"}],"predecessor-version":[{"id":1100,"href":"https:\/\/news.digitaltv.com.ar\/index.php?rest_route=\/wp\/v2\/posts\/1093\/revisions\/1100"}],"wp:featuredmedia":[{"embeddable":true,"href":"https:\/\/news.digitaltv.com.ar\/index.php?rest_route=\/wp\/v2\/media\/1094"}],"wp:attachment":[{"href":"https:\/\/news.digitaltv.com.ar\/index.php?rest_route=%2Fwp%2Fv2%2Fmedia&parent=1093"}],"wp:term":[{"taxonomy":"category","embeddable":true,"href":"https:\/\/news.digitaltv.com.ar\/index.php?rest_route=%2Fwp%2Fv2%2Fcategories&post=1093"},{"taxonomy":"post_tag","embeddable":true,"href":"https:\/\/news.digitaltv.com.ar\/index.php?rest_route=%2Fwp%2Fv2%2Ftags&post=1093"}],"curies":[{"name":"wp","href":"https:\/\/api.w.org\/{rel}","templated":true}]}}