{"id":11036,"date":"2023-11-24T09:15:39","date_gmt":"2023-11-24T12:15:39","guid":{"rendered":"https:\/\/news.digitaltv.com.ar\/?p=11036"},"modified":"2023-11-27T10:44:14","modified_gmt":"2023-11-27T13:44:14","slug":"maria-auil-estamos-pasando-algo-historico-sobre-el-desfinanciamiento-de-la-orquesta-infanto-juvenil","status":"publish","type":"post","link":"https:\/\/news.digitaltv.com.ar\/?p=11036","title":{"rendered":"MAR\u00cdA AUIL \u201cESTAMOS PASANDO ALGO HIST\u00d3RICO\u201d SOBRE EL DESFINANCIAMIENTO DE LA ORQUESTA INFANTO JUVENIL"},"content":{"rendered":"\n<p>Los docentes de la orquesta infanto juvenil del barrio Kennedy hicieron visible su situaci\u00f3n laboral, est\u00e1n contratados y la directora le factura a todos sus compa\u00f1eros.<\/p>\n\n\n\n<p>Hace 15 a\u00f1os que la orquesta funciona en barrio Kennedy totalmente gratuita para quienes asisten, y desde la misma \u00e9poca los docentes trabajan en condiciones precarias a pesar de ser municipal &#8220;estamos pasando por algo hist\u00f3rico, queremos que el municipio nos haga un contrato anual, hace mas de 15 a\u00f1os que trabajamos y nunca hemos percibido vacaciones&#8221; comenz\u00f3 su directora Maria Auil.<\/p>\n\n\n\n<p>Por otro lado detall\u00f3 que &#8220;yo le facturo a mis compa\u00f1eros, nos cansamos de no recibir respuesta, nosotros nos reunimos con el intendente en marzo del a\u00f1o pasado, nos dijo que nos \u00edbamos a reunir despu\u00e9s y eso no paso\u201d a la espera de un nuevo encuentro el ultimo jueves realizaron un ensayo en plena peatonal que repetir\u00e1n la pr\u00f3xima semana.<\/p>\n\n\n\n<p>ESCUCHA LA NOTA:<\/p>\n\n\n\n<figure class=\"wp-block-embed is-type-rich is-provider-soundcloud wp-block-embed-soundcloud\"><div class=\"wp-block-embed__wrapper\">\n<iframe loading=\"lazy\" title=\"Maria Auil Orquesta Infantojuvenil - 21 - 11 - 23 by DATA DIGITAL 105.1\" width=\"880\" height=\"400\" scrolling=\"no\" frameborder=\"no\" src=\"https:\/\/w.soundcloud.com\/player\/?visual=true&#038;url=https%3A%2F%2Fapi.soundcloud.com%2Ftracks%2F1672668876&#038;show_artwork=true&#038;maxheight=1000&#038;maxwidth=880\"><\/iframe>\n<\/div><\/figure>\n","protected":false},"excerpt":{"rendered":"<p>Los docentes de la orquesta infanto juvenil del barrio Kennedy hicieron visible su situaci\u00f3n laboral, est\u00e1n contratados y la directora le factura a todos sus compa\u00f1eros. Hace 15 a\u00f1os que la orquesta funciona en barrio Kennedy totalmente gratuita para quienes asisten, y desde la misma \u00e9poca los docentes trabajan en condiciones precarias a pesar de [&hellip;]<\/p>\n","protected":false},"author":1,"featured_media":11037,"comment_status":"open","ping_status":"open","sticky":false,"template":"","format":"standard","meta":{"_monsterinsights_skip_tracking":false,"_monsterinsights_sitenote_active":false,"_monsterinsights_sitenote_note":"","_monsterinsights_sitenote_category":0,"footnotes":""},"categories":[152],"tags":[169],"class_list":["post-11036","post","type-post","status-publish","format-standard","has-post-thumbnail","hentry","category-pergamino","tag-169"],"_links":{"self":[{"href":"https:\/\/news.digitaltv.com.ar\/index.php?rest_route=\/wp\/v2\/posts\/11036","targetHints":{"allow":["GET"]}}],"collection":[{"href":"https:\/\/news.digitaltv.com.ar\/index.php?rest_route=\/wp\/v2\/posts"}],"about":[{"href":"https:\/\/news.digitaltv.com.ar\/index.php?rest_route=\/wp\/v2\/types\/post"}],"author":[{"embeddable":true,"href":"https:\/\/news.digitaltv.com.ar\/index.php?rest_route=\/wp\/v2\/users\/1"}],"replies":[{"embeddable":true,"href":"https:\/\/news.digitaltv.com.ar\/index.php?rest_route=%2Fwp%2Fv2%2Fcomments&post=11036"}],"version-history":[{"count":3,"href":"https:\/\/news.digitaltv.com.ar\/index.php?rest_route=\/wp\/v2\/posts\/11036\/revisions"}],"predecessor-version":[{"id":11054,"href":"https:\/\/news.digitaltv.com.ar\/index.php?rest_route=\/wp\/v2\/posts\/11036\/revisions\/11054"}],"wp:featuredmedia":[{"embeddable":true,"href":"https:\/\/news.digitaltv.com.ar\/index.php?rest_route=\/wp\/v2\/media\/11037"}],"wp:attachment":[{"href":"https:\/\/news.digitaltv.com.ar\/index.php?rest_route=%2Fwp%2Fv2%2Fmedia&parent=11036"}],"wp:term":[{"taxonomy":"category","embeddable":true,"href":"https:\/\/news.digitaltv.com.ar\/index.php?rest_route=%2Fwp%2Fv2%2Fcategories&post=11036"},{"taxonomy":"post_tag","embeddable":true,"href":"https:\/\/news.digitaltv.com.ar\/index.php?rest_route=%2Fwp%2Fv2%2Ftags&post=11036"}],"curies":[{"name":"wp","href":"https:\/\/api.w.org\/{rel}","templated":true}]}}