{"id":11117,"date":"2023-12-01T08:29:51","date_gmt":"2023-12-01T11:29:51","guid":{"rendered":"https:\/\/news.digitaltv.com.ar\/?p=11117"},"modified":"2023-12-04T10:41:07","modified_gmt":"2023-12-04T13:41:07","slug":"presentaron-un-proyecto-para-la-regulacion-de-inversiones-inmobiliarias-lindantes-con-establecimientos-agricolas","status":"publish","type":"post","link":"https:\/\/news.digitaltv.com.ar\/?p=11117","title":{"rendered":"PRESENTARON UN PROYECTO PARA LA REGULACI\u00d3N DE INVERSIONES INMOBILIARIAS LINDANTES CON ESTABLECIMIENTOS AGR\u00cdCOLAS"},"content":{"rendered":"\n<p>El mismo lo present\u00f3 la concejal Antonia Caldentey ya que el crecimiento de los proyectos urban\u00edsticos perjudican a los productores que van quedando lindantes a los mismos.<\/p>\n\n\n\n<p>El proyecto lo present\u00f3 en la \u00faltima sesi\u00f3n del concejo deliberante y pas\u00f3 a la comisi\u00f3n de medio ambiente \u201ces un proyecto ambicioso en el buen sentido, esto busca hacer una igualdad entre el sector productivo y el crecimiento\u201d comenz\u00f3 la edil quien adem\u00e1s sostuvo que el avance inmobiliario \u201cafecta mucho a las zonas rurales y a los pueblos\u201d.<\/p>\n\n\n\n<p>Por otro lado agreg\u00f3 que el proyecto es \u201cigualitario\u201d&nbsp; y que hay que tener en cuenta que \u201cPergamino crece y los sectores productivos se ven desfavorecidos\u201d ya que no pueden utilizar las mismas pr\u00e1cticas sino que tienen que resguardar seg\u00fan&nbsp; la ley actual 1095 metros, el crecimiento de barrios cerrados en la periferia de la ciudad ha crecido considerablemente haciendo que la utilizaci\u00f3n de los campos se vaya moviendo.<\/p>\n","protected":false},"excerpt":{"rendered":"<p>El mismo lo present\u00f3 la concejal Antonia Caldentey ya que el crecimiento de los proyectos urban\u00edsticos perjudican a los productores que van quedando lindantes a los mismos. El proyecto lo present\u00f3 en la \u00faltima sesi\u00f3n del concejo deliberante y pas\u00f3 a la comisi\u00f3n de medio ambiente \u201ces un proyecto ambicioso en el buen sentido, esto [&hellip;]<\/p>\n","protected":false},"author":1,"featured_media":11118,"comment_status":"open","ping_status":"open","sticky":false,"template":"","format":"standard","meta":{"_monsterinsights_skip_tracking":false,"_monsterinsights_sitenote_active":false,"_monsterinsights_sitenote_note":"","_monsterinsights_sitenote_category":0,"footnotes":""},"categories":[152],"tags":[169],"class_list":["post-11117","post","type-post","status-publish","format-standard","has-post-thumbnail","hentry","category-pergamino","tag-169"],"_links":{"self":[{"href":"https:\/\/news.digitaltv.com.ar\/index.php?rest_route=\/wp\/v2\/posts\/11117","targetHints":{"allow":["GET"]}}],"collection":[{"href":"https:\/\/news.digitaltv.com.ar\/index.php?rest_route=\/wp\/v2\/posts"}],"about":[{"href":"https:\/\/news.digitaltv.com.ar\/index.php?rest_route=\/wp\/v2\/types\/post"}],"author":[{"embeddable":true,"href":"https:\/\/news.digitaltv.com.ar\/index.php?rest_route=\/wp\/v2\/users\/1"}],"replies":[{"embeddable":true,"href":"https:\/\/news.digitaltv.com.ar\/index.php?rest_route=%2Fwp%2Fv2%2Fcomments&post=11117"}],"version-history":[{"count":1,"href":"https:\/\/news.digitaltv.com.ar\/index.php?rest_route=\/wp\/v2\/posts\/11117\/revisions"}],"predecessor-version":[{"id":11119,"href":"https:\/\/news.digitaltv.com.ar\/index.php?rest_route=\/wp\/v2\/posts\/11117\/revisions\/11119"}],"wp:featuredmedia":[{"embeddable":true,"href":"https:\/\/news.digitaltv.com.ar\/index.php?rest_route=\/wp\/v2\/media\/11118"}],"wp:attachment":[{"href":"https:\/\/news.digitaltv.com.ar\/index.php?rest_route=%2Fwp%2Fv2%2Fmedia&parent=11117"}],"wp:term":[{"taxonomy":"category","embeddable":true,"href":"https:\/\/news.digitaltv.com.ar\/index.php?rest_route=%2Fwp%2Fv2%2Fcategories&post=11117"},{"taxonomy":"post_tag","embeddable":true,"href":"https:\/\/news.digitaltv.com.ar\/index.php?rest_route=%2Fwp%2Fv2%2Ftags&post=11117"}],"curies":[{"name":"wp","href":"https:\/\/api.w.org\/{rel}","templated":true}]}}