{"id":11135,"date":"2023-12-03T09:47:24","date_gmt":"2023-12-03T12:47:24","guid":{"rendered":"https:\/\/news.digitaltv.com.ar\/?p=11135"},"modified":"2023-12-04T10:39:26","modified_gmt":"2023-12-04T13:39:26","slug":"el-renaper-lanzo-el-nuevo-dni-electronico-con-chip-y-codigo-qr","status":"publish","type":"post","link":"https:\/\/news.digitaltv.com.ar\/?p=11135","title":{"rendered":"EL RENAPER LANZ\u00d3 EL NUEVO DNI ELECTR\u00d3NICO CON CHIP Y C\u00d3DIGO QR"},"content":{"rendered":"\n<p>El documento, impreso en l\u00e1ser sobre policarbonato, tendr\u00e1 altos est\u00e1ndares internacionales en materia de seguridad, tecnolog\u00eda y calidad. Adem\u00e1s incorpora un sistema de identificaci\u00f3n para personas no videntes, lo que mejora la accesibilidad.<\/p>\n\n\n\n<p>El Registro Nacional de las Personas (Renaper), dependiente del Ministerio del Interior, puso en marcha el nuevo DNI electr\u00f3nico, que<strong> utilizar\u00e1 un chip y un c\u00f3digo QR <\/strong>que permitir\u00e1 su validaci\u00f3n y, de esa forma, tendr\u00e1 &#8220;altos est\u00e1ndares internacionales en materia de seguridad, tecnolog\u00eda y calidad&#8221;.<\/p>\n\n\n\n<p>Seg\u00fan inform\u00f3 la cartera de Interior, el nuevo DNI &#8220;se destaca por poseer los m\u00e1s altos est\u00e1ndares internacionales en materia de seguridad, tecnolog\u00eda y calidad&#8221;.<\/p>\n\n\n\n<p>De acuerdo a lo informado, el documento utilizar\u00e1 un &#8220;chip electr\u00f3nico y un c\u00f3digo QR, lo que permitir\u00e1 la validaci\u00f3n electr\u00f3nica del documento, as\u00ed como la verificaci\u00f3n de identidad, la incorporaci\u00f3n de funcionalidades digitales, y una mejor seguridad&#8221;.<\/p>\n\n\n\n<blockquote class=\"wp-block-quote is-layout-flow wp-block-quote-is-layout-flow\"><p>El nuevo documento ser\u00e1 impreso en l\u00e1ser sobre policarbonato, incorporando medidas t\u00e9cnicas de seguridad f\u00edsica para mejorar la seguridad<\/p><\/blockquote>\n","protected":false},"excerpt":{"rendered":"<p>El documento, impreso en l\u00e1ser sobre policarbonato, tendr\u00e1 altos est\u00e1ndares internacionales en materia de seguridad, tecnolog\u00eda y calidad. Adem\u00e1s incorpora un sistema de identificaci\u00f3n para personas no videntes, lo que mejora la accesibilidad. El Registro Nacional de las Personas (Renaper), dependiente del Ministerio del Interior, puso en marcha el nuevo DNI electr\u00f3nico, que utilizar\u00e1 un [&hellip;]<\/p>\n","protected":false},"author":1,"featured_media":11136,"comment_status":"open","ping_status":"open","sticky":false,"template":"","format":"standard","meta":{"_monsterinsights_skip_tracking":false,"_monsterinsights_sitenote_active":false,"_monsterinsights_sitenote_note":"","_monsterinsights_sitenote_category":0,"footnotes":""},"categories":[150],"tags":[160],"class_list":["post-11135","post","type-post","status-publish","format-standard","has-post-thumbnail","hentry","category-actualidad","tag-160"],"_links":{"self":[{"href":"https:\/\/news.digitaltv.com.ar\/index.php?rest_route=\/wp\/v2\/posts\/11135","targetHints":{"allow":["GET"]}}],"collection":[{"href":"https:\/\/news.digitaltv.com.ar\/index.php?rest_route=\/wp\/v2\/posts"}],"about":[{"href":"https:\/\/news.digitaltv.com.ar\/index.php?rest_route=\/wp\/v2\/types\/post"}],"author":[{"embeddable":true,"href":"https:\/\/news.digitaltv.com.ar\/index.php?rest_route=\/wp\/v2\/users\/1"}],"replies":[{"embeddable":true,"href":"https:\/\/news.digitaltv.com.ar\/index.php?rest_route=%2Fwp%2Fv2%2Fcomments&post=11135"}],"version-history":[{"count":1,"href":"https:\/\/news.digitaltv.com.ar\/index.php?rest_route=\/wp\/v2\/posts\/11135\/revisions"}],"predecessor-version":[{"id":11137,"href":"https:\/\/news.digitaltv.com.ar\/index.php?rest_route=\/wp\/v2\/posts\/11135\/revisions\/11137"}],"wp:featuredmedia":[{"embeddable":true,"href":"https:\/\/news.digitaltv.com.ar\/index.php?rest_route=\/wp\/v2\/media\/11136"}],"wp:attachment":[{"href":"https:\/\/news.digitaltv.com.ar\/index.php?rest_route=%2Fwp%2Fv2%2Fmedia&parent=11135"}],"wp:term":[{"taxonomy":"category","embeddable":true,"href":"https:\/\/news.digitaltv.com.ar\/index.php?rest_route=%2Fwp%2Fv2%2Fcategories&post=11135"},{"taxonomy":"post_tag","embeddable":true,"href":"https:\/\/news.digitaltv.com.ar\/index.php?rest_route=%2Fwp%2Fv2%2Ftags&post=11135"}],"curies":[{"name":"wp","href":"https:\/\/api.w.org\/{rel}","templated":true}]}}