{"id":11138,"date":"2023-12-03T08:53:48","date_gmt":"2023-12-03T11:53:48","guid":{"rendered":"https:\/\/news.digitaltv.com.ar\/?p=11138"},"modified":"2023-12-04T10:40:20","modified_gmt":"2023-12-04T13:40:20","slug":"la-inflacion-en-la-cuarta-semana-de-noviembre-se-ubico-en-31","status":"publish","type":"post","link":"https:\/\/news.digitaltv.com.ar\/?p=11138","title":{"rendered":"LA INFLACI\u00d3N EN LA CUARTA SEMANA DE NOVIEMBRE SE UBIC\u00d3 EN 3,1%"},"content":{"rendered":"\n<p>Con el alza registrada del 20 al 26 de noviembre, se acumula un aumento del 10,8 por ciento, seg\u00fan el informe difundido por el secretario de Pol\u00edtica Econ\u00f3mica, Gabriel Rubinstein.<\/p>\n\n\n\n<p>Los precios minoristas &#8220;habr\u00edan subido&#8221; un <strong>3,1%<\/strong> en la semana del 20 al 26 de noviembre y acumulan un alza del <strong>10,8%<\/strong> en las \u00faltimas cuatro semanas, de acuerdo con el informe dado a conocer este viernes por el secretario de Pol\u00edtica Econ\u00f3mica, <strong>Gabriel Rubinstein.<\/strong><\/p>\n\n\n\n<p>El reporte del viceministro de Econom\u00eda aclara que hubo un ajuste de una d\u00e9cima de punto porcentual en las variaciones de las dos primeras semanas del mes, &#8220;tras la incorporaci\u00f3n de informaci\u00f3n de cuadros tarifarios de electricidad del interior del pa\u00eds publicados recientemente y que impactan desde el inicio de mes&#8221;, con lo que los incrementos quedaron en 2,6% para la primera y 2,4% para la segunda.<\/p>\n\n\n\n<p>Por encima del promedio de la tercera semana se destacaron rubros cono <strong>frutas<\/strong> (11,6%), <strong>alimentos y bebidas de almac\u00e9n <\/strong>(4,8%) y <strong>carnes<\/strong> (3,4%), mientras que quedaron debajo del promedio los rubros regulados (1,7%) e indumentaria (0,9%).<\/p>\n\n\n\n<p>Por su parte, verduras registraron una baja de 2,1%.<\/p>\n\n\n\n<p>El seguimiento de la evoluci\u00f3n mensual (en rigor, el acumulado m\u00f3vil de cuatro semanas) deja en evidencia desde un pico del 15,1% en la cuarta semana de agosto se produjo<strong> una desaceleraci\u00f3n hasta llegar al 7,2% en la primera de octubre, pero a partir de entonces se retom\u00f3 la curva ascendente<\/strong> y a la tercera semana de noviembre se registr\u00f3 un alza del 9,4% y en la cuarta, de 10,8%,<\/p>\n","protected":false},"excerpt":{"rendered":"<p>Con el alza registrada del 20 al 26 de noviembre, se acumula un aumento del 10,8 por ciento, seg\u00fan el informe difundido por el secretario de Pol\u00edtica Econ\u00f3mica, Gabriel Rubinstein. Los precios minoristas &#8220;habr\u00edan subido&#8221; un 3,1% en la semana del 20 al 26 de noviembre y acumulan un alza del 10,8% en las \u00faltimas [&hellip;]<\/p>\n","protected":false},"author":1,"featured_media":11139,"comment_status":"open","ping_status":"open","sticky":false,"template":"","format":"standard","meta":{"_monsterinsights_skip_tracking":false,"_monsterinsights_sitenote_active":false,"_monsterinsights_sitenote_note":"","_monsterinsights_sitenote_category":0,"footnotes":""},"categories":[150],"tags":[160],"class_list":["post-11138","post","type-post","status-publish","format-standard","has-post-thumbnail","hentry","category-actualidad","tag-160"],"_links":{"self":[{"href":"https:\/\/news.digitaltv.com.ar\/index.php?rest_route=\/wp\/v2\/posts\/11138","targetHints":{"allow":["GET"]}}],"collection":[{"href":"https:\/\/news.digitaltv.com.ar\/index.php?rest_route=\/wp\/v2\/posts"}],"about":[{"href":"https:\/\/news.digitaltv.com.ar\/index.php?rest_route=\/wp\/v2\/types\/post"}],"author":[{"embeddable":true,"href":"https:\/\/news.digitaltv.com.ar\/index.php?rest_route=\/wp\/v2\/users\/1"}],"replies":[{"embeddable":true,"href":"https:\/\/news.digitaltv.com.ar\/index.php?rest_route=%2Fwp%2Fv2%2Fcomments&post=11138"}],"version-history":[{"count":1,"href":"https:\/\/news.digitaltv.com.ar\/index.php?rest_route=\/wp\/v2\/posts\/11138\/revisions"}],"predecessor-version":[{"id":11140,"href":"https:\/\/news.digitaltv.com.ar\/index.php?rest_route=\/wp\/v2\/posts\/11138\/revisions\/11140"}],"wp:featuredmedia":[{"embeddable":true,"href":"https:\/\/news.digitaltv.com.ar\/index.php?rest_route=\/wp\/v2\/media\/11139"}],"wp:attachment":[{"href":"https:\/\/news.digitaltv.com.ar\/index.php?rest_route=%2Fwp%2Fv2%2Fmedia&parent=11138"}],"wp:term":[{"taxonomy":"category","embeddable":true,"href":"https:\/\/news.digitaltv.com.ar\/index.php?rest_route=%2Fwp%2Fv2%2Fcategories&post=11138"},{"taxonomy":"post_tag","embeddable":true,"href":"https:\/\/news.digitaltv.com.ar\/index.php?rest_route=%2Fwp%2Fv2%2Ftags&post=11138"}],"curies":[{"name":"wp","href":"https:\/\/api.w.org\/{rel}","templated":true}]}}