{"id":11144,"date":"2023-12-04T09:18:24","date_gmt":"2023-12-04T12:18:24","guid":{"rendered":"https:\/\/news.digitaltv.com.ar\/?p=11144"},"modified":"2023-12-06T09:04:11","modified_gmt":"2023-12-06T12:04:11","slug":"francos-confirmo-el-pedido-para-eliminar-las-paso-y-el-llamado-a-sesiones-extraordinarias","status":"publish","type":"post","link":"https:\/\/news.digitaltv.com.ar\/?p=11144","title":{"rendered":"FRANCOS CONFIRM\u00d3 EL PEDIDO PARA ELIMINAR LAS PASO Y EL LLAMADO A SESIONES EXTRAORDINARIAS"},"content":{"rendered":"\n<p>El fin de las primarias abiertas, simult\u00e1neas y obligatorias &#8220;es uno de los temas para incorporar&#8221; al conjunto de leyes que Milei enviar\u00e1 al Congreso, asegur\u00f3 el futuro ministro del Interior. Habl\u00f3 adem\u00e1s sobre las nuevas incorporaciones al gabinete y la &#8220;reestructuraci\u00f3n del organigrama p\u00fablico&#8221;.<\/p>\n\n\n\n<p>El futuro ministro del Interior, Guillermo Francos, confirm\u00f3 este domingo que el presidente electo, Javier Milei, <strong>enviar\u00e1 al Congreso el pedido para que se eliminen las elecciones primarias abiertas, simult\u00e1neas y obligatorias<\/strong> (PASO) y ratific\u00f3 que en su discurso de asunci\u00f3n anunciar\u00e1 el llamado a sesiones extraordinarias.<\/p>\n\n\n\n<p>&#8220;La eliminaci\u00f3n de las PASO es uno de los temas para incorporar&#8221; al conjunto de leyes que Milei enviar\u00e1 al Congreso, asegur\u00f3 Francos en una entrevista en La Naci\u00f3n+.<\/p>\n\n\n\n<p>Adem\u00e1s confirm\u00f3 que Milei, <strong>ante la Asamblea Legislativa el pr\u00f3ximo domingo 10 de diciembre, &#8220;anunciar\u00e1 el llamado a extraordinarias&#8221;<\/strong> para tratar esas iniciativas.<\/p>\n\n\n\n<h2 class=\"wp-block-heading\">Nuevo gabinete<\/h2>\n\n\n\n<p>Respecto a la conformaci\u00f3n del gabinete del Gobierno de La Libertad Avanza (LLA), el expresidente del Banco Provincia de Buenos Aires admiti\u00f3 que &#8220;hay conversaciones muy avanzadas&#8221; para que <strong>el exdiputado Luis Petri ocupe la cartera de Defensa <\/strong>y que, si bien su designaci\u00f3n debe ser &#8220;confirmada&#8221; por el presidente electo, su nombramiento &#8220;est\u00e1 en conversaciones&#8221;.<\/p>\n\n\n\n<p>Francos asegur\u00f3 que &#8220;ya est\u00e1 definido&#8221; quien se pondr\u00e1 al frente de la Agencia Federal de Inteligencia (AFI), pero dijo que ser\u00e1 el propio Milei quien lo comunique.<\/p>\n\n\n\n<p>Adelant\u00f3 que una vez establecido el gobierno de LLA ese organismo &#8220;se va a reestructurar&#8221;.<\/p>\n\n\n\n<h2 class=\"wp-block-heading\">&#8220;Reestructuraci\u00f3n del organigrama p\u00fablico&#8221;<\/h2>\n\n\n\n<p>Consultado por los pases a planta en organismos del Estado, asegur\u00f3 que despu\u00e9s del 10 de diciembre &#8220;judicializaremos lo que haya que judicializar y <strong>quienes hayan entrado por la ventana saldr\u00e1n por la puerta<\/strong>, porque somos respetuosos&#8221;, en referencia a presuntos despidos de personal estatal.<\/p>\n\n\n\n<p>&#8220;Est\u00e1 claro que <strong>cuando uno reduce no se acaban todas las funciones, algunas se eliminar\u00e1n y otras se readecuar\u00e1n<\/strong>&#8220;, asegur\u00f3 Francos, y explic\u00f3 que habr\u00e1 una &#8220;reestructuraci\u00f3n del organigrama p\u00fablico, donde hoy hay ministerios que est\u00e1n superpoblados que se tendr\u00e1n que reducir&#8221;.<\/p>\n\n\n\n<p>En el sistema judicial &#8220;va a haber un recorte grande&#8221;, ejemplific\u00f3.<\/p>\n\n\n\n<h2 class=\"wp-block-heading\">El di\u00e1logo en el Congreso<\/h2>\n\n\n\n<p>Respecto a las tensiones internas sobre la conducci\u00f3n de las C\u00e1maras del Congreso y los &#8220;consensos&#8221; a partir del apoyo del expresidente Mauricio Macri a la f\u00f3rmula Milei-Victoria Villarruel en el balotaje, Francos asegur\u00f3 que &#8220;siempre se habla con todos en distintas circunstancias&#8221; y manifest\u00f3 que al dialogar con otras fuerzas <strong>&#8220;no queremos ser ni peronistas 2.0 ni Juntos por el Cambio (JxC) 2.0<\/strong>. Somos un espacio pol\u00edtico que obtuvo reconocimiento popular enorme&#8221;.<\/p>\n\n\n\n<p>&#8220;Creo que mucha gente de JxC nos hubiera votado igual, pero la expresi\u00f3n de Patricia Bullrich (designada ministra de Seguridad) y Luis Petri con el acompa\u00f1amiento de Mauricio Macri fueron determinantes para la elecci\u00f3n&#8221;, reflexion\u00f3.<\/p>\n\n\n\n<h2 class=\"wp-block-heading\">Econom\u00eda<\/h2>\n\n\n\n<p>En esa materia, asegur\u00f3: &#8220;Yo me quedar\u00eda tranquilo con el d\u00f3lar, porque no veo motivo por el cual hubiera una disparada&#8221; de la moneda extranjera luego del 10 de diciembre, y consider\u00f3 que<strong> &#8220;600 o 650 pesos podr\u00eda ser un valor razonable del d\u00f3lar&#8221; oficial en el futuro.<\/strong><\/p>\n\n\n\n<p>Tambi\u00e9n asegur\u00f3 que el equipo del designado ministro de Econom\u00eda, <strong>Luis Caputo, &#8220;est\u00e1 trabajando con el tema de las leliqs (letras de liquidez)&#8221;<\/strong> junto al propio Milei (quien es economista) y consider\u00f3 que la expresi\u00f3n &#8220;no hay plata&#8221; que el presidente electo repiti\u00f3 en las \u00faltimas entrevistas indica que &#8220;los argentinos entiendan que se termin\u00f3 la maquinita (de imprimir billetes) a partir del 10 de diciembre&#8221;.<\/p>\n\n\n\n<p><strong>&#8220;Va a estar la plata que hay&#8221;, asegur\u00f3<\/strong>, y puntualiz\u00f3 que &#8220;hay situaciones que demandan recursos que el Estado tiene y otras que el Estado no tiene, y para eso habr\u00e1 que analizar prioridades&#8221;.<\/p>\n","protected":false},"excerpt":{"rendered":"<p>El fin de las primarias abiertas, simult\u00e1neas y obligatorias &#8220;es uno de los temas para incorporar&#8221; al conjunto de leyes que Milei enviar\u00e1 al Congreso, asegur\u00f3 el futuro ministro del Interior. Habl\u00f3 adem\u00e1s sobre las nuevas incorporaciones al gabinete y la &#8220;reestructuraci\u00f3n del organigrama p\u00fablico&#8221;. El futuro ministro del Interior, Guillermo Francos, confirm\u00f3 este domingo [&hellip;]<\/p>\n","protected":false},"author":1,"featured_media":11145,"comment_status":"open","ping_status":"open","sticky":false,"template":"","format":"standard","meta":{"_monsterinsights_skip_tracking":false,"_monsterinsights_sitenote_active":false,"_monsterinsights_sitenote_note":"","_monsterinsights_sitenote_category":0,"footnotes":""},"categories":[6],"tags":[160],"class_list":["post-11144","post","type-post","status-publish","format-standard","has-post-thumbnail","hentry","category-politica","tag-160"],"_links":{"self":[{"href":"https:\/\/news.digitaltv.com.ar\/index.php?rest_route=\/wp\/v2\/posts\/11144","targetHints":{"allow":["GET"]}}],"collection":[{"href":"https:\/\/news.digitaltv.com.ar\/index.php?rest_route=\/wp\/v2\/posts"}],"about":[{"href":"https:\/\/news.digitaltv.com.ar\/index.php?rest_route=\/wp\/v2\/types\/post"}],"author":[{"embeddable":true,"href":"https:\/\/news.digitaltv.com.ar\/index.php?rest_route=\/wp\/v2\/users\/1"}],"replies":[{"embeddable":true,"href":"https:\/\/news.digitaltv.com.ar\/index.php?rest_route=%2Fwp%2Fv2%2Fcomments&post=11144"}],"version-history":[{"count":1,"href":"https:\/\/news.digitaltv.com.ar\/index.php?rest_route=\/wp\/v2\/posts\/11144\/revisions"}],"predecessor-version":[{"id":11146,"href":"https:\/\/news.digitaltv.com.ar\/index.php?rest_route=\/wp\/v2\/posts\/11144\/revisions\/11146"}],"wp:featuredmedia":[{"embeddable":true,"href":"https:\/\/news.digitaltv.com.ar\/index.php?rest_route=\/wp\/v2\/media\/11145"}],"wp:attachment":[{"href":"https:\/\/news.digitaltv.com.ar\/index.php?rest_route=%2Fwp%2Fv2%2Fmedia&parent=11144"}],"wp:term":[{"taxonomy":"category","embeddable":true,"href":"https:\/\/news.digitaltv.com.ar\/index.php?rest_route=%2Fwp%2Fv2%2Fcategories&post=11144"},{"taxonomy":"post_tag","embeddable":true,"href":"https:\/\/news.digitaltv.com.ar\/index.php?rest_route=%2Fwp%2Fv2%2Ftags&post=11144"}],"curies":[{"name":"wp","href":"https:\/\/api.w.org\/{rel}","templated":true}]}}