{"id":11152,"date":"2023-12-04T10:38:54","date_gmt":"2023-12-04T13:38:54","guid":{"rendered":"https:\/\/news.digitaltv.com.ar\/?p=11152"},"modified":"2023-12-06T09:03:52","modified_gmt":"2023-12-06T12:03:52","slug":"kicillof-buenos-aires-es-la-provincia-mas-perjudicada-por-la-quita-de-la-coparticipacion","status":"publish","type":"post","link":"https:\/\/news.digitaltv.com.ar\/?p=11152","title":{"rendered":"KICILLOF: &#8220;BUENOS AIRES ES LA PROVINCIA MAS PERJUDICADA&#8221; POR LA QUITA DE LA COPARTICIPACI\u00d3N"},"content":{"rendered":"\n<p>El gobernador sostuvo que el distrito a su cargo aporta cerca del 40% de los fondos y recibe &#8220;apenas un 22%&#8221;. &#8220;Es la jurisdicci\u00f3n que menos gasta y que menos empleados p\u00fablicos tiene&#8221;, asegur\u00f3.<\/p>\n\n\n\n<p>El gobernador bonaerense, <strong>Axel Kicillof<\/strong>, afirm\u00f3 que la provincia que gobierna y al frente de la cual fue reelecto en las elecciones del 22 de octubre pasado es la m\u00e1s perjudicada en materia de coparticipaci\u00f3n en proporci\u00f3n a la cantidad de habitantes.<\/p>\n\n\n\n<p><strong>&#8220;La provincia de Buenos Aires es la m\u00e1s perjudicada en materia de coparticipaci\u00f3n: aporta cerca del 40% de los fondos y recibe apenas un 22%&#8221;<\/strong>, destac\u00f3 Kicillof en un mensaje difundido por medio de sus redes sociales.<\/p>\n\n\n\n<p>El gobernador provincial sostuvo que &#8220;en proporci\u00f3n a la cantidad de habitantes&#8221; que habitan Buenos Aires, unas 17,5 millones de personas seg\u00fan el \u00faltimo Censo, es la &#8220;jurisdicci\u00f3n que menos gasta y que menos empleados p\u00fablicos tiene&#8221;.<\/p>\n\n\n\n<p>En tanto<strong>, Kicillof advirti\u00f3 que durante el gobierno del electo presidente, Javier Milei, continuar\u00e1 peleando por los recursos de la provincia <\/strong>porque &#8220;son fundamentales para afrontar todo lo que falta para que las y los bonaerenses vivan mejor&#8221;, concluy\u00f3.<\/p>\n\n\n\n<p>El mandatario bonaerense mantuvo as\u00ed la postura que expres\u00f3 el jueves \u00faltimo al participar de la 29a. Conferencia de la Uni\u00f3n Industrial Argentina (UIA).<\/p>\n\n\n\n<p>All\u00ed, <strong>Kicillof expres\u00f3 que durante el segundo mandato al frente de la provincia sostendr\u00e1 el &#8220;compromiso&#8221; de &#8220;seguir defendiendo el aparato productivo&#8221; <\/strong>por medio del &#8220;cr\u00e9dito, la obra p\u00fablica y la infraestructura&#8221;.<\/p>\n\n\n\n<p><\/p>\n","protected":false},"excerpt":{"rendered":"<p>El gobernador sostuvo que el distrito a su cargo aporta cerca del 40% de los fondos y recibe &#8220;apenas un 22%&#8221;. &#8220;Es la jurisdicci\u00f3n que menos gasta y que menos empleados p\u00fablicos tiene&#8221;, asegur\u00f3. El gobernador bonaerense, Axel Kicillof, afirm\u00f3 que la provincia que gobierna y al frente de la cual fue reelecto en las [&hellip;]<\/p>\n","protected":false},"author":1,"featured_media":11153,"comment_status":"open","ping_status":"open","sticky":false,"template":"","format":"standard","meta":{"_monsterinsights_skip_tracking":false,"_monsterinsights_sitenote_active":false,"_monsterinsights_sitenote_note":"","_monsterinsights_sitenote_category":0,"footnotes":""},"categories":[6],"tags":[160],"class_list":["post-11152","post","type-post","status-publish","format-standard","has-post-thumbnail","hentry","category-politica","tag-160"],"_links":{"self":[{"href":"https:\/\/news.digitaltv.com.ar\/index.php?rest_route=\/wp\/v2\/posts\/11152","targetHints":{"allow":["GET"]}}],"collection":[{"href":"https:\/\/news.digitaltv.com.ar\/index.php?rest_route=\/wp\/v2\/posts"}],"about":[{"href":"https:\/\/news.digitaltv.com.ar\/index.php?rest_route=\/wp\/v2\/types\/post"}],"author":[{"embeddable":true,"href":"https:\/\/news.digitaltv.com.ar\/index.php?rest_route=\/wp\/v2\/users\/1"}],"replies":[{"embeddable":true,"href":"https:\/\/news.digitaltv.com.ar\/index.php?rest_route=%2Fwp%2Fv2%2Fcomments&post=11152"}],"version-history":[{"count":1,"href":"https:\/\/news.digitaltv.com.ar\/index.php?rest_route=\/wp\/v2\/posts\/11152\/revisions"}],"predecessor-version":[{"id":11154,"href":"https:\/\/news.digitaltv.com.ar\/index.php?rest_route=\/wp\/v2\/posts\/11152\/revisions\/11154"}],"wp:featuredmedia":[{"embeddable":true,"href":"https:\/\/news.digitaltv.com.ar\/index.php?rest_route=\/wp\/v2\/media\/11153"}],"wp:attachment":[{"href":"https:\/\/news.digitaltv.com.ar\/index.php?rest_route=%2Fwp%2Fv2%2Fmedia&parent=11152"}],"wp:term":[{"taxonomy":"category","embeddable":true,"href":"https:\/\/news.digitaltv.com.ar\/index.php?rest_route=%2Fwp%2Fv2%2Fcategories&post=11152"},{"taxonomy":"post_tag","embeddable":true,"href":"https:\/\/news.digitaltv.com.ar\/index.php?rest_route=%2Fwp%2Fv2%2Ftags&post=11152"}],"curies":[{"name":"wp","href":"https:\/\/api.w.org\/{rel}","templated":true}]}}