{"id":11161,"date":"2023-12-05T09:17:21","date_gmt":"2023-12-05T12:17:21","guid":{"rendered":"https:\/\/news.digitaltv.com.ar\/?p=11161"},"modified":"2023-12-11T08:31:12","modified_gmt":"2023-12-11T11:31:12","slug":"milei-completo-los-ministerios-y-se-concentra-en-el-proyecto-de-ley-omnibus","status":"publish","type":"post","link":"https:\/\/news.digitaltv.com.ar\/?p=11161","title":{"rendered":"MILEI COMPLET\u00d3 LOS MINISTERIOS Y SE CONCENTRA EN EL PROYECTO DE LEY OMNIBUS"},"content":{"rendered":"\n<p>Con el \u00faltimo anuncio de Luis Petri como ministro de Defensa, el Presidente electo prepara una serie de medidas para presentar en el Congreso entre las que se destacar\u00eda una modernizaci\u00f3n del Estado con la reducci\u00f3n de ministerios y estructuras del Gobierno nacional.<\/p>\n\n\n\n<p>El presidente electo Javier Milei ultima los detalles para asumir el 10 de diciembre con el nombramiento del radical Luis Petri para encabezar el ministerio de Defensa y contin\u00faa con la elaboraci\u00f3n de un proyecto de ley \u00f3mnibus, que ser\u00eda tratada en el Congreso en los primeros d\u00edas de mandato.<\/p>\n\n\n\n<p>Este lunes por la ma\u00f1ana, la cuenta oficial de la Oficina del Presidente Electo anunci\u00f3 en la red social X que el diputado nacional y excandidato a vicepresidente por Juntos por el Cambio (JxC), Luis Petri, ser\u00e1 el pr\u00f3ximo ministro de Defensa y asumir\u00e1 en reemplazo de Jorge Taiana.<\/p>\n\n\n\n<p><strong>&#8220;Petri ser\u00e1 el ministro de Defensa a partir del pr\u00f3ximo 10 de diciembre&#8221;<\/strong>, consign\u00f3 un comunicado del gobierno entrante.<\/p>\n\n\n\n<p>El texto oficial destac\u00f3 que con la designaci\u00f3n del futuro ministro de Defensa &#8220;la f\u00f3rmula completa de Juntos por el Cambio (JxC) ha quedado integrada al gobierno de La Libertad Avanza&#8221;, tras la designaci\u00f3n de Patricia Bullrich como ministra de Seguridad en los \u00faltimos d\u00edas.<\/p>\n\n\n\n<p>Por su parte, Petri agradeci\u00f3 la <strong>&#8220;oportunidad&#8221; y la &#8220;confianza&#8221;, <\/strong>y anunci\u00f3 que &#8220;desde hoy&#8221; comenzar\u00e1 a &#8220;trabajar en un cambio que permita volver a poner en valor el rol de nuestras las Fuerzas Armadas&#8221;, que son &#8220;orgullo de nuestro pa\u00eds&#8221;, seg\u00fan dijo.<\/p>\n\n\n\n<p>La desginaci\u00f3n de Petri en Defensa completa el gabinete de ocho ministerios que conformar\u00e1n la administraci\u00f3n nacional desde el 10 de diciembre.<\/p>\n\n\n\n<p>El resto de las carteras estar\u00e1n a cargo de<strong> Luis Caputo, en Econom\u00eda; Guillermo Ferraro, en Infraestructura; Guillermo Francos, en Interior; Sandra Petovello, en Capital Humano; Mariano C\u00faneo Libarona, en Justicia; Diana Mondino, en Relaciones Exteriores; y Patricia Bullrich, en Seguridad.<\/strong><\/p>\n\n\n\n<p>El presidente electo se reuni\u00f3 esta ma\u00f1ana en el Hotel Libertador con Bullrich y Petri en un encuentro en el que tambi\u00e9n estuvieron el designado jefe de Gabinete, Nicol\u00e1s Posse, Caputo, Mondino, Ferraro, y la hermana del libertario, Karina Milei.<\/p>\n\n\n\n<p>All\u00ed &#8220;<strong>se discutieron los principales desaf\u00edos que deber\u00e1 enfrentar cada ministerio, as\u00ed como las reformas que deber\u00e1n llevar adelante y las primeras decisiones a tomar una vez iniciada la gesti\u00f3n&#8221;<\/strong>, se indic\u00f3 oficialmente.<\/p>\n\n\n\n<p>Uno de los ejes abordados fue <strong>el proyecto de ley \u00f3mnibus que mandar\u00e1 al Congreso apenas asuma, con la expectativa de que sea tratado en sesiones extraordinarias durante el verano.<\/strong><\/p>\n\n\n\n<p>Entre las reformas <strong>se propondr\u00eda una modernizaci\u00f3n del Estado con la reducci\u00f3n de ministerios y estructuras del Gobierno nacional.<\/strong><\/p>\n\n\n\n<p>Adem\u00e1s, se especula con la posibilidad de que dentro del paquete de medidas se promuevan cambios en el r\u00e9gimen legal econ\u00f3mico, con eje en la apertura comercial, y que tambi\u00e9n se impulse una reforma en materia pol\u00edtica y, posiblemente, electoral.<\/p>\n\n\n\n<p>El futuro ministro de Interior, Guillermo Francos, confirm\u00f3 el domingo en declaraciones a La Naci\u00f3n + que Milei enviar\u00e1 al Congreso el pedido para que se eliminen las elecciones primarias abiertas, simult\u00e1neas y obligatorias (PASO) y ratific\u00f3 que en su discurso de asunci\u00f3n anunciar\u00e1 el llamado a sesiones extraordinarias.<\/p>\n\n\n\n<p>En relaci\u00f3n a las propuestas, el diputado electo por San Luis Carlos D&#8217; Alessandro coment\u00f3, en declaraciones a CNN, que &#8220;dentro de esta ley \u00f3mnibus no va a haber medidas que tengan que ver con las &#8220;privatizaciones&#8221; de las empresas p\u00fablicas.<\/p>\n\n\n\n<p>&#8220;Se va a intentar que sea una ley con muchos art\u00edculos&#8221;, remarc\u00f3 y agreg\u00f3 que &#8220;dentro de esta ley, no va a haber medidas que tengan que ver con las privatizaciones, porque son medidas de segunda o tercera generaci\u00f3n, para el 2025&#8221;.<\/p>\n\n\n\n<p>Al respecto agreg\u00f3: &#8220;No queremos eliminar dependencias porque s\u00ed, sino porque queremos ver en qu\u00e9 benefician al Estado. Es necesaria una modernizaci\u00f3n del Estado&#8221;.<\/p>\n\n\n\n<p>En tanto, la actual presidenta de la C\u00e1mara de Diputados, Cecilia Moreau (Frente de Todos), recibi\u00f3 este lunes al legislador electo Mart\u00edn Menem (La Libertad Avanza), quien desde el 10 de diciembre la reemplazar\u00eda en ese cargo, previa aprobaci\u00f3n por parte del plenario del cuerpo en la sesi\u00f3n prevista para el pr\u00f3ximo jueves.<\/p>\n\n\n\n<p>La bonaerense y el riojano recorrieron las instalaciones de la Presidencia de la C\u00e1mara y otros salones ubicados en el Palacio Legislativo, y luego mantuvieron una charla de m\u00e1s de tres horas.<\/p>\n\n\n\n<p>Por su parte, la designada ministra de Seguridad mantuvo un encuentro con el actual titular de la cartera, An\u00edbal Fern\u00e1ndez.<\/p>\n\n\n\n<p>Bullrich asegur\u00f3 que la transici\u00f3n ser\u00e1 <strong>&#8220;totalmente ordenada&#8221;,<\/strong> destac\u00f3 que la charla con Fern\u00e1ndez fue &#8220;extensa&#8221; y que se acord\u00f3 que luego del 10 de diciembre los funcionarios entrantes estar\u00e1n &#8220;habilitados a llamar a cualquiera de los que ya ser\u00edan exfuncionarios para tener detalles que son importantes&#8221;.<\/p>\n\n\n\n<p>&#8220;Ma\u00f1ana (por el martes) los equipos van a profundizar sobre los temas importantes respecto de la seguridad de los argentinos&#8221;, a\u00f1adi\u00f3.<\/p>\n\n\n\n<p>Adem\u00e1s, el primer ministro de Israel, Benjamin Netanyahu, se comunic\u00f3 con Milei, a quien calific\u00f3 como <strong>&#8220;un verdadero amigo del pueblo jud\u00edo<\/strong>&#8220;, y lo invit\u00f3 formalmente a que visite su pa\u00eds pr\u00f3ximamente.<\/p>\n\n\n\n<p>En la comunicaci\u00f3n, Netanyahu tambi\u00e9n agradeci\u00f3 a Milei &#8220;su intenci\u00f3n de trasladar la embajada argentina a Jerusal\u00e9n&#8221;, seg\u00fan inform\u00f3 la oficina del primer ministro en su cuenta de la red social X.<\/p>\n\n\n\n<p><strong>&#8220;El primer ministro Benjam\u00edn Netanyahu habl\u00f3 con el presidente electo argentino Javier Milei, lo felicit\u00f3 por su victoria electoral y le agradeci\u00f3 su apoyo al Estado de Israel en su guerra contra la organizaci\u00f3n terrorista Hamas<\/strong>&#8220;.<\/p>\n\n\n\n<p>Horas despu\u00e9s, Milei respondi\u00f3 el mensaje. <strong>&#8220;Muchas gracias Primer Ministro Benjamin Netanyahu por la charla que hemos mantenido en el d\u00eda de hoy. Saludos, Javier Milei&#8221;, <\/strong>poste\u00f3 el Presidente Electo.<\/p>\n","protected":false},"excerpt":{"rendered":"<p>Con el \u00faltimo anuncio de Luis Petri como ministro de Defensa, el Presidente electo prepara una serie de medidas para presentar en el Congreso entre las que se destacar\u00eda una modernizaci\u00f3n del Estado con la reducci\u00f3n de ministerios y estructuras del Gobierno nacional. El presidente electo Javier Milei ultima los detalles para asumir el 10 [&hellip;]<\/p>\n","protected":false},"author":1,"featured_media":11162,"comment_status":"open","ping_status":"open","sticky":false,"template":"","format":"standard","meta":{"_monsterinsights_skip_tracking":false,"_monsterinsights_sitenote_active":false,"_monsterinsights_sitenote_note":"","_monsterinsights_sitenote_category":0,"footnotes":""},"categories":[6],"tags":[160],"class_list":["post-11161","post","type-post","status-publish","format-standard","has-post-thumbnail","hentry","category-politica","tag-160"],"_links":{"self":[{"href":"https:\/\/news.digitaltv.com.ar\/index.php?rest_route=\/wp\/v2\/posts\/11161","targetHints":{"allow":["GET"]}}],"collection":[{"href":"https:\/\/news.digitaltv.com.ar\/index.php?rest_route=\/wp\/v2\/posts"}],"about":[{"href":"https:\/\/news.digitaltv.com.ar\/index.php?rest_route=\/wp\/v2\/types\/post"}],"author":[{"embeddable":true,"href":"https:\/\/news.digitaltv.com.ar\/index.php?rest_route=\/wp\/v2\/users\/1"}],"replies":[{"embeddable":true,"href":"https:\/\/news.digitaltv.com.ar\/index.php?rest_route=%2Fwp%2Fv2%2Fcomments&post=11161"}],"version-history":[{"count":1,"href":"https:\/\/news.digitaltv.com.ar\/index.php?rest_route=\/wp\/v2\/posts\/11161\/revisions"}],"predecessor-version":[{"id":11163,"href":"https:\/\/news.digitaltv.com.ar\/index.php?rest_route=\/wp\/v2\/posts\/11161\/revisions\/11163"}],"wp:featuredmedia":[{"embeddable":true,"href":"https:\/\/news.digitaltv.com.ar\/index.php?rest_route=\/wp\/v2\/media\/11162"}],"wp:attachment":[{"href":"https:\/\/news.digitaltv.com.ar\/index.php?rest_route=%2Fwp%2Fv2%2Fmedia&parent=11161"}],"wp:term":[{"taxonomy":"category","embeddable":true,"href":"https:\/\/news.digitaltv.com.ar\/index.php?rest_route=%2Fwp%2Fv2%2Fcategories&post=11161"},{"taxonomy":"post_tag","embeddable":true,"href":"https:\/\/news.digitaltv.com.ar\/index.php?rest_route=%2Fwp%2Fv2%2Ftags&post=11161"}],"curies":[{"name":"wp","href":"https:\/\/api.w.org\/{rel}","templated":true}]}}