{"id":11190,"date":"2023-12-07T08:45:36","date_gmt":"2023-12-07T11:45:36","guid":{"rendered":"https:\/\/news.digitaltv.com.ar\/?p=11190"},"modified":"2023-12-11T08:30:01","modified_gmt":"2023-12-11T11:30:01","slug":"es-la-ultima-bala-lo-vamos-a-jugar-con-el-corazon-en-la-mano","status":"publish","type":"post","link":"https:\/\/news.digitaltv.com.ar\/?p=11190","title":{"rendered":"&#8220;ES LA ULTIMA BALA, LO VAMOS A JUGAR CON EL CORAZ\u00d3N EN LA MANO&#8221;"},"content":{"rendered":"\n<p><em>La figura del partido en La Rioja, donde Douglas perdi\u00f3 por penales ante Gimnasia y Tiro, Agust\u00edn Osinaga, convers\u00f3 con La Gloria o Devoto y ya dej\u00f3 atr\u00e1s el traspi\u00e9 frente al Albo y mira la chance del ascenso mediante la promoci\u00f3n, que ser\u00e1 contra San Miguel el pr\u00f3ximo martes a las 17 horas en cancha de Platense. Seg\u00fan el de Olavarr\u00eda, que err\u00f3 el penal definitivo, fueron perjudicados por el \u00e1rbitro, Bruno Amiconi, en los 90\u00b4, sin embargo pide tener la mente fr\u00eda y aprovechar la segunda oportunidad para ascender a la Primera Nacional.<\/em><\/p>\n\n\n\n<p>Agust\u00edn Osinaga fue el que err\u00f3 el \u00faltimo penal en la definici\u00f3n ante Gimnasia y Tiro en La Rioja el pasado domingo. Sin embargo, fue la figura de la cancha: \u201cMe sent\u00ed muy bien, m\u00e1s all\u00e1 que despu\u00e9s a los 15 minutos del segundo tiempo me acalambr\u00e9 los dos gemelos por el nerviosismo que hab\u00eda en el partido, a las dos o tres horas despu\u00e9s del partido me quedaba con la imagen del penal. Ten\u00eda decidido donde patear antes de empezar a caminar, me adivin\u00f3 Abad\u00eda, pero m\u00e1s all\u00e1 de eso muy contento por los 90 minutos\u201d, arranc\u00f3 la charla el protagonista.<\/p>\n\n\n\n<p>Consultado sobre el partido chato que se observ\u00f3 en la final, el oriundo de Olavarr\u00eda destac\u00f3: \u201cHubiese sido m\u00e1s atractivo si Amiconi (Bruno) nos dejaba jugar un poco m\u00e1s. Hubo faltas que no se cobraron y una jugada que nos corta una contra, esos detalles m\u00ednimos nos afect\u00f3 en nuestro juego. En el segundo tiempo ellos estaban parados atr\u00e1s, despu\u00e9s tuvimos el cabezazo de \u00b4Tomi` (Gonz\u00e1lez) y un tiro al arco de Tevez. Se nos hizo dif\u00edcil entrar, si nos cobraban los dos penales la final era nuestra\u201d, y sobre los calambres que exhibieron sus compa\u00f1eros, expres\u00f3: \u201cCreo que es un factor secundario tambi\u00e9n el tema del viaje, el hotel, que no pod\u00e9s descansar bien, esas cosas suman, y nos pasa factura a la hora de completar los 90 minutos\u201d.<\/p>\n\n\n\n<p>Para Osinaga y sus compa\u00f1eros, fue una tristeza grande pero no definitiva: \u201cTe vas con ese sabor amargo, caliente de que te vas a penales sabiendo que hiciste un gran partido. Te vas con bronca.Cuando llegamos a Pergamino me cay\u00f3 la ficha que nos quedaban 90 minutos, es el \u00faltimo partido del a\u00f1o\u201d, indic\u00f3, y luego agreg\u00f3: \u201cSi hubiese sido el \u00faltimo partido del a\u00f1o y perd\u00edamos por penales como perdimos te vas peor de lo que nos fuimos\u201d.<\/p>\n\n\n\n<p>A la pregunta de qu\u00e9 les falt\u00f3 para ganar, el ex Sansinena indic\u00f3: \u201cCreo que nada, porque situaciones hubo y Amiconi cortaba los ataques, no s\u00f3lo \u00e9l si no el l\u00ednea. Si no pasaba eso hubi\u00e9semos lastimado m\u00e1s\u201d, manifest\u00f3, y ya puso su mente en San Miguel y el desempate contra un elenco de la B Metro, en el cual se tiene toda la fe de ganar y ascender: \u201cCreo que s\u00ed, son dos juegos distintos. Por lo que veo en algunos partidos y lo que vimos no es tan f\u00edsico el juego, no hay tanto contacto, son distintos juegos, tienen un t\u00e9cnico muy experimentado, que tiene ascensos en la espalda y finales. Hay que tener precauci\u00f3n para el partido del martes\u201d.<\/p>\n\n\n\n<p>Es el compromiso que marcar\u00e1 la finalizaci\u00f3n de una temporada extenuante, y Agust\u00edn la quiere coronar de la mejor forma: \u201cEs la \u00faltima bala, lo vamos a jugar con el coraz\u00f3n en la mano, pero con la cabeza fr\u00eda, no tenemos que enloquecernos. Se va a resolver r\u00e1pido en los 90 minutos\u201d, se\u00f1al\u00f3, y en el cierre se refiri\u00f3 a qui\u00e9n llega como favorito: \u201cNo me gusta hablar de candidatura, porque son finales, se gana o se pierden pero hay que jugar para ganarlas. Es la \u00faltima bala y nos vamos a jugar el a\u00f1o entero\u201d.<\/p>\n","protected":false},"excerpt":{"rendered":"<p>La figura del partido en La Rioja, donde Douglas perdi\u00f3 por penales ante Gimnasia y Tiro, Agust\u00edn Osinaga, convers\u00f3 con La Gloria o Devoto y ya dej\u00f3 atr\u00e1s el traspi\u00e9 frente al Albo y mira la chance del ascenso mediante la promoci\u00f3n, que ser\u00e1 contra San Miguel el pr\u00f3ximo martes a las 17 horas en [&hellip;]<\/p>\n","protected":false},"author":1,"featured_media":11191,"comment_status":"open","ping_status":"open","sticky":false,"template":"","format":"standard","meta":{"_monsterinsights_skip_tracking":false,"_monsterinsights_sitenote_active":false,"_monsterinsights_sitenote_note":"","_monsterinsights_sitenote_category":0,"footnotes":""},"categories":[7],"tags":[170],"class_list":["post-11190","post","type-post","status-publish","format-standard","has-post-thumbnail","hentry","category-deportes","tag-170"],"_links":{"self":[{"href":"https:\/\/news.digitaltv.com.ar\/index.php?rest_route=\/wp\/v2\/posts\/11190","targetHints":{"allow":["GET"]}}],"collection":[{"href":"https:\/\/news.digitaltv.com.ar\/index.php?rest_route=\/wp\/v2\/posts"}],"about":[{"href":"https:\/\/news.digitaltv.com.ar\/index.php?rest_route=\/wp\/v2\/types\/post"}],"author":[{"embeddable":true,"href":"https:\/\/news.digitaltv.com.ar\/index.php?rest_route=\/wp\/v2\/users\/1"}],"replies":[{"embeddable":true,"href":"https:\/\/news.digitaltv.com.ar\/index.php?rest_route=%2Fwp%2Fv2%2Fcomments&post=11190"}],"version-history":[{"count":1,"href":"https:\/\/news.digitaltv.com.ar\/index.php?rest_route=\/wp\/v2\/posts\/11190\/revisions"}],"predecessor-version":[{"id":11192,"href":"https:\/\/news.digitaltv.com.ar\/index.php?rest_route=\/wp\/v2\/posts\/11190\/revisions\/11192"}],"wp:featuredmedia":[{"embeddable":true,"href":"https:\/\/news.digitaltv.com.ar\/index.php?rest_route=\/wp\/v2\/media\/11191"}],"wp:attachment":[{"href":"https:\/\/news.digitaltv.com.ar\/index.php?rest_route=%2Fwp%2Fv2%2Fmedia&parent=11190"}],"wp:term":[{"taxonomy":"category","embeddable":true,"href":"https:\/\/news.digitaltv.com.ar\/index.php?rest_route=%2Fwp%2Fv2%2Fcategories&post=11190"},{"taxonomy":"post_tag","embeddable":true,"href":"https:\/\/news.digitaltv.com.ar\/index.php?rest_route=%2Fwp%2Fv2%2Ftags&post=11190"}],"curies":[{"name":"wp","href":"https:\/\/api.w.org\/{rel}","templated":true}]}}