{"id":11193,"date":"2023-12-09T10:00:16","date_gmt":"2023-12-09T13:00:16","guid":{"rendered":"https:\/\/news.digitaltv.com.ar\/?p=11193"},"modified":"2023-12-11T11:44:14","modified_gmt":"2023-12-11T14:44:14","slug":"javier-milei-tendra-una-asuncion-con-peculiaridades-pero-tambien-con-antiguas-tradiciones","status":"publish","type":"post","link":"https:\/\/news.digitaltv.com.ar\/?p=11193","title":{"rendered":"JAVIER MILEI TENDR\u00c1 UNA ASUNCI\u00d3N CON PECULIARIDADES, PERO TAMBI\u00c9N CON ANTIGUAS TRADICIONES"},"content":{"rendered":"\n<p>El l\u00edder de la Libertad Avanza jurar\u00e1 al mediod\u00eda del domingo ante la Asamblea Legislativa en el Congreso y recibir\u00e1 en ese mismo recinto los atributos. No pronunciar\u00e1 discurso ante los legisladores, sino que lo har\u00e1 en las escalinatas del edificio, ante lo que espera sea una &#8220;multitud&#8221; de seguidores. A continuaci\u00f3n, m\u00e1s detalles del cronograma de este domingo de asunci\u00f3n.<\/p>\n\n\n\n<p>El presidente electo Javier Milei asumir\u00e1 este domingo con una ceremonia de traspaso de mando y actos protocolares que, en algunos aspectos, se ajustar\u00e1n a las tradiciones, mientras que en otros se observar\u00e1n peculiaridades surgidas de la impronta del futuro mandatario.<\/p>\n\n\n\n<p>Desde hace d\u00edas comenzaron a tejerse hip\u00f3tesis sobre c\u00f3mo se desarrollar\u00edan los momentos fundamentales de la toma de posesi\u00f3n, que van desde la llegada del mandatario electo al Congreso nacional, su jura ante la Asamblea Legislativa y la imposici\u00f3n de los atributos de mando por parte del presidente saliente Alberto Fern\u00e1ndez, hasta la<strong> gala que se realizar\u00e1 por la noche en el Teatro Col\u00f3n<\/strong>.<\/p>\n\n\n\n<p>Aunque existen legislaciones que imponen algunas obligaciones, tambi\u00e9n es cierto que los jefes de Estado fueron estableciendo sutiles diferencias. En <strong>2015<\/strong>, por ejemplo, el <strong>traspaso entre Cristina Fern\u00e1ndez de Kirchner y Mauricio Macri fue motivo de pol\u00e9mica <\/strong>e idas y vueltas.<\/p>\n\n\n\n<p>A cuatro d\u00edas del traspaso de mando, las reuniones para ajustar el itinerario contin\u00faan realiz\u00e1ndose y este mi\u00e9rcoles por la tarde se avanzar\u00e1 en un c\u00f3nclave para definir las cuestiones de seguridad.<\/p>\n\n\n\n<p>A cuatro d\u00edas del traspaso de mando, las reuniones para ajustar el itinerario contin\u00faan realiz\u00e1ndose y este mi\u00e9rcoles por la tarde se avanzar\u00e1 en un c\u00f3nclave para definir las cuestiones de seguridad.<\/p>\n\n\n\n<p>Respecto de los <strong>atributos<\/strong>, la <strong>sastrer\u00eda militar<\/strong> tom\u00f3 hace un par de semanas las medidas para la <strong>nueva banda presidencial <\/strong>y en la ma\u00f1ana de este mi\u00e9rcoles el orfebre Juan Carlos Pallarols entreg\u00f3 el <strong>bast\u00f3n <\/strong>de mando a la oficina de ceremonial de la Casa de Gobierno.<\/p>\n\n\n\n<p>&#8220;Cada presidente recibe tres o cuatro bastones, lo que pasa es que el periodismo siempre se olvida&#8221;, respondi\u00f3 en la ma\u00f1ana de este mi\u00e9rcoles Pallarols al ser consultado por los cronistas acreditados sobre la posibilidad de que Milei use uno dise\u00f1ado por otro artesano.<\/p>\n\n\n\n<p>El <strong>discurso <\/strong>que Milei dir\u00e1 ante los ciudadanos reunidos en la Plaza del Congreso est\u00e1 por estas horas &#8220;bajo 7 llaves&#8221; y son muy pocos los que conocen el contenido y cu\u00e1l ser\u00e1 el tono elegido por el presidente electo.<\/p>\n\n\n\n<p>Otra novedad es que se pretende acotar la transmisi\u00f3n televisiva en &#8220;cadena&#8221;, limit\u00e1ndola a la jura y al discurso, mientras que el resto de la jornada ser\u00e1 emitida por la TV P\u00fablica para que &#8220;la repitan quienes deseen&#8221;.<\/p>\n\n\n\n<p>Terminado el cap\u00edtulo del Congreso, Milei se trasladar\u00e1 a la Casa de Gobierno en un auto descapotable a lo largo de la avenida de Mayo y recuperar\u00e1 una tradici\u00f3n que no se repite desde la asunci\u00f3n de Fernando de la R\u00faa.<\/p>\n\n\n\n<blockquote class=\"wp-block-quote is-layout-flow wp-block-quote-is-layout-flow\"><p>Terminada la ceremonia en el Congreso, Milei ir\u00e1 a la Casa de Gobierno en un descapotable a lo largo de la avenida de Mayo y recuperar\u00e1 una tradici\u00f3n que no se repite desde la asunci\u00f3n de Fernando de la R\u00faa<\/p><\/blockquote>\n\n\n\n<p>El <strong>&#8220;Cadillac de Per\u00f3n&#8221;<\/strong> -que se asocia err\u00f3neamente a Eva Per\u00f3n por la pel\u00edcula de Juan Carlos Desanzo- se encuentra en exhibici\u00f3n en el Museo del Bicentenario pero no est\u00e1 operativo y por esa raz\u00f3n Milei no lo utilizar\u00e1, tal como se especul\u00f3 en los \u00faltimos d\u00edas, y viajar\u00e1 en un Valiant 3 gris.<\/p>\n\n\n\n<p>As\u00ed <strong>conseguir\u00e1 la misma postal que Ra\u00fal Alfons\u00edn, Carlos Menem y De la R\u00faa, viajando a contramano por la avenida de Mayo<\/strong> recibiendo el apoyo de sus seguidores.<\/p>\n\n\n\n<p>El l\u00edder libertario &#8220;quiere caminar&#8221; en alg\u00fan tramo pero, por ahora, se impone el criterio de la Casa Militar y de los expertos en seguridad que desalientan esa posibilidad.<\/p>\n\n\n\n<p>Milei llegar\u00eda entonces a la Casa Rosada, lugar en el que realizar\u00eda &#8220;un gesto, un peque\u00f1o acto formal&#8221; del que a\u00fan no se conocen detalles y luego recibir\u00e1 el saludo de los mandatarios, representantes extranjeros e invitados especiales. Hasta el momento est\u00e1n <strong>confirmadas las presencias del Rey de Espa\u00f1a<\/strong>, Felipe VI; y de los<strong> presidentes de Chile, Paraguay, Uruguay, Ecuador y Hungr\u00eda.<\/strong><\/p>\n\n\n\n<p>Tambi\u00e9n est\u00e1 confirmado que asistir\u00e1n -en car\u00e1cter de <strong>invitados<\/strong>&#8211; el exmandatario brasile\u00f1o Jair <strong>Bolsonaro <\/strong>-con una importante comitiva- y el <strong>l\u00edder del partido espa\u00f1ol VOX, Santiago Abascal.<\/strong><\/p>\n\n\n\n<p>No asistir\u00e1 el presidente brasile\u00f1o Luis In\u00e1cio Lula da Silva, ni el exjefe de la Casa Blanca, Donald Trump, mientras que se espera la confirmaci\u00f3n del mandatario salvadore\u00f1o Nayib Bukele.<\/p>\n\n\n\n<blockquote class=\"wp-block-quote is-layout-flow wp-block-quote-is-layout-flow\"><p>No asistir\u00e1 el presidente brasile\u00f1o Lula da Silva, ni el exjefe de la Casa Blanca, Donald Trump, mientras que se espera la confirmaci\u00f3n del mandatario salvadore\u00f1o Nayib Bukele<\/p><\/blockquote>\n\n\n\n<p>Tras un <strong>cocktail <\/strong>que se realizar\u00e1 en la Casa Rosada, el mandatario se dirigir\u00e1 caminando a la <strong>Catedral<\/strong> Metropolitana donde, a las 19, est\u00e1 prevista la realizaci\u00f3n de una<strong> &#8220;invocaci\u00f3n religiosa de inicio de la gesti\u00f3n presidencial&#8221;<\/strong>, con la participaci\u00f3n interreligiosa de los representantes de los cultos que se profesan en el pa\u00eds, seg\u00fan informaron a T\u00e9lam fuentes del arzobispado porte\u00f1o.<\/p>\n\n\n\n<p>Luego, el Presidente se dirigir\u00e1 al Teatro <strong>Col\u00f3n<\/strong>, lugar en el que se presentar\u00e1 la<strong> \u00f3pera Madame Butterfly<\/strong> de Giacomo Puccini.<\/p>\n\n\n\n<p>La <strong>&#8220;gala presidencial&#8221; tiene como antecedentes m\u00e1s cercanos los traspasos presidenciales en 1999 y en 2015<\/strong>.<\/p>\n\n\n\n<p>En esa \u00faltima ocasi\u00f3n Mauricio Macri lleg\u00f3 acompa\u00f1ado por su esposa Juliana Awada para presenciar una funci\u00f3n en la que se interpret\u00f3 el Himno Nacional, el preludio al primer acto de la \u00f3pera \u201cParsifal\u201d de Richard Wagner y una parte de &#8220;La danza del trigo\u201d de Alberto Ginastera.<\/p>\n","protected":false},"excerpt":{"rendered":"<p>El l\u00edder de la Libertad Avanza jurar\u00e1 al mediod\u00eda del domingo ante la Asamblea Legislativa en el Congreso y recibir\u00e1 en ese mismo recinto los atributos. No pronunciar\u00e1 discurso ante los legisladores, sino que lo har\u00e1 en las escalinatas del edificio, ante lo que espera sea una &#8220;multitud&#8221; de seguidores. A continuaci\u00f3n, m\u00e1s detalles del [&hellip;]<\/p>\n","protected":false},"author":1,"featured_media":11194,"comment_status":"open","ping_status":"open","sticky":false,"template":"","format":"standard","meta":{"_monsterinsights_skip_tracking":false,"_monsterinsights_sitenote_active":false,"_monsterinsights_sitenote_note":"","_monsterinsights_sitenote_category":0,"footnotes":""},"categories":[6],"tags":[160],"class_list":["post-11193","post","type-post","status-publish","format-standard","has-post-thumbnail","hentry","category-politica","tag-160"],"_links":{"self":[{"href":"https:\/\/news.digitaltv.com.ar\/index.php?rest_route=\/wp\/v2\/posts\/11193","targetHints":{"allow":["GET"]}}],"collection":[{"href":"https:\/\/news.digitaltv.com.ar\/index.php?rest_route=\/wp\/v2\/posts"}],"about":[{"href":"https:\/\/news.digitaltv.com.ar\/index.php?rest_route=\/wp\/v2\/types\/post"}],"author":[{"embeddable":true,"href":"https:\/\/news.digitaltv.com.ar\/index.php?rest_route=\/wp\/v2\/users\/1"}],"replies":[{"embeddable":true,"href":"https:\/\/news.digitaltv.com.ar\/index.php?rest_route=%2Fwp%2Fv2%2Fcomments&post=11193"}],"version-history":[{"count":1,"href":"https:\/\/news.digitaltv.com.ar\/index.php?rest_route=\/wp\/v2\/posts\/11193\/revisions"}],"predecessor-version":[{"id":11195,"href":"https:\/\/news.digitaltv.com.ar\/index.php?rest_route=\/wp\/v2\/posts\/11193\/revisions\/11195"}],"wp:featuredmedia":[{"embeddable":true,"href":"https:\/\/news.digitaltv.com.ar\/index.php?rest_route=\/wp\/v2\/media\/11194"}],"wp:attachment":[{"href":"https:\/\/news.digitaltv.com.ar\/index.php?rest_route=%2Fwp%2Fv2%2Fmedia&parent=11193"}],"wp:term":[{"taxonomy":"category","embeddable":true,"href":"https:\/\/news.digitaltv.com.ar\/index.php?rest_route=%2Fwp%2Fv2%2Fcategories&post=11193"},{"taxonomy":"post_tag","embeddable":true,"href":"https:\/\/news.digitaltv.com.ar\/index.php?rest_route=%2Fwp%2Fv2%2Ftags&post=11193"}],"curies":[{"name":"wp","href":"https:\/\/api.w.org\/{rel}","templated":true}]}}