{"id":11201,"date":"2023-12-08T10:18:14","date_gmt":"2023-12-08T13:18:14","guid":{"rendered":"https:\/\/news.digitaltv.com.ar\/?p=11201"},"modified":"2023-12-11T08:29:46","modified_gmt":"2023-12-11T11:29:46","slug":"habra-restricciones-a-la-circulacion-de-camiones-en-las-autopistas-y-rutas-del-pais","status":"publish","type":"post","link":"https:\/\/news.digitaltv.com.ar\/?p=11201","title":{"rendered":"HABR\u00c1 RESTRICCIONES A LA CIRCULACI\u00d3N DE CAMIONES EN LAS AUTOPISTAS Y RUTAS DEL PA\u00cdS"},"content":{"rendered":"\n<p>La prohibici\u00f3n de circulaci\u00f3n de camiones se estableci\u00f3 este jueves de 18 a 20.59, viernes de 7 a 9.59 y el domingo de 18 a 20.59, previendo el mayor flujo de veh\u00edculos a diferentes destinos del pa\u00eds por el fin de semana largo.<\/p>\n\n\n\n<p>El Ministerio de Transporte inform\u00f3 que habr\u00e1 restricci\u00f3n para la circulaci\u00f3n de camiones en autopistas y rutas nacionales a lo largo de los tres d\u00edas del fin de semana largo con el fin <strong>favorecer el tr\u00e1nsito de veh\u00edculos y reforzar la seguridad vial en los trayectos hacia los distintos puntos tur\u00edsticos del pa\u00eds.<\/strong><\/p>\n\n\n\n<p>La prohibici\u00f3n de circulaci\u00f3n de camiones se estableci\u00f3 este jueves de 18 a 20.59, ma\u00f1ana de 7 a 9.59 y el domingo de 18 a 20.59.<\/p>\n\n\n\n<p>La medida incluye la Autopista Bs. As. La Plata, la Autopista Ricchieri \/ Oeste Acceso Norte y las rutas nacionales RN3, RN5, RN7, RN8, RN9, RN11, RN12, RN14, RN16, RN19, RN146, RN149, RN151, RN152, RN154, RN226, RN232, RN20, RN22, RN33, RN34, RN35, RN38, RN40, RN105, RN143, RN144, RN158, RN174, RN188, RN205, RN231.<\/p>\n\n\n\n<p>El Ministerio de Transporte de la Naci\u00f3n, conjuntamente con la ANSV y la CNRT, recordaron a todas las personas que transiten por las rutas del pa\u00eds: la utilizaci\u00f3n obligatoria del cintur\u00f3n de seguridad; en caso de las motos, usar siempre el casco; respetar las velocidades m\u00e1ximas; alcohol cero al volante; no utilizar el celular cuando se maneja; usar los sistemas de retenci\u00f3n infantil adecuados para trasladar ni\u00f1os; y siempre las luces bajas encendidas.<\/p>\n\n\n\n<p><strong>Tambi\u00e9n se inst\u00f3 a que se comunican con la L\u00ednea 149<\/strong> opci\u00f3n 2 donde ser\u00e1n atendidas por profesionales capacitados para asistir a quienes llaman buscando cubrir las distintas necesidades que se presentan luego de un hecho vial.<\/p>\n\n\n\n<p>La atenci\u00f3n inicial es telef\u00f3nica, pero si la situaci\u00f3n lo requiere, la asistencia contin\u00faa de manera presencial, como, por ejemplo, si la v\u00edctima necesita tratamiento psicol\u00f3gico y\/o de rehabilitaci\u00f3n f\u00edsica, o si se requieren traslados sanitarios y\/o de familiares.<\/p>\n\n\n\n<p>A su vez, l<strong>a Direcci\u00f3n de Vialidad de la Provincia de Buenos Aires dispuso restricci\u00f3n de veh\u00edculos de gran porte <\/strong>para el fin de semana largo en las autopistas y rutas bonaerenses a partir de este viernes y hasta el domingo.<\/p>\n\n\n\n<p>Se restringir\u00e1 la circulaci\u00f3n de camiones con carga de m\u00e1s de 7 (siete) toneladas de porte bruto en la Autov\u00eda 2, las Rutas Provinciales N\u00ba11, N\u00ba36, N\u00ba56, N\u00ba63, N\u00ba74, y la Autopista Buenos Aires &#8211; La Plata, con el objetivo de facilitar el desplazamiento vehicular y prevenir siniestros de tr\u00e1nsito en rutas tur\u00edsticas.<\/p>\n","protected":false},"excerpt":{"rendered":"<p>La prohibici\u00f3n de circulaci\u00f3n de camiones se estableci\u00f3 este jueves de 18 a 20.59, viernes de 7 a 9.59 y el domingo de 18 a 20.59, previendo el mayor flujo de veh\u00edculos a diferentes destinos del pa\u00eds por el fin de semana largo. El Ministerio de Transporte inform\u00f3 que habr\u00e1 restricci\u00f3n para la circulaci\u00f3n de [&hellip;]<\/p>\n","protected":false},"author":1,"featured_media":11202,"comment_status":"open","ping_status":"open","sticky":false,"template":"","format":"standard","meta":{"_monsterinsights_skip_tracking":false,"_monsterinsights_sitenote_active":false,"_monsterinsights_sitenote_note":"","_monsterinsights_sitenote_category":0,"footnotes":""},"categories":[150],"tags":[160],"class_list":["post-11201","post","type-post","status-publish","format-standard","has-post-thumbnail","hentry","category-actualidad","tag-160"],"_links":{"self":[{"href":"https:\/\/news.digitaltv.com.ar\/index.php?rest_route=\/wp\/v2\/posts\/11201","targetHints":{"allow":["GET"]}}],"collection":[{"href":"https:\/\/news.digitaltv.com.ar\/index.php?rest_route=\/wp\/v2\/posts"}],"about":[{"href":"https:\/\/news.digitaltv.com.ar\/index.php?rest_route=\/wp\/v2\/types\/post"}],"author":[{"embeddable":true,"href":"https:\/\/news.digitaltv.com.ar\/index.php?rest_route=\/wp\/v2\/users\/1"}],"replies":[{"embeddable":true,"href":"https:\/\/news.digitaltv.com.ar\/index.php?rest_route=%2Fwp%2Fv2%2Fcomments&post=11201"}],"version-history":[{"count":1,"href":"https:\/\/news.digitaltv.com.ar\/index.php?rest_route=\/wp\/v2\/posts\/11201\/revisions"}],"predecessor-version":[{"id":11203,"href":"https:\/\/news.digitaltv.com.ar\/index.php?rest_route=\/wp\/v2\/posts\/11201\/revisions\/11203"}],"wp:featuredmedia":[{"embeddable":true,"href":"https:\/\/news.digitaltv.com.ar\/index.php?rest_route=\/wp\/v2\/media\/11202"}],"wp:attachment":[{"href":"https:\/\/news.digitaltv.com.ar\/index.php?rest_route=%2Fwp%2Fv2%2Fmedia&parent=11201"}],"wp:term":[{"taxonomy":"category","embeddable":true,"href":"https:\/\/news.digitaltv.com.ar\/index.php?rest_route=%2Fwp%2Fv2%2Fcategories&post=11201"},{"taxonomy":"post_tag","embeddable":true,"href":"https:\/\/news.digitaltv.com.ar\/index.php?rest_route=%2Fwp%2Fv2%2Ftags&post=11201"}],"curies":[{"name":"wp","href":"https:\/\/api.w.org\/{rel}","templated":true}]}}