{"id":11204,"date":"2023-12-08T10:20:49","date_gmt":"2023-12-08T13:20:49","guid":{"rendered":"https:\/\/news.digitaltv.com.ar\/?p=11204"},"modified":"2023-12-11T10:46:29","modified_gmt":"2023-12-11T13:46:29","slug":"el-21-de-diciembre-vence-el-tributo-anual-de-derecho-de-publicidad-y-propaganda-y-derecho-de-ocupacion-y-uso-de-espacio-publico","status":"publish","type":"post","link":"https:\/\/news.digitaltv.com.ar\/?p=11204","title":{"rendered":"EL 21 DE DICIEMBRE VENCE EL TRIBUTO ANUAL DE DERECHO DE PUBLICIDAD Y PROPAGANDA Y DERECHO DE OCUPACI\u00d3N Y USO DE ESPACIO PUBLICO"},"content":{"rendered":"\n<p>La Municipalidad de Pergamino, a trav\u00e9s de la Secretar\u00eda de Hacienda y Finanzas, informa que el pr\u00f3ximo 21 de diciembre vence el tributo anual de Derecho de Publicidad y Propaganda y Derecho de Ocupaci\u00f3n y Uso de Espacio P\u00fablico, para los contribuyentes inscriptos en la Tasa por Inspecci\u00f3n de Seguridad e Higiene.<\/p>\n\n\n\n<p>La liquidaci\u00f3n se efect\u00faa directamente desde la p\u00e1gina web del municipio con la clave fiscal que habitualmente se utiliza para liquidar la Tasa Seguridad e Higiene.<\/p>\n","protected":false},"excerpt":{"rendered":"<p>La Municipalidad de Pergamino, a trav\u00e9s de la Secretar\u00eda de Hacienda y Finanzas, informa que el pr\u00f3ximo 21 de diciembre vence el tributo anual de Derecho de Publicidad y Propaganda y Derecho de Ocupaci\u00f3n y Uso de Espacio P\u00fablico, para los contribuyentes inscriptos en la Tasa por Inspecci\u00f3n de Seguridad e Higiene. La liquidaci\u00f3n se [&hellip;]<\/p>\n","protected":false},"author":1,"featured_media":8642,"comment_status":"open","ping_status":"open","sticky":false,"template":"","format":"standard","meta":{"_monsterinsights_skip_tracking":false,"_monsterinsights_sitenote_active":false,"_monsterinsights_sitenote_note":"","_monsterinsights_sitenote_category":0,"footnotes":""},"categories":[152],"tags":[159],"class_list":["post-11204","post","type-post","status-publish","format-standard","has-post-thumbnail","hentry","category-pergamino","tag-159"],"_links":{"self":[{"href":"https:\/\/news.digitaltv.com.ar\/index.php?rest_route=\/wp\/v2\/posts\/11204","targetHints":{"allow":["GET"]}}],"collection":[{"href":"https:\/\/news.digitaltv.com.ar\/index.php?rest_route=\/wp\/v2\/posts"}],"about":[{"href":"https:\/\/news.digitaltv.com.ar\/index.php?rest_route=\/wp\/v2\/types\/post"}],"author":[{"embeddable":true,"href":"https:\/\/news.digitaltv.com.ar\/index.php?rest_route=\/wp\/v2\/users\/1"}],"replies":[{"embeddable":true,"href":"https:\/\/news.digitaltv.com.ar\/index.php?rest_route=%2Fwp%2Fv2%2Fcomments&post=11204"}],"version-history":[{"count":1,"href":"https:\/\/news.digitaltv.com.ar\/index.php?rest_route=\/wp\/v2\/posts\/11204\/revisions"}],"predecessor-version":[{"id":11205,"href":"https:\/\/news.digitaltv.com.ar\/index.php?rest_route=\/wp\/v2\/posts\/11204\/revisions\/11205"}],"wp:featuredmedia":[{"embeddable":true,"href":"https:\/\/news.digitaltv.com.ar\/index.php?rest_route=\/wp\/v2\/media\/8642"}],"wp:attachment":[{"href":"https:\/\/news.digitaltv.com.ar\/index.php?rest_route=%2Fwp%2Fv2%2Fmedia&parent=11204"}],"wp:term":[{"taxonomy":"category","embeddable":true,"href":"https:\/\/news.digitaltv.com.ar\/index.php?rest_route=%2Fwp%2Fv2%2Fcategories&post=11204"},{"taxonomy":"post_tag","embeddable":true,"href":"https:\/\/news.digitaltv.com.ar\/index.php?rest_route=%2Fwp%2Fv2%2Ftags&post=11204"}],"curies":[{"name":"wp","href":"https:\/\/api.w.org\/{rel}","templated":true}]}}