{"id":11209,"date":"2023-12-11T08:26:56","date_gmt":"2023-12-11T11:26:56","guid":{"rendered":"https:\/\/news.digitaltv.com.ar\/?p=11209"},"modified":"2023-12-12T11:12:29","modified_gmt":"2023-12-12T14:12:29","slug":"el-turismo-genero-78-880-millones-en-gastos-durante-el-fin-de-semana-largo","status":"publish","type":"post","link":"https:\/\/news.digitaltv.com.ar\/?p=11209","title":{"rendered":"EL TURISMO GENER\u00d3 78.880 MILLONES EN GASTOS DURANTE EL FIN DE SEMANA LARGO"},"content":{"rendered":"\n<p>Durante este fin de semana largo, el \u00faltimo del a\u00f1o, casi un mill\u00f3n de turistas recorrieron el pa\u00eds. En los diez fines de semana largos del 2023 viajaron 15,2 millones de turistas y gastaron 675.881 millones de pesos.<\/p>\n\n\n\n<p>Los<strong> 960 mil turistas nacionales e internacionales <\/strong>que recorrieron el pa\u00eds durante este fin de semana largo gastaron $74.880 millones en alimentos, bebidas, alojamiento, transporte, recreaci\u00f3n y compras, precis\u00f3 este domingo la <strong>Confederaci\u00f3n Argentina de la Mediana Empresa<\/strong> (CAME).<\/p>\n\n\n\n<p>El gasto total se redujo un 21% debido a que en 2022 la fecha tuvo 4 d\u00edas.<\/p>\n\n\n\n<p>Adem\u00e1s, incidi\u00f3 la p\u00e9rdida de poder adquisitivo de las familias residentes, que limit\u00f3 sus posibilidades de traslado y el recambio de gobierno, &#8220;que mantuvo expectante a una parte de la poblaci\u00f3n&#8221;, remarc\u00f3 CAME en un comunicado.<\/p>\n\n\n\n<p><strong>Respecto a la estad\u00eda, el promedio fue de 2,6 d\u00edas <\/strong>y se destac\u00f3 el turista internacional que, por la conveniencia cambiaria permiti\u00f3 compensar el gasto del turista nacional.<\/p>\n\n\n\n<p>Por lo que, el impacto econ\u00f3mico, medido a precios reales tuvo as\u00ed una ca\u00edda de 20% frente al 8 de diciembre 2022.<\/p>\n\n\n\n<p><strong>El turismo extranjero se destaco entre los grandes aportantes <\/strong>a la fecha ya que en promedio gastaron 30.000 pesos diarios por persona, y la estad\u00eda media rond\u00f3 en 2,6 d\u00edas<\/p>\n\n\n\n<p>Los turistas extranjeros recorrieron principalmente los centros tur\u00edsticos de frontera, en la Patagonia y en la Ciudad de Buenos Aires, siendo las ciudades m\u00e1s concurridas Mar del Plata, Potrerillos, Mar de las Pampas, Salta, Bariloche, Ushuaia, Puerto Madryn y Puerto Iguaz\u00fa, detall\u00f3 el informe.<\/p>\n\n\n\n<p>De modo que, en lo que va del a\u00f1o ya <strong>van 10 fines de semana largos, donde viajaron 15,2 millones de turistas y gastaron 675.881 millones de pesos.<\/strong><\/p>\n","protected":false},"excerpt":{"rendered":"<p>Durante este fin de semana largo, el \u00faltimo del a\u00f1o, casi un mill\u00f3n de turistas recorrieron el pa\u00eds. En los diez fines de semana largos del 2023 viajaron 15,2 millones de turistas y gastaron 675.881 millones de pesos. Los 960 mil turistas nacionales e internacionales que recorrieron el pa\u00eds durante este fin de semana largo [&hellip;]<\/p>\n","protected":false},"author":1,"featured_media":11210,"comment_status":"open","ping_status":"open","sticky":false,"template":"","format":"standard","meta":{"_monsterinsights_skip_tracking":false,"_monsterinsights_sitenote_active":false,"_monsterinsights_sitenote_note":"","_monsterinsights_sitenote_category":0,"footnotes":""},"categories":[150],"tags":[160],"class_list":["post-11209","post","type-post","status-publish","format-standard","has-post-thumbnail","hentry","category-actualidad","tag-160"],"_links":{"self":[{"href":"https:\/\/news.digitaltv.com.ar\/index.php?rest_route=\/wp\/v2\/posts\/11209","targetHints":{"allow":["GET"]}}],"collection":[{"href":"https:\/\/news.digitaltv.com.ar\/index.php?rest_route=\/wp\/v2\/posts"}],"about":[{"href":"https:\/\/news.digitaltv.com.ar\/index.php?rest_route=\/wp\/v2\/types\/post"}],"author":[{"embeddable":true,"href":"https:\/\/news.digitaltv.com.ar\/index.php?rest_route=\/wp\/v2\/users\/1"}],"replies":[{"embeddable":true,"href":"https:\/\/news.digitaltv.com.ar\/index.php?rest_route=%2Fwp%2Fv2%2Fcomments&post=11209"}],"version-history":[{"count":1,"href":"https:\/\/news.digitaltv.com.ar\/index.php?rest_route=\/wp\/v2\/posts\/11209\/revisions"}],"predecessor-version":[{"id":11211,"href":"https:\/\/news.digitaltv.com.ar\/index.php?rest_route=\/wp\/v2\/posts\/11209\/revisions\/11211"}],"wp:featuredmedia":[{"embeddable":true,"href":"https:\/\/news.digitaltv.com.ar\/index.php?rest_route=\/wp\/v2\/media\/11210"}],"wp:attachment":[{"href":"https:\/\/news.digitaltv.com.ar\/index.php?rest_route=%2Fwp%2Fv2%2Fmedia&parent=11209"}],"wp:term":[{"taxonomy":"category","embeddable":true,"href":"https:\/\/news.digitaltv.com.ar\/index.php?rest_route=%2Fwp%2Fv2%2Fcategories&post=11209"},{"taxonomy":"post_tag","embeddable":true,"href":"https:\/\/news.digitaltv.com.ar\/index.php?rest_route=%2Fwp%2Fv2%2Ftags&post=11209"}],"curies":[{"name":"wp","href":"https:\/\/api.w.org\/{rel}","templated":true}]}}