{"id":11218,"date":"2023-12-11T11:43:41","date_gmt":"2023-12-11T14:43:41","guid":{"rendered":"https:\/\/news.digitaltv.com.ar\/?p=11218"},"modified":"2023-12-13T10:33:53","modified_gmt":"2023-12-13T13:33:53","slug":"kicillof-asume-su-segundo-mandato-al-frente-de-la-provincia-de-buenos-aires","status":"publish","type":"post","link":"https:\/\/news.digitaltv.com.ar\/?p=11218","title":{"rendered":"KICILLOF ASUME SU SEGUNDO MANDATO AL FRENTE DE LA PROVINCIA DE BUENOS AIRES"},"content":{"rendered":"\n<p>El acto ser\u00e1 en la C\u00e1mara de Diputados provincial, donde el gobernador brindar\u00e1 un discurso en el que repasar\u00e1 los hitos de sus primeros cuatro a\u00f1os de gesti\u00f3n y plantear\u00e1 las metas para el nuevo mandato.<\/p>\n\n\n\n<p>El gobernador bonaerense, Axel Kicillof, y la vicegobernadora Ver\u00f3nica Magario jurar\u00e1n este lunes nuevamente en sus cargos ante la Asamblea Legislativa reunida en la C\u00e1mara de Diputados provincial,<strong> con lo que dar\u00e1n inicio a su segunda mandato consecutivo de gobierno<\/strong>.<\/p>\n\n\n\n<p>El acto se desarrollar\u00e1 desde las 18 ante los diputados y senadores de la provincia, y adem\u00e1s participar\u00e1n los miembros del gabinete, intendentes, legisladores nacionales, autoridades de religiosas, sindicales y de universidades.<\/p>\n\n\n\n<blockquote class=\"wp-block-quote is-layout-flow wp-block-quote-is-layout-flow\"><p>Kicillof hablar\u00e1 ante la Asamblea Legislativa y despu\u00e9s a la militancia en la Plaza San Mart\u00edn de La Plata<\/p><\/blockquote>\n\n\n\n<p>All\u00ed, el mandatario bonaerense<strong> brindar\u00e1 un discurso en el que repasar\u00e1 los hitos de sus primeros cuatro a\u00f1os<\/strong> de gesti\u00f3n y plantear\u00e1 las metas para su nuevo mandato.<\/p>\n\n\n\n<p>Luego, saldr\u00e1 caminando y dar\u00e1 unas palabras a la militancia que se concentrar\u00e1 en la Plaza San Mart\u00edn, que encuentra ubicada entre la Legislatura y la Casa de Gobierno.<\/p>\n\n\n\n<p>Tras ese acto, el mi\u00e9rcoles a las 10 Kicillof les tomar\u00e1 juramento a los ministros de su Gabinete.<\/p>\n\n\n\n<p>Kicillof <strong>gan\u00f3 las elecciones generales por el 45% de los votos <\/strong>y se impuso sobre N\u00e9stor Grindetti (Juntos por el Cambio) que sum\u00f3 un 26.59%; Carolina Piparo (La Libertad Avanza), que lleg\u00f3 al 24,62% y Rub\u00e9n &#8220;Pollo&#8221; Sobrero (Frente de Izquierda) que cosech\u00f3 un 3,89%.<\/p>\n\n\n\n<p>El s\u00e1bado por la ma\u00f1ana, el economista anunci\u00f3 su nuevo gabinete, en el que contuvo a los diferentes espacios de Uni\u00f3n por la Patria (UxP) nutri\u00e9ndose de dirigentes con experiencia probada en la gesti\u00f3n y con amplio conocimiento del territorio bonaerense.<\/p>\n\n\n\n<h2 class=\"wp-block-heading\">El gabinete<\/h2>\n\n\n\n<p>As\u00ed, Gabriel Katopodis ser\u00e1 el nuevo ministro de Infraestructura y Servicios P\u00fablicos; la economista Silvina Batakis se har\u00e1 cargo del Ministerio de H\u00e1bitat; y en la cartera de Justicia desembarcar\u00e1 Juan Mart\u00edn Mena, mientras que Malena Galmarini ser\u00e1 propuesta para la presidencia del Grupo Banco Provincia (Grupo Bapro).<\/p>\n\n\n\n<p>Adem\u00e1s, el gobernador mantuvo en sus cargos a Andr\u00e9s Larroque (Desarrollo de la Comunidad); Pablo L\u00f3pez (Hacienda); Augusto Costa (Producci\u00f3n); Nicol\u00e1s Kreplak (Salud); Walter Correa (Trabajo); Alberto Sileoni (Educaci\u00f3n); Daniela Vilar (Ambiente), Javier Rodr\u00edguez (Desarrollo Agrario) y Agustina Vila (Secretar\u00eda General).<\/p>\n\n\n\n<blockquote class=\"wp-block-quote is-layout-flow wp-block-quote-is-layout-flow\"><p>El nuevo gabinete se nutre de dirigentes con experiencia en la gesti\u00f3n y un amplio conocimiento del territorio bonaerense<\/p><\/blockquote>\n\n\n\n<p>Tambi\u00e9n contin\u00faan Jesica Rey (Comunicaci\u00f3n P\u00fablica); Florencia Saintout (Instituto Cultural de la provincia de Buenos Aires); Jorge D&#8217;Onofrio (Transporte); Cristian Girard (ARBA), Juan Cuattromo (Banco Provincia); Santiago P\u00e9rez Teruel (Asesor\u00eda General de Gobierno) y Estela D\u00edaz (Mujeres).<\/p>\n\n\n\n<p>En tanto, Cristina \u00c1lvarez Rodr\u00edguez ser\u00e1 la nueva jefa de Asesores del Gobernador, mientras que Carlos Bianco asumir\u00e1 como ministro de Gobierno.<\/p>\n\n\n\n<p>Por \u00faltimo, en el Ministerio de Seguridad asumir\u00e1 Javier Alonso, en tanto que Sergio Berni fue designado en el Instituto Universitario Juan Vucetich.<\/p>\n","protected":false},"excerpt":{"rendered":"<p>El acto ser\u00e1 en la C\u00e1mara de Diputados provincial, donde el gobernador brindar\u00e1 un discurso en el que repasar\u00e1 los hitos de sus primeros cuatro a\u00f1os de gesti\u00f3n y plantear\u00e1 las metas para el nuevo mandato. El gobernador bonaerense, Axel Kicillof, y la vicegobernadora Ver\u00f3nica Magario jurar\u00e1n este lunes nuevamente en sus cargos ante la [&hellip;]<\/p>\n","protected":false},"author":1,"featured_media":11219,"comment_status":"open","ping_status":"open","sticky":false,"template":"","format":"standard","meta":{"_monsterinsights_skip_tracking":false,"_monsterinsights_sitenote_active":false,"_monsterinsights_sitenote_note":"","_monsterinsights_sitenote_category":0,"footnotes":""},"categories":[6],"tags":[160],"class_list":["post-11218","post","type-post","status-publish","format-standard","has-post-thumbnail","hentry","category-politica","tag-160"],"_links":{"self":[{"href":"https:\/\/news.digitaltv.com.ar\/index.php?rest_route=\/wp\/v2\/posts\/11218","targetHints":{"allow":["GET"]}}],"collection":[{"href":"https:\/\/news.digitaltv.com.ar\/index.php?rest_route=\/wp\/v2\/posts"}],"about":[{"href":"https:\/\/news.digitaltv.com.ar\/index.php?rest_route=\/wp\/v2\/types\/post"}],"author":[{"embeddable":true,"href":"https:\/\/news.digitaltv.com.ar\/index.php?rest_route=\/wp\/v2\/users\/1"}],"replies":[{"embeddable":true,"href":"https:\/\/news.digitaltv.com.ar\/index.php?rest_route=%2Fwp%2Fv2%2Fcomments&post=11218"}],"version-history":[{"count":1,"href":"https:\/\/news.digitaltv.com.ar\/index.php?rest_route=\/wp\/v2\/posts\/11218\/revisions"}],"predecessor-version":[{"id":11220,"href":"https:\/\/news.digitaltv.com.ar\/index.php?rest_route=\/wp\/v2\/posts\/11218\/revisions\/11220"}],"wp:featuredmedia":[{"embeddable":true,"href":"https:\/\/news.digitaltv.com.ar\/index.php?rest_route=\/wp\/v2\/media\/11219"}],"wp:attachment":[{"href":"https:\/\/news.digitaltv.com.ar\/index.php?rest_route=%2Fwp%2Fv2%2Fmedia&parent=11218"}],"wp:term":[{"taxonomy":"category","embeddable":true,"href":"https:\/\/news.digitaltv.com.ar\/index.php?rest_route=%2Fwp%2Fv2%2Fcategories&post=11218"},{"taxonomy":"post_tag","embeddable":true,"href":"https:\/\/news.digitaltv.com.ar\/index.php?rest_route=%2Fwp%2Fv2%2Ftags&post=11218"}],"curies":[{"name":"wp","href":"https:\/\/api.w.org\/{rel}","templated":true}]}}