{"id":11226,"date":"2023-12-12T10:44:42","date_gmt":"2023-12-12T13:44:42","guid":{"rendered":"https:\/\/news.digitaltv.com.ar\/?p=11226"},"modified":"2023-12-13T10:33:34","modified_gmt":"2023-12-13T13:33:34","slug":"adorni-anuncio-la-revision-de-contratos-y-la-suspension-de-la-pauta-en-los-medios-por-un-ano","status":"publish","type":"post","link":"https:\/\/news.digitaltv.com.ar\/?p=11226","title":{"rendered":"ADORNI ANUNCI\u00d3 LA REVISI\u00d3N DE CONTRATOS Y LA &#8220;SUSPENSI\u00d3N DE LA PAUTA EN LOS MEDIOS POR UN A\u00d1O&#8221;"},"content":{"rendered":"\n<p>El vocero presidencial sostuvo que la situaci\u00f3n es cr\u00edtica y que &#8220;el Estado tama\u00f1o elefante no puede seguir existiendo&#8221; y dijo que el Gobierno trabaja para evitar una hiperinflaci\u00f3n.<\/p>\n\n\n\n<p>El vocero presidencial, <strong>Manuel Adorni<\/strong>, afirm\u00f3 este martes que <strong>\u201ctodos los contratos que se firmaron en el Estado en el \u00faltimo a\u00f1o est\u00e1n en revisi\u00f3n\u201d<\/strong>, y anunci\u00f3 la <strong>\u201csuspensi\u00f3n de la pauta publicitaria en los medios por un a\u00f1o\u201d<\/strong>.<\/p>\n\n\n\n<p>As\u00ed lo expres\u00f3 al encabezar una conferencia de prensa en Casa Rosada, antes de la reuni\u00f3n de Gabinete encabezada por el presidente Javier Milei.<\/p>\n\n\n\n<p>Al referirse a la <strong>administraci\u00f3n p\u00fablica nacional<\/strong>, que \u201cel empleo militante es el que nace por cuestiones pol\u00edticas y de caja\u201d, y afirm\u00f3 que, <strong>\u201cquien no trabaja, dejar\u00e1 de pertenecer a la planta\u201d<\/strong> del Estado.<\/p>\n\n\n\n<p>Al referirse a la protesta social, Adorni plante\u00f3 que el precepto del Gobierno nacional es que <strong>&#8220;dentro de la ley todo, fuera de la ley nada&#8221;<\/strong>, y subray\u00f3 que eso &#8220;se va a cumplir a rajatabla y no va a haber excepciones&#8221;.<\/p>\n\n\n\n<h2 class=\"wp-block-heading\">&#8220;El Gobierno tiene la decisi\u00f3n de evitar la hiperinflaci\u00f3n&#8221;<\/h2>\n\n\n\n<p>El vocero presidencial sostuvo que <strong>la econom\u00eda se encamina a \u201cuna hiperinflaci\u00f3n m\u00e1s devastadora que la de 1989 y 1990\u201d<\/strong>, pero remarc\u00f3 que <strong>\u201cla decisi\u00f3n del Gobierno es evitarla\u201d<\/strong>.<\/p>\n\n\n\n<p>\u201cNos encaminamos hacia una hiperinflaci\u00f3n y la decisi\u00f3n es evitarla. La inflaci\u00f3n que vamos a evitar seguramente sea mucho m\u00e1s devastadora que la hiperinflaci\u00f3n de 1989 y 1990\u201d, asegur\u00f3 Adorni.&nbsp;En 1989 la Argentina registr\u00f3 una inflaci\u00f3n anual de 3.079,5% y en 1990 de 2.314%.<\/p>\n\n\n\n<p>Indic\u00f3 que \u201cla hiperinflaci\u00f3n, por definici\u00f3n, es el rechazo absoluto por la moneda y la espiralizaci\u00f3n en los precios\u201d, y asegur\u00f3 que la <strong>Argentina se encuentra \u201cen la peor crisis de la historia econ\u00f3mica\u201d<\/strong>.<\/p>\n\n\n\n<p>En ese sentido, afirm\u00f3 que \u201cla situaci\u00f3n es cr\u00edtica\u201d, y subray\u00f3 que el Gobierno recibe \u201cuna Argentina con 45% de pobreza y 200% de inflaci\u00f3n anualizada, con problemas de empleo, de salario y en el comercio exterior\u201d.<\/p>\n\n\n\n<p>Por eso, subray\u00f3 que, <strong>\u201cen las pr\u00f3ximas horas&#8221;, se tomar\u00e1n &#8220;las medidas que eviten la cat\u00e1strofe\u201d<\/strong>, y puntualiz\u00f3 que las precisiones sobre el paquete de definiciones econ\u00f3micas las anunciar\u00e1 por la tarde el ministro de Econom\u00eda, Luis Caputo, en un mensaje grabado que se emitir\u00e1 a las 17.<\/p>\n","protected":false},"excerpt":{"rendered":"<p>El vocero presidencial sostuvo que la situaci\u00f3n es cr\u00edtica y que &#8220;el Estado tama\u00f1o elefante no puede seguir existiendo&#8221; y dijo que el Gobierno trabaja para evitar una hiperinflaci\u00f3n. El vocero presidencial, Manuel Adorni, afirm\u00f3 este martes que \u201ctodos los contratos que se firmaron en el Estado en el \u00faltimo a\u00f1o est\u00e1n en revisi\u00f3n\u201d, y [&hellip;]<\/p>\n","protected":false},"author":1,"featured_media":11227,"comment_status":"open","ping_status":"open","sticky":false,"template":"","format":"standard","meta":{"_monsterinsights_skip_tracking":false,"_monsterinsights_sitenote_active":false,"_monsterinsights_sitenote_note":"","_monsterinsights_sitenote_category":0,"footnotes":""},"categories":[150],"tags":[160],"class_list":["post-11226","post","type-post","status-publish","format-standard","has-post-thumbnail","hentry","category-actualidad","tag-160"],"_links":{"self":[{"href":"https:\/\/news.digitaltv.com.ar\/index.php?rest_route=\/wp\/v2\/posts\/11226","targetHints":{"allow":["GET"]}}],"collection":[{"href":"https:\/\/news.digitaltv.com.ar\/index.php?rest_route=\/wp\/v2\/posts"}],"about":[{"href":"https:\/\/news.digitaltv.com.ar\/index.php?rest_route=\/wp\/v2\/types\/post"}],"author":[{"embeddable":true,"href":"https:\/\/news.digitaltv.com.ar\/index.php?rest_route=\/wp\/v2\/users\/1"}],"replies":[{"embeddable":true,"href":"https:\/\/news.digitaltv.com.ar\/index.php?rest_route=%2Fwp%2Fv2%2Fcomments&post=11226"}],"version-history":[{"count":1,"href":"https:\/\/news.digitaltv.com.ar\/index.php?rest_route=\/wp\/v2\/posts\/11226\/revisions"}],"predecessor-version":[{"id":11228,"href":"https:\/\/news.digitaltv.com.ar\/index.php?rest_route=\/wp\/v2\/posts\/11226\/revisions\/11228"}],"wp:featuredmedia":[{"embeddable":true,"href":"https:\/\/news.digitaltv.com.ar\/index.php?rest_route=\/wp\/v2\/media\/11227"}],"wp:attachment":[{"href":"https:\/\/news.digitaltv.com.ar\/index.php?rest_route=%2Fwp%2Fv2%2Fmedia&parent=11226"}],"wp:term":[{"taxonomy":"category","embeddable":true,"href":"https:\/\/news.digitaltv.com.ar\/index.php?rest_route=%2Fwp%2Fv2%2Fcategories&post=11226"},{"taxonomy":"post_tag","embeddable":true,"href":"https:\/\/news.digitaltv.com.ar\/index.php?rest_route=%2Fwp%2Fv2%2Ftags&post=11226"}],"curies":[{"name":"wp","href":"https:\/\/api.w.org\/{rel}","templated":true}]}}