{"id":11232,"date":"2023-12-12T11:11:39","date_gmt":"2023-12-12T14:11:39","guid":{"rendered":"https:\/\/news.digitaltv.com.ar\/?p=11232"},"modified":"2023-12-13T10:33:19","modified_gmt":"2023-12-13T13:33:19","slug":"marcada-suba-de-las-acciones-en-el-primer-dia-del-nuevo-gobierno","status":"publish","type":"post","link":"https:\/\/news.digitaltv.com.ar\/?p=11232","title":{"rendered":"MARCADA SUBA DE LAS ACCIONES EN EL PRIMER D\u00cdA DEL NUEVO GOBIERNO"},"content":{"rendered":"\n<p>En un virtual feriado cambiario a la espera del anuncio de las medidas econ\u00f3micas, en la Bolsa de Comercio porte\u00f1a subieron un 3,7% las acciones l\u00edderes.<\/p>\n\n\n\n<p>Las acciones l\u00edderes en la Bolsa de Comercio de Buenos Aires registraron este lunes una suba del 3,7% en el primer d\u00eda de la gesti\u00f3n del nuevo gobierno del presidente Javier Milei, en una jornada que se caracteriz\u00f3 por un virtual feriado cambiario a la espera del anuncio de medidas previsto para este martes, a cargo del ministro de Econom\u00eda, Luis Caputo.<\/p>\n\n\n\n<p>Previo a la apertura de los mercados locales,<strong> el Banco Central (BCRA) decidi\u00f3 aplicar la regla de conformidad previa a todas las operaciones de demanda que se cursan a trav\u00e9s del mercado de cambio.<\/strong><\/p>\n\n\n\n<p><strong>&#8220;La medida fue dispuesta en funci\u00f3n de dar tiempo a la gesti\u00f3n del Poder Ejecutivo de cumplir con los tr\u00e1mites administrativos para la conformaci\u00f3n de las nuevas autoridades y anunciar e implementar las pol\u00edticas que llevar\u00e1n adelante&#8221;<\/strong>, seg\u00fan se\u00f1al\u00f3 la autoridad monetaria.<\/p>\n\n\n\n<p>Tras esta decisi\u00f3n, <strong>la cotizaci\u00f3n del d\u00f3lar minorista subi\u00f3 a 500 pesos en algunos bancos privados<\/strong>, tras la decisi\u00f3n del BCRA.<\/p>\n\n\n\n<p>Si bien e<strong>n el Banco Naci\u00f3n la cotizaci\u00f3n del d\u00f3lar minorista se mantuvo en 400,5 pesos<\/strong> -similar al cierre del jueves pasado-, la suba registrada en las dem\u00e1s entidades determin\u00f3 que el denominado <strong>&#8220;d\u00f3lar turista&#8221; reflejara un incremento promedio de 157,8 pesos respecto de la rueda del jueves.<\/strong><\/p>\n\n\n\n<p>Los d\u00f3lares burs\u00e1tiles, por su parte, marcaron alzas de entre 7 y 9 pesos.<\/p>\n\n\n\n<p>En el mercado informal, el denominado<strong> d\u00f3lar &#8220;blue&#8221; se ubic\u00f3 en $1.000 para la venta y $980 para la compra<\/strong>, con un aumento de 10 pesos respecto del jueves.<\/p>\n\n\n\n<p>En el segmento burs\u00e1til,<strong> el d\u00f3lar Contado con Liquidaci\u00f3n (CCL) subi\u00f3 0,8%, en 999,96 pesos; mientras que el MEP avanz\u00f3 0,7%, en 993,53 pesos.<\/strong><\/p>\n\n\n\n<p>En la rueda burs\u00e1til, en la cual el \u00edndice l\u00edder <strong>S&amp;P Merval creci\u00f3 3,7% y se negociaron m\u00e1s de 941 millones de pesos, las acciones del sector financiero y del sector energ\u00e9tico se llevaron las preferencias de los inversores.<\/strong><\/p>\n","protected":false},"excerpt":{"rendered":"<p>En un virtual feriado cambiario a la espera del anuncio de las medidas econ\u00f3micas, en la Bolsa de Comercio porte\u00f1a subieron un 3,7% las acciones l\u00edderes. Las acciones l\u00edderes en la Bolsa de Comercio de Buenos Aires registraron este lunes una suba del 3,7% en el primer d\u00eda de la gesti\u00f3n del nuevo gobierno del [&hellip;]<\/p>\n","protected":false},"author":1,"featured_media":11233,"comment_status":"open","ping_status":"open","sticky":false,"template":"","format":"standard","meta":{"_monsterinsights_skip_tracking":false,"_monsterinsights_sitenote_active":false,"_monsterinsights_sitenote_note":"","_monsterinsights_sitenote_category":0,"footnotes":""},"categories":[150],"tags":[160],"class_list":["post-11232","post","type-post","status-publish","format-standard","has-post-thumbnail","hentry","category-actualidad","tag-160"],"_links":{"self":[{"href":"https:\/\/news.digitaltv.com.ar\/index.php?rest_route=\/wp\/v2\/posts\/11232","targetHints":{"allow":["GET"]}}],"collection":[{"href":"https:\/\/news.digitaltv.com.ar\/index.php?rest_route=\/wp\/v2\/posts"}],"about":[{"href":"https:\/\/news.digitaltv.com.ar\/index.php?rest_route=\/wp\/v2\/types\/post"}],"author":[{"embeddable":true,"href":"https:\/\/news.digitaltv.com.ar\/index.php?rest_route=\/wp\/v2\/users\/1"}],"replies":[{"embeddable":true,"href":"https:\/\/news.digitaltv.com.ar\/index.php?rest_route=%2Fwp%2Fv2%2Fcomments&post=11232"}],"version-history":[{"count":1,"href":"https:\/\/news.digitaltv.com.ar\/index.php?rest_route=\/wp\/v2\/posts\/11232\/revisions"}],"predecessor-version":[{"id":11234,"href":"https:\/\/news.digitaltv.com.ar\/index.php?rest_route=\/wp\/v2\/posts\/11232\/revisions\/11234"}],"wp:featuredmedia":[{"embeddable":true,"href":"https:\/\/news.digitaltv.com.ar\/index.php?rest_route=\/wp\/v2\/media\/11233"}],"wp:attachment":[{"href":"https:\/\/news.digitaltv.com.ar\/index.php?rest_route=%2Fwp%2Fv2%2Fmedia&parent=11232"}],"wp:term":[{"taxonomy":"category","embeddable":true,"href":"https:\/\/news.digitaltv.com.ar\/index.php?rest_route=%2Fwp%2Fv2%2Fcategories&post=11232"},{"taxonomy":"post_tag","embeddable":true,"href":"https:\/\/news.digitaltv.com.ar\/index.php?rest_route=%2Fwp%2Fv2%2Ftags&post=11232"}],"curies":[{"name":"wp","href":"https:\/\/api.w.org\/{rel}","templated":true}]}}