{"id":11246,"date":"2023-12-13T10:32:51","date_gmt":"2023-12-13T13:32:51","guid":{"rendered":"https:\/\/news.digitaltv.com.ar\/?p=11246"},"modified":"2023-12-15T11:07:51","modified_gmt":"2023-12-15T14:07:51","slug":"dolar-oficial-a-800-fin-de-la-obra-publica-menos-subsidio-y-mas-fondo-para-ayuda-social","status":"publish","type":"post","link":"https:\/\/news.digitaltv.com.ar\/?p=11246","title":{"rendered":"D\u00d3LAR OFICIAL A $800, FIN DE LA OBRA PUBLICA, MENOS SUBSIDIO Y MAS FONDO PARA AYUDA SOCIAL"},"content":{"rendered":"\n<p>El ministro de Econom\u00eda, Luis Caputo, comunic\u00f3 una serie de medidas econ\u00f3micas. &#8220;Nuestra misi\u00f3n es evitar esta cat\u00e1strofe y para ello hay que reconocer la g\u00e9nesis del problema, que ha sido siempre el d\u00e9ficit fiscal&#8221;, subray\u00f3.<\/p>\n\n\n\n<p>El ministro de Econom\u00eda, Luis Caputo, anunci\u00f3 este martes las primeras diez medidas que conforman el denominado<strong> paquete de urgencia econ\u00f3mica<\/strong>, entre las que destacan <strong>el aumento del tipo de cambio a 800 pesos por d\u00f3lar, el fin del gasto en obra p\u00fablica, la reducci\u00f3n de subsidios a la energ\u00eda y el transporte y un incremento en la ayuda social v\u00eda Asignaci\u00f3n Universal por Hijo y la Tarjeta Alimentar.<\/strong><\/p>\n\n\n\n<p>En un mensaje grabado de 17 minutos de duraci\u00f3n, que fue difundido la tarde del martes, Caputo anunci\u00f3 las primeras diez medidas que conforman el denominado paquete de urgencia econ\u00f3mica.<\/p>\n\n\n\n<p>El ministro afirm\u00f3 que la g\u00e9nesis del problema de la Argentina &#8220;siempre ha sido el d\u00e9ficit fiscal&#8221;, por lo que asegur\u00f3 que su misi\u00f3n ser\u00e1 &#8220;evitar una cat\u00e1strofe&#8221; y estar\u00e1 centrada en &#8220;solucionar el problema de adicci\u00f3n al d\u00e9ficit fiscal&#8221;.<\/p>\n\n\n\n<p><strong>&#8220;El Gobierno viene a arreglar este problema de ra\u00edz para no tener que padecer m\u00e1s inflaci\u00f3n y pobreza&#8221;<\/strong>, dijo el ministro al presentar las diez medidas que conforman el paquete de urgencia econ\u00f3mica.<\/p>\n\n\n\n<p>Unos minutos despu\u00e9s de que finalizar\u00e1 el mensaje de Caputo, el<strong> Fondo Monetario Internacional (FMI) <\/strong>a trav\u00e9s de un comunicado oficial y de un mensaje de la directora Gerente, <strong>Kristalina Georgieva,<\/strong> salieron a explicitar su apoyo a las medidas.<\/p>\n\n\n\n<p>&#8220;Estas audaces acciones iniciales apuntan a mejorar significativamente las finanzas p\u00fablicas de una manera que proteja a los m\u00e1s vulnerables de la sociedad y fortalezca el r\u00e9gimen cambiario. Su implementaci\u00f3n decisiva ayudar\u00e1 a estabilizar la econom\u00eda y sentar\u00e1 las bases para un crecimiento m\u00e1s sostenible y liderado por el sector privado&#8221;, dijo la portavoz del organismo multilateral, Julie Kozack, en un comunicado.<\/p>\n\n\n\n<p><strong>Georgieva<\/strong>, por su parte, a trav\u00e9s de su cuenta en la red social X, se\u00f1al\u00f3 que recib\u00eda &#8220;<strong>con benepl\u00e1cito las medidas decisivas anunciadas hoy por el Presidente @JMilei<\/strong> y su equipo econ\u00f3mico para abordar los importantes desaf\u00edos econ\u00f3micos de Argentina: un paso importante hacia el restablecimiento de la estabilidad y la reconstrucci\u00f3n del potencial econ\u00f3mico del pa\u00eds&#8221;.<\/p>\n\n\n\n<p>Kozack puntualiz\u00f3 adem\u00e1s, que &#8220;el personal del FMI y las nuevas autoridades argentinas trabajar\u00e1n r\u00e1pidamente en el pr\u00f3ximo per\u00edodo (&#8230;) para volver a encarrilar el programa existente respaldado&#8221; por el organismo.<\/p>\n\n\n\n<p>Entre los puntos m\u00e1s destacados, Caputo anunci\u00f3 que <strong>el tipo de cambio oficial pasar\u00e1 a ser de 800 pesos por d\u00f3lar,<\/strong> en un salto cambiario que implica en los hechos <strong>una correcci\u00f3n nominal de casi el 119%<\/strong> en relaci\u00f3n con la cotizaci\u00f3n que ten\u00eda hasta la jornada de hoy, de $366.<\/p>\n\n\n\n<p>\u201cVamos a sincerar el tipo de cambio oficial, que pasar\u00e1 a valer $800 para que los sectores productivos tengan los incentivos adecuados para incrementar su producci\u00f3n\u201d, sostuvo el flamante jefe del Palacio de Hacienda.<\/p>\n\n\n\n<p>La modificaci\u00f3n cambiaria, adem\u00e1s, estar\u00e1 acompa\u00f1ada por un <strong>incremento provisorio del Impuesto Pa\u00eds<\/strong> a las importaciones y a las retenciones de las exportaciones no agropecuarias, cuyas al\u00edcuotas no fueron precisadas.<\/p>\n\n\n\n<p>\u201cDe esta manera, beneficiamos a los exportadores con un mejor precio y equiparamos la carga fiscal para todos los sectores, dejando de discriminar al sector agropecuario\u201d, sostuvo Caputo.<\/p>\n\n\n\n<p>En el mensaje, el titular de Hacienda advirti\u00f3 que durante &#8220;los pr\u00f3ximos meses estamos teniendo <strong>una inflaci\u00f3n reprimida<\/strong>&#8220;, algo que se ve reflejado en &#8220;las g\u00f3ndolas de los supermercados&#8221;.<\/p>\n\n\n\n<h2 class=\"wp-block-heading\">Meses dif\u00edciles<\/h2>\n\n\n\n<p>&#8220;<strong>Vamos a estar un par de meses peor de lo que estuvimos antes<\/strong>&#8220;, reconoci\u00f3 Caputo, quien adelant\u00f3 que para paliar en parte esta situaci\u00f3n &#8220;vamos a duplicar el monto de la Asignaci\u00f3n Universal por Hijo ( AUH ) y aumentar el 50% el monto de la Tarjeta Alimentar&#8221;, de manera de asistir a los sectores m\u00e1s desprotegidos.<\/p>\n\n\n\n<p>&#8220;Este es el camino correcto, porque si seguimos por el otro camino seguiremos con m\u00e1s pobreza, e inflaci\u00f3n&#8221;, dijo Caputo.<\/p>\n\n\n\n<p>El ministro tambi\u00e9n anunci\u00f3 que &#8220;<strong>no se renovar\u00e1n los contratos laborales del Estado con menos de 1 a\u00f1o de vigencia<\/strong>&#8221; al tiempo que &#8220;se suspender\u00e1 la pauta (publicitaria) oficial por un a\u00f1o&#8221; la que demand\u00f3 $$ 33.000 millones solo en este a\u00f1o que termina.<\/p>\n\n\n\n<p>Otra de las medidas anunciadas fue la<strong> reducci\u00f3n en la cantidad de ministerios<\/strong> que pasar\u00e1n de 18 a 9 y en las secretar\u00edas, de 106 a 54.<\/p>\n\n\n\n<p>&#8220;Esto va a redundar en una reducci\u00f3n de m\u00e1s del 50% de los cargos jer\u00e1rquicos de la funci\u00f3n p\u00fablica y del 34% de los cargos pol\u00edticos totales del Estado nacional&#8221;, explic\u00f3 el ministro.<\/p>\n\n\n\n<p>Junto a esta medida el Estado nacional reducir\u00e1 &#8220;al m\u00ednimo las transferencias discrecionales a las provincias. Recursos que lamentablemente en nuestra historia m\u00e1s reciente se han usado como moneda de cambio para intercambiar favores pol\u00edticos, para hacer pol\u00edtica&#8221;, agreg\u00f3 Caputo.<\/p>\n\n\n\n<p>El ministro tambi\u00e9n confirm\u00f3 que el Estado nacional &#8220;n<strong>o va a licitar m\u00e1s obra p\u00fablica nueva y va a cancelar las licitaciones aprobadas cuyo desarrollo a\u00fan no haya comenzado<\/strong>&#8220;.<\/p>\n\n\n\n<p>&#8220;No hay plata para pagar m\u00e1s obra p\u00fablica que, como todos sabemos, muchas veces terminan en los bolsillos de los pol\u00edticos y los empresarios&#8221;, subray\u00f3 Caputo.<\/p>\n\n\n\n<p>&#8220;Las obras de infraestructura en Argentina ser\u00e1n realizadas por el sector privado, ya que el Estado, no tiene plata ni financiamiento para llevarlas a cabo&#8221;, complet\u00f3 el ministro.<\/p>\n\n\n\n<p>Caputo tambi\u00e9n anticip\u00f3 que &#8220;vamos a reducir subsidios a la energ\u00eda y al transporte. Hoy el Estado sostiene artificialmente precios baj\u00edsimos en tarifas energ\u00e9ticas y transporte a trav\u00e9s de subsidios&#8221;.<\/p>\n\n\n\n<p>&#8220;Lo que te regalan en el precio del boleto, te lo cobran con los aumentos en el supermercado. Y con la inflaci\u00f3n esta, son los pobres finalmente los que terminan financiando a los ricos&#8221;, dijo Caputo.<\/p>\n\n\n\n<p>Tambi\u00e9n apunt\u00f3 que los subsidios al transporte en el AMBA &#8220;son un acto de profunda discriminaci\u00f3n con las provincias del interior&#8221;.<\/p>\n\n\n\n<p>Anunci\u00f3 que <strong>se van a mantener los planes Potenciar Trabajo<\/strong> de acuerdo a lo establecido en el presupuesto del a\u00f1o 2023 &#8220;y vamos, sobre todo, a fortalecer las pol\u00edticas sociales que son recibidas directamente por quienes las necesitan, esto es, sin intermediarios, como la Asignaci\u00f3n Universal por Hijo y la Tarjeta Alimentar&#8221;.<\/p>\n\n\n\n<p>Caputo reflexion\u00f3 que &#8220;si uno le preguntara a la mayor\u00eda de los argentinos cu\u00e1l dir\u00eda que es el mayor problema, la deuda, la inflaci\u00f3n, el d\u00f3lar o el d\u00e9ficit fiscal. Siempre la mayor\u00eda de las respuestas, dir\u00eda m\u00e1s del 95% de las respuestas, se los llevaba la deuda, la inflaci\u00f3n y el d\u00f3lar. Pr\u00e1cticamente ninguna respuesta correspond\u00eda al d\u00e9ficit fiscal&#8221;.<\/p>\n\n\n\n<p>&#8220;Sin embargo, <strong>la g\u00e9nesis de nuestro problema ha sido siempre fiscal.<\/strong> Lo que se manifiesta como los problemas son en realidad las consecuencia&#8221;, finaliz\u00f3 el ministro.<\/p>\n","protected":false},"excerpt":{"rendered":"<p>El ministro de Econom\u00eda, Luis Caputo, comunic\u00f3 una serie de medidas econ\u00f3micas. &#8220;Nuestra misi\u00f3n es evitar esta cat\u00e1strofe y para ello hay que reconocer la g\u00e9nesis del problema, que ha sido siempre el d\u00e9ficit fiscal&#8221;, subray\u00f3. El ministro de Econom\u00eda, Luis Caputo, anunci\u00f3 este martes las primeras diez medidas que conforman el denominado paquete de [&hellip;]<\/p>\n","protected":false},"author":1,"featured_media":11247,"comment_status":"open","ping_status":"open","sticky":false,"template":"","format":"standard","meta":{"_monsterinsights_skip_tracking":false,"_monsterinsights_sitenote_active":false,"_monsterinsights_sitenote_note":"","_monsterinsights_sitenote_category":0,"footnotes":""},"categories":[150],"tags":[160],"class_list":["post-11246","post","type-post","status-publish","format-standard","has-post-thumbnail","hentry","category-actualidad","tag-160"],"_links":{"self":[{"href":"https:\/\/news.digitaltv.com.ar\/index.php?rest_route=\/wp\/v2\/posts\/11246","targetHints":{"allow":["GET"]}}],"collection":[{"href":"https:\/\/news.digitaltv.com.ar\/index.php?rest_route=\/wp\/v2\/posts"}],"about":[{"href":"https:\/\/news.digitaltv.com.ar\/index.php?rest_route=\/wp\/v2\/types\/post"}],"author":[{"embeddable":true,"href":"https:\/\/news.digitaltv.com.ar\/index.php?rest_route=\/wp\/v2\/users\/1"}],"replies":[{"embeddable":true,"href":"https:\/\/news.digitaltv.com.ar\/index.php?rest_route=%2Fwp%2Fv2%2Fcomments&post=11246"}],"version-history":[{"count":1,"href":"https:\/\/news.digitaltv.com.ar\/index.php?rest_route=\/wp\/v2\/posts\/11246\/revisions"}],"predecessor-version":[{"id":11248,"href":"https:\/\/news.digitaltv.com.ar\/index.php?rest_route=\/wp\/v2\/posts\/11246\/revisions\/11248"}],"wp:featuredmedia":[{"embeddable":true,"href":"https:\/\/news.digitaltv.com.ar\/index.php?rest_route=\/wp\/v2\/media\/11247"}],"wp:attachment":[{"href":"https:\/\/news.digitaltv.com.ar\/index.php?rest_route=%2Fwp%2Fv2%2Fmedia&parent=11246"}],"wp:term":[{"taxonomy":"category","embeddable":true,"href":"https:\/\/news.digitaltv.com.ar\/index.php?rest_route=%2Fwp%2Fv2%2Fcategories&post=11246"},{"taxonomy":"post_tag","embeddable":true,"href":"https:\/\/news.digitaltv.com.ar\/index.php?rest_route=%2Fwp%2Fv2%2Ftags&post=11246"}],"curies":[{"name":"wp","href":"https:\/\/api.w.org\/{rel}","templated":true}]}}