{"id":11260,"date":"2023-12-15T08:55:56","date_gmt":"2023-12-15T11:55:56","guid":{"rendered":"https:\/\/news.digitaltv.com.ar\/?p=11260"},"modified":"2023-12-18T08:46:51","modified_gmt":"2023-12-18T11:46:51","slug":"bullrich-presento-un-protocolo-anti-piquetes-que-incluye-a-todas-las-fuerzas-federales","status":"publish","type":"post","link":"https:\/\/news.digitaltv.com.ar\/?p=11260","title":{"rendered":"BULLRICH PRESENT\u00d3 UN PROTOCOLO ANTI PIQUETES QUE INCLUYE A TODAS LAS FUERZAS FEDERALES"},"content":{"rendered":"\n<p>La ministra de Seguridad explic\u00f3 que el objetivo es garantizar la libre circulaci\u00f3n en rutas y calles. La funcionaria indic\u00f3 que &#8220;si hay un delito flagrante&#8221; las fuerzas federales podr\u00e1n intervenir.<\/p>\n\n\n\n<p>La ministra de Seguridad, Patricia Bullrich, present\u00f3 este jueves &#8220;<strong>un protocolo para el mantenimiento del orden p\u00fablico<\/strong>&#8221; con el fin de asegurar la libre circulaci\u00f3n ante la organizaci\u00f3n de piquetes o bloqueos, lo cual deriv\u00f3 en el repudio de agrupaciones sociales y dirigentes pol\u00edticos que consideraron a la medida como &#8220;inconstitucional&#8221; y una &#8220;amenaza&#8221; ante una posible conflictividad social tras las medidas del Gobierno.<\/p>\n\n\n\n<p>Bullrich anunci\u00f3 que<strong> &#8220;las cuatro fuerzas federales&#8221; podr\u00e1n intervenir &#8220;si hay un delito flagrante&#8221; durante las manifestaciones en la v\u00eda p\u00fablica<\/strong> y que el nuevo protocolo incluir\u00e1 la identificaci\u00f3n de quienes corten arterias, la aplicaci\u00f3n de las leyes que contemplan hasta penas de prisi\u00f3n y el cobro de los gastos que demande la intervenci\u00f3n de las fuerzas de seguridad a las organizaciones que violen la normativa.<\/p>\n\n\n\n<p>&#8220;<strong>Las cuatro fuerzas federales y el Servicio Penitenciario Federal van a intervenir frente a cortes, piquetes o bloqueos, sean parciales o totales. La ley no se cumple a medias, se cumple o no se cumple<\/strong>&#8220;, dijo Bullrich durante una presentaci\u00f3n ante la prensa en la sede de la cartera de Seguridad, en Gelly y Obes 2289, en el barrio porte\u00f1o de Recoleta.<\/p>\n\n\n\n<blockquote class=\"wp-block-quote is-layout-flow wp-block-quote-is-layout-flow\"><p>Bullrich remarc\u00f3 que el Gobierno tiene &#8220;una decisi\u00f3n tomada&#8221; de que &#8220;la forma de pedir o buscar un beneficio social&#8221; ya no es &#8220;por la v\u00eda del corte&#8221;<\/p><\/blockquote>\n\n\n\n<p>La funcionaria indic\u00f3 que &#8220;si hay un delito flagrante&#8221; las fuerzas federales podr\u00e1n intervenir &#8220;de manera inmediata&#8221; de acuerdo con &#8220;los c\u00f3digos procesales vigentes&#8221; y que utilizar\u00e1n &#8220;la m\u00ednima fuerza necesaria y suficiente&#8221;, la cual ser\u00e1 &#8220;graduada en proporci\u00f3n a la resistencia&#8221; que se oponga.<\/p>\n\n\n\n<p>&#8220;<strong>Ser\u00e1n determinados los delitos hasta una nueva ley que se va a presentar a corto plazo de acuerdo al art\u00edculo 194 del C\u00f3digo Penal&#8221;,<\/strong> agreg\u00f3.<\/p>\n\n\n\n<p>Ese art\u00edculo establece que &#8220;el que, sin crear una situaci\u00f3n de peligro com\u00fan, impidiere, estorbare o entorpeciere el normal funcionamiento de los transportes por tierra, agua o aire o los servicios p\u00fablicos de comunicaci\u00f3n, de provisi\u00f3n de agua, de electricidad o de sustancias energ\u00e9ticas, ser\u00e1 reprimido con prisi\u00f3n de tres meses a dos a\u00f1os&#8221;.<\/p>\n\n\n\n<p>Bullrich remarc\u00f3 que el Gobierno tiene &#8220;una decisi\u00f3n tomada&#8221; de que &#8220;la forma de pedir o buscar un beneficio social&#8221; ya no es &#8220;por la v\u00eda del corte&#8221;.<\/p>\n\n\n\n<p>&#8220;Sepan que si se toma la calle va a haber consecuencias. Vamos a ordenar el pa\u00eds para que la gente pueda vivir en paz&#8221;, se\u00f1al\u00f3.<\/p>\n\n\n\n<p>Al conocerse el anuncio, distintos dirigentes y organizaciones pol\u00edticas repudiaron el protocolo al calificarlo de &#8220;inconstitucional&#8221;, una &#8220;amenaza&#8221; a gremios y movimientos sociales y advirtieron que &#8220;cuando hay semejante nivel de agresi\u00f3n&#8221; contra los sectores populares &#8220;inevitablemente se producen protestas sociales&#8221;.<\/p>\n\n\n\n<p>En una conferencia de prensa convocada para responder los planteos de Bullrich, los referentes del Partido Obrero, Vanina Biasi y Gabriel Solano, junto al dirigente del Polo Obrero, Eduardo Belliboni, reivindicaron el &#8220;derecho a la manifestaci\u00f3n&#8221; y reclamaron que la ministra de Seguridad &#8220;no tiene facultad legal&#8221; para impedirlo.<\/p>\n\n\n\n<p><strong>&#8220;Nosotros consideramos realmente una provocaci\u00f3n los anuncios que ha hecho la ministra Patricia Bullrich&#8221;,<\/strong> reproch\u00f3 Solano en el local porte\u00f1o del Polo Obrero, ubicado en Mitre 2162, donde fue convocada la prensa.<\/p>\n\n\n\n<p>Por su parte, la diputada del Frente de Izquierda y de los Trabajadores (FIT), Myriam Bregman, critic\u00f3 la medida al afirmar que &#8220;lo que les molesta es que protesten contra las medidas de su gobierno&#8221;.<\/p>\n\n\n\n<p><strong>&#8220;En Juntos por el Cambio algunos llegaron a senadores por cortar rutas. Otros, de La Libertad Avanza, marchaban felices contra la cuarentena<\/strong>&#8220;, indic\u00f3 Bregman en su cuenta de Twitter.<\/p>\n","protected":false},"excerpt":{"rendered":"<p>La ministra de Seguridad explic\u00f3 que el objetivo es garantizar la libre circulaci\u00f3n en rutas y calles. La funcionaria indic\u00f3 que &#8220;si hay un delito flagrante&#8221; las fuerzas federales podr\u00e1n intervenir. La ministra de Seguridad, Patricia Bullrich, present\u00f3 este jueves &#8220;un protocolo para el mantenimiento del orden p\u00fablico&#8221; con el fin de asegurar la libre [&hellip;]<\/p>\n","protected":false},"author":1,"featured_media":11261,"comment_status":"open","ping_status":"open","sticky":false,"template":"","format":"standard","meta":{"_monsterinsights_skip_tracking":false,"_monsterinsights_sitenote_active":false,"_monsterinsights_sitenote_note":"","_monsterinsights_sitenote_category":0,"footnotes":""},"categories":[150],"tags":[160],"class_list":["post-11260","post","type-post","status-publish","format-standard","has-post-thumbnail","hentry","category-actualidad","tag-160"],"_links":{"self":[{"href":"https:\/\/news.digitaltv.com.ar\/index.php?rest_route=\/wp\/v2\/posts\/11260","targetHints":{"allow":["GET"]}}],"collection":[{"href":"https:\/\/news.digitaltv.com.ar\/index.php?rest_route=\/wp\/v2\/posts"}],"about":[{"href":"https:\/\/news.digitaltv.com.ar\/index.php?rest_route=\/wp\/v2\/types\/post"}],"author":[{"embeddable":true,"href":"https:\/\/news.digitaltv.com.ar\/index.php?rest_route=\/wp\/v2\/users\/1"}],"replies":[{"embeddable":true,"href":"https:\/\/news.digitaltv.com.ar\/index.php?rest_route=%2Fwp%2Fv2%2Fcomments&post=11260"}],"version-history":[{"count":1,"href":"https:\/\/news.digitaltv.com.ar\/index.php?rest_route=\/wp\/v2\/posts\/11260\/revisions"}],"predecessor-version":[{"id":11262,"href":"https:\/\/news.digitaltv.com.ar\/index.php?rest_route=\/wp\/v2\/posts\/11260\/revisions\/11262"}],"wp:featuredmedia":[{"embeddable":true,"href":"https:\/\/news.digitaltv.com.ar\/index.php?rest_route=\/wp\/v2\/media\/11261"}],"wp:attachment":[{"href":"https:\/\/news.digitaltv.com.ar\/index.php?rest_route=%2Fwp%2Fv2%2Fmedia&parent=11260"}],"wp:term":[{"taxonomy":"category","embeddable":true,"href":"https:\/\/news.digitaltv.com.ar\/index.php?rest_route=%2Fwp%2Fv2%2Fcategories&post=11260"},{"taxonomy":"post_tag","embeddable":true,"href":"https:\/\/news.digitaltv.com.ar\/index.php?rest_route=%2Fwp%2Fv2%2Ftags&post=11260"}],"curies":[{"name":"wp","href":"https:\/\/api.w.org\/{rel}","templated":true}]}}