{"id":11263,"date":"2023-12-15T10:55:42","date_gmt":"2023-12-15T13:55:42","guid":{"rendered":"https:\/\/news.digitaltv.com.ar\/?p=11263"},"modified":"2023-12-18T08:49:13","modified_gmt":"2023-12-18T11:49:13","slug":"el-ministro-luis-caputo-advirtio-que-la-inflacion-crece-un-1-diario","status":"publish","type":"post","link":"https:\/\/news.digitaltv.com.ar\/?p=11263","title":{"rendered":"EL MINISTRO LUIS CAPUTO ADVIRTI\u00d3 QUE &#8220;LA INFLACI\u00d3N CRECE UN 1% DIARIO&#8221;"},"content":{"rendered":"\n<p>El ministro <strong>Luis Caputo dijo que la prioridad del gobierno de Javier Milei es \u201cresolver la cat\u00e1strofe heredada\u201d para \u201cestabilizar\u201d la econom\u00eda<\/strong>, pero aclar\u00f3 que el objetivo \u201csigue siendo llegar una dolarizaci\u00f3n\u201d.<\/p>\n\n\n\n<p>En declaraciones televisivas, el titular de la cartera de Haciendo advirti\u00f3 que \u201cla inflaci\u00f3n est\u00e1 subiendo un 1% diario\u201d y <strong>responsabiliz\u00f3 de ello a \u201cla peor herencia de la historia\u201d que recibi\u00f3 el gobierno reci\u00e9n asumido<\/strong>.<\/p>\n\n\n\n<p>Caputo adelant\u00f3 que el Gobierno est\u00e1 trabajando en un <strong>decreto \u00f3mnibus de desregulaci\u00f3n que incluir\u00e1 reformas estructurales, teniendo como \u201cprioridad\u201d la estabilizaci\u00f3n de la econom\u00eda<\/strong>, pero con un objetivo que \u201csigue siendo llegar una dolarizaci\u00f3n\u201d.<\/p>\n\n\n\n<p>\u201cEstamos apuntando a resolver la cat\u00e1strofe heredada. <strong>El objetivo sigue siendo el mismo, que es llegar a una dolarizaci\u00f3n<\/strong>. El presidente no miente, me gustar\u00eda que quede claro, porque hay que tener un contrato de verdad con la gente\u201d, detall\u00f3 el funcionario.<\/p>\n\n\n\n<p>Al tiempo que advirti\u00f3 que <strong>\u201ca inflaci\u00f3n da una 3.700%, una raz\u00f3n de 1% diario. Si se analizan, los n\u00fameros no son exagerados\u201d<\/strong>, asegur\u00f3, se\u00f1alando que \u201cestamos en una cat\u00e1strofe\u201d; no obstante, dijo que <strong>\u201cestamos en ese proceso, pero estamos muy confiados\u201d<\/strong>.<\/p>\n\n\n\n<p><\/p>\n\n\n\n<p><\/p>\n\n\n\n<p><\/p>\n","protected":false},"excerpt":{"rendered":"<p>El ministro Luis Caputo dijo que la prioridad del gobierno de Javier Milei es \u201cresolver la cat\u00e1strofe heredada\u201d para \u201cestabilizar\u201d la econom\u00eda, pero aclar\u00f3 que el objetivo \u201csigue siendo llegar una dolarizaci\u00f3n\u201d. En declaraciones televisivas, el titular de la cartera de Haciendo advirti\u00f3 que \u201cla inflaci\u00f3n est\u00e1 subiendo un 1% diario\u201d y responsabiliz\u00f3 de ello [&hellip;]<\/p>\n","protected":false},"author":1,"featured_media":11247,"comment_status":"open","ping_status":"open","sticky":false,"template":"","format":"standard","meta":{"_monsterinsights_skip_tracking":false,"_monsterinsights_sitenote_active":false,"_monsterinsights_sitenote_note":"","_monsterinsights_sitenote_category":0,"footnotes":""},"categories":[150],"tags":[160],"class_list":["post-11263","post","type-post","status-publish","format-standard","has-post-thumbnail","hentry","category-actualidad","tag-160"],"_links":{"self":[{"href":"https:\/\/news.digitaltv.com.ar\/index.php?rest_route=\/wp\/v2\/posts\/11263","targetHints":{"allow":["GET"]}}],"collection":[{"href":"https:\/\/news.digitaltv.com.ar\/index.php?rest_route=\/wp\/v2\/posts"}],"about":[{"href":"https:\/\/news.digitaltv.com.ar\/index.php?rest_route=\/wp\/v2\/types\/post"}],"author":[{"embeddable":true,"href":"https:\/\/news.digitaltv.com.ar\/index.php?rest_route=\/wp\/v2\/users\/1"}],"replies":[{"embeddable":true,"href":"https:\/\/news.digitaltv.com.ar\/index.php?rest_route=%2Fwp%2Fv2%2Fcomments&post=11263"}],"version-history":[{"count":1,"href":"https:\/\/news.digitaltv.com.ar\/index.php?rest_route=\/wp\/v2\/posts\/11263\/revisions"}],"predecessor-version":[{"id":11264,"href":"https:\/\/news.digitaltv.com.ar\/index.php?rest_route=\/wp\/v2\/posts\/11263\/revisions\/11264"}],"wp:featuredmedia":[{"embeddable":true,"href":"https:\/\/news.digitaltv.com.ar\/index.php?rest_route=\/wp\/v2\/media\/11247"}],"wp:attachment":[{"href":"https:\/\/news.digitaltv.com.ar\/index.php?rest_route=%2Fwp%2Fv2%2Fmedia&parent=11263"}],"wp:term":[{"taxonomy":"category","embeddable":true,"href":"https:\/\/news.digitaltv.com.ar\/index.php?rest_route=%2Fwp%2Fv2%2Fcategories&post=11263"},{"taxonomy":"post_tag","embeddable":true,"href":"https:\/\/news.digitaltv.com.ar\/index.php?rest_route=%2Fwp%2Fv2%2Ftags&post=11263"}],"curies":[{"name":"wp","href":"https:\/\/api.w.org\/{rel}","templated":true}]}}