{"id":11275,"date":"2023-12-18T08:45:12","date_gmt":"2023-12-18T11:45:12","guid":{"rendered":"https:\/\/news.digitaltv.com.ar\/?p=11275"},"modified":"2023-12-20T11:17:08","modified_gmt":"2023-12-20T14:17:08","slug":"barrio-mastrangelo-ya-tiene-un-espacio-para-los-mas-pequenos","status":"publish","type":"post","link":"https:\/\/news.digitaltv.com.ar\/?p=11275","title":{"rendered":"BARRIO MASTR\u00c1NGELO YA TIENE UN ESPACIO PARA LOS MAS PEQUE\u00d1OS"},"content":{"rendered":"\n<p>Esta ma\u00f1ana el intendente Javier Mart\u00ednez inaugur\u00f3 una Sala Integrada de Educaci\u00f3n no formal para ni\u00f1os de 3 a 5 a\u00f1os que funcionar\u00e1 en el Centro Integral Mastr\u00e1ngelo.<\/p>\n\n\n\n<p>El mandatario visit\u00f3 el nuevo espacio acompa\u00f1ado por los secretarios de Desarrollo Social, Paolo Bonanno y de Desarrollo Urbano, Esteban Giuliani; adem\u00e1s de la subsecretaria de Educaci\u00f3n, Marcela Demilta, autoridades, concejales y vecinos.<\/p>\n\n\n\n<p>Javier Mart\u00ednez dialog\u00f3 con los ni\u00f1os que concurren al CIM, comparti\u00f3 juegos y aprovech\u00f3 la oportunidad para destacar la labor de la directora del CIM, Alejandra Disante, de docentes y del personal que \u201cd\u00eda a d\u00eda dedican sus esfuerzos a los chicos , y lo hacen con compromiso y mucho cari\u00f1o\u201d.<\/p>\n\n\n\n<blockquote class=\"wp-block-quote is-layout-flow wp-block-quote-is-layout-flow\"><p>Actualmente el CIM Mastr\u00e1ngelo acompa\u00f1a y asiste a ni\u00f1os de 3 a 12 a\u00f1os con una matr\u00edcula cercana a los 70 alumnos. \u201cEstamos felices de crecer a\u00f1o tras a\u00f1o, hoy tenemos 27 ni\u00f1os de 3 a 5 a\u00f1os, 29 en la edad de 6 a 8 y 29 entre los m\u00e1s grandes\u201d, detall\u00f3 Disante y explic\u00f3 que se trabaja en torno a tres ejes integrados: nutricional, pedag\u00f3gico y social.<\/p><\/blockquote>\n\n\n\n<p>Al respecto la directora explic\u00f3 que \u201cdesde el eje nutricional brindamos desayuno y almuerzo y trabajamos sobre alimentaci\u00f3n saludable. Desde lo pedag\u00f3gico tenemos un fuerte compromiso de acompa\u00f1arlos con su trayectoria escolar, por lo que estamos en contacto con las instituciones educativas a las que los chicos asisten, para esta funci\u00f3n contamos con maestras que trabajan con los chicos en su fortalecimiento. Y luego el eje social tiene que ver con el goce de sus derechos para que no sean vulnerados, entonces articulamos con las distintas \u00e1reas, nos interesa el abordaje integral del ni\u00f1o\u201d.<\/p>\n\n\n\n<p>En la flamante sala los peque\u00f1os ya est\u00e1n en etapa de adaptaci\u00f3n y a partir de la pr\u00f3xima semana comenzar\u00e1n con actividades propias para su desarrollo psicomotor y de sus capacidades manuales, como as\u00ed tambi\u00e9n de sus habilidades de socializaci\u00f3n.<\/p>\n\n\n\n<p>Durante el verano el CIM Mastr\u00e1ngelo continuar\u00e1 brindando servicios (al igual que los centros de Desarrollo Comunitario), focalizando en actividades l\u00fadicas, recreativas y pedag\u00f3gicas, tanto en su sede como en natatorios a los que los ni\u00f1os concurrir\u00e1n acompa\u00f1ados por sus docentes.<\/p>\n","protected":false},"excerpt":{"rendered":"<p>Esta ma\u00f1ana el intendente Javier Mart\u00ednez inaugur\u00f3 una Sala Integrada de Educaci\u00f3n no formal para ni\u00f1os de 3 a 5 a\u00f1os que funcionar\u00e1 en el Centro Integral Mastr\u00e1ngelo. El mandatario visit\u00f3 el nuevo espacio acompa\u00f1ado por los secretarios de Desarrollo Social, Paolo Bonanno y de Desarrollo Urbano, Esteban Giuliani; adem\u00e1s de la subsecretaria de Educaci\u00f3n, [&hellip;]<\/p>\n","protected":false},"author":1,"featured_media":11276,"comment_status":"open","ping_status":"open","sticky":false,"template":"","format":"standard","meta":{"_monsterinsights_skip_tracking":false,"_monsterinsights_sitenote_active":false,"_monsterinsights_sitenote_note":"","_monsterinsights_sitenote_category":0,"footnotes":""},"categories":[152],"tags":[159],"class_list":["post-11275","post","type-post","status-publish","format-standard","has-post-thumbnail","hentry","category-pergamino","tag-159"],"_links":{"self":[{"href":"https:\/\/news.digitaltv.com.ar\/index.php?rest_route=\/wp\/v2\/posts\/11275","targetHints":{"allow":["GET"]}}],"collection":[{"href":"https:\/\/news.digitaltv.com.ar\/index.php?rest_route=\/wp\/v2\/posts"}],"about":[{"href":"https:\/\/news.digitaltv.com.ar\/index.php?rest_route=\/wp\/v2\/types\/post"}],"author":[{"embeddable":true,"href":"https:\/\/news.digitaltv.com.ar\/index.php?rest_route=\/wp\/v2\/users\/1"}],"replies":[{"embeddable":true,"href":"https:\/\/news.digitaltv.com.ar\/index.php?rest_route=%2Fwp%2Fv2%2Fcomments&post=11275"}],"version-history":[{"count":1,"href":"https:\/\/news.digitaltv.com.ar\/index.php?rest_route=\/wp\/v2\/posts\/11275\/revisions"}],"predecessor-version":[{"id":11277,"href":"https:\/\/news.digitaltv.com.ar\/index.php?rest_route=\/wp\/v2\/posts\/11275\/revisions\/11277"}],"wp:featuredmedia":[{"embeddable":true,"href":"https:\/\/news.digitaltv.com.ar\/index.php?rest_route=\/wp\/v2\/media\/11276"}],"wp:attachment":[{"href":"https:\/\/news.digitaltv.com.ar\/index.php?rest_route=%2Fwp%2Fv2%2Fmedia&parent=11275"}],"wp:term":[{"taxonomy":"category","embeddable":true,"href":"https:\/\/news.digitaltv.com.ar\/index.php?rest_route=%2Fwp%2Fv2%2Fcategories&post=11275"},{"taxonomy":"post_tag","embeddable":true,"href":"https:\/\/news.digitaltv.com.ar\/index.php?rest_route=%2Fwp%2Fv2%2Ftags&post=11275"}],"curies":[{"name":"wp","href":"https:\/\/api.w.org\/{rel}","templated":true}]}}