{"id":11287,"date":"2023-12-20T09:27:50","date_gmt":"2023-12-20T12:27:50","guid":{"rendered":"https:\/\/news.digitaltv.com.ar\/?p=11287"},"modified":"2023-12-22T08:59:22","modified_gmt":"2023-12-22T11:59:22","slug":"sebastian-daloisio-es-imposible-volver-a-instalar-las-guardias","status":"publish","type":"post","link":"https:\/\/news.digitaltv.com.ar\/?p=11287","title":{"rendered":"SEBASTIAN D\u00b4ALOISIO \u201cES IMPOSIBLE VOLVER A INSTALAR LAS GUARDIAS\u201d"},"content":{"rendered":"\n<p>El presidente de la comisi\u00f3n del cuartel de bomberos se mostro dolido y sorprendido ante lo sucedido el ultimo lunes el concejo deliberante. La medida que se aprob\u00f3 no es suficiente ni para cubrir un mes.<\/p>\n\n\n\n<p>En enero el cuartel estar\u00eda recibiendo el primer desembolso que llegar\u00eda a los 2.700.000 pesos &#8220;el jueves pasado nos llamaron los concejales, le dijimos los gastos, el monto que nos dieron no alcanza, el a\u00f1o tiene 12 meses, no tres, crear una comisi\u00f3n no tiene sentido, hace cuatro a\u00f1os venimos tratando de tener una ordenanza&#8221; comenz\u00f3 Sebasti\u00e1n, adem\u00e1s de remarcar que &#8220;es imposible volver a instalar las guardias, no logramos cubrir los gastos&#8221;.<\/p>\n\n\n\n<p>En cuanto a lo que han recibido este a\u00f1o inform\u00f3 que \u201cen agosto- septiembre recibimos el ultimo subsidio del municipio y en octubre -noviembre el de provincia&#8221; y la mayor preocupaci\u00f3n es como hacer que el cuartel subsista a pesar de las adversidades &#8220;tenemos 80 bomberos y 14 m\u00f3viles, como hacemos para pagar los seguro&#8221; desde el cuartel comenzaron una colecta para recibir la colaboraci\u00f3n de la ciudadan\u00eda para eso se pueden acercar de Lunes a Viernes de 14 a 17 horas o a los tel\u00e9fonos 2477-438000 \/ 2477-412700 \/ 2477-614470.<\/p>\n","protected":false},"excerpt":{"rendered":"<p>El presidente de la comisi\u00f3n del cuartel de bomberos se mostro dolido y sorprendido ante lo sucedido el ultimo lunes el concejo deliberante. La medida que se aprob\u00f3 no es suficiente ni para cubrir un mes. En enero el cuartel estar\u00eda recibiendo el primer desembolso que llegar\u00eda a los 2.700.000 pesos &#8220;el jueves pasado nos [&hellip;]<\/p>\n","protected":false},"author":2,"featured_media":9856,"comment_status":"open","ping_status":"open","sticky":false,"template":"","format":"standard","meta":{"_monsterinsights_skip_tracking":false,"_monsterinsights_sitenote_active":false,"_monsterinsights_sitenote_note":"","_monsterinsights_sitenote_category":0,"footnotes":""},"categories":[152],"tags":[159],"class_list":["post-11287","post","type-post","status-publish","format-standard","has-post-thumbnail","hentry","category-pergamino","tag-159"],"_links":{"self":[{"href":"https:\/\/news.digitaltv.com.ar\/index.php?rest_route=\/wp\/v2\/posts\/11287","targetHints":{"allow":["GET"]}}],"collection":[{"href":"https:\/\/news.digitaltv.com.ar\/index.php?rest_route=\/wp\/v2\/posts"}],"about":[{"href":"https:\/\/news.digitaltv.com.ar\/index.php?rest_route=\/wp\/v2\/types\/post"}],"author":[{"embeddable":true,"href":"https:\/\/news.digitaltv.com.ar\/index.php?rest_route=\/wp\/v2\/users\/2"}],"replies":[{"embeddable":true,"href":"https:\/\/news.digitaltv.com.ar\/index.php?rest_route=%2Fwp%2Fv2%2Fcomments&post=11287"}],"version-history":[{"count":1,"href":"https:\/\/news.digitaltv.com.ar\/index.php?rest_route=\/wp\/v2\/posts\/11287\/revisions"}],"predecessor-version":[{"id":11288,"href":"https:\/\/news.digitaltv.com.ar\/index.php?rest_route=\/wp\/v2\/posts\/11287\/revisions\/11288"}],"wp:featuredmedia":[{"embeddable":true,"href":"https:\/\/news.digitaltv.com.ar\/index.php?rest_route=\/wp\/v2\/media\/9856"}],"wp:attachment":[{"href":"https:\/\/news.digitaltv.com.ar\/index.php?rest_route=%2Fwp%2Fv2%2Fmedia&parent=11287"}],"wp:term":[{"taxonomy":"category","embeddable":true,"href":"https:\/\/news.digitaltv.com.ar\/index.php?rest_route=%2Fwp%2Fv2%2Fcategories&post=11287"},{"taxonomy":"post_tag","embeddable":true,"href":"https:\/\/news.digitaltv.com.ar\/index.php?rest_route=%2Fwp%2Fv2%2Ftags&post=11287"}],"curies":[{"name":"wp","href":"https:\/\/api.w.org\/{rel}","templated":true}]}}