{"id":11289,"date":"2023-12-20T09:32:30","date_gmt":"2023-12-20T12:32:30","guid":{"rendered":"https:\/\/news.digitaltv.com.ar\/?p=11289"},"modified":"2023-12-22T08:59:07","modified_gmt":"2023-12-22T11:59:07","slug":"el-presidente-hablara-por-primera-vez-en-cadena-nacional-para-anunciar-la-desregulacion-economica","status":"publish","type":"post","link":"https:\/\/news.digitaltv.com.ar\/?p=11289","title":{"rendered":"EL PRESIDENTE HABLAR\u00c1 POR PRIMERA VEZ EN CADENA NACIONAL PARA ANUNCIAR LA DESREGULACION ECON\u00d3MICA"},"content":{"rendered":"\n<p>El Gobierno ultimaba los detalles para dar a conocer el DNU que contendr\u00eda reducciones de gastos, modificaciones del r\u00e9gimen laboral y desregulaciones econ\u00f3micas.<\/p>\n\n\n\n<p>El presidente Javier Milei <strong>brindar\u00e1 en las pr\u00f3ximas horas un mensaje por cadena nacional, el primero desde el inicio de su gesti\u00f3n el 10 de diciembre<\/strong>, en el que anunciar\u00e1 su plan de desregulaci\u00f3n econ\u00f3mica, informaron fuentes oficiales.<\/p>\n\n\n\n<p>Seg\u00fan consignaron fuentes oficiales, el anuncio se dar\u00e1 este mi\u00e9rcoles, pero a\u00fan sin un horario determinado.<\/p>\n\n\n\n<p>El Gobierno ultimaba los detalles para dar a conocer el decreto de necesidad y urgencia (DNU) que tiene como objetivo la desregulaci\u00f3n en varias \u00e1reas de la econom\u00eda, y que ser\u00e1 publicado en las pr\u00f3ximas horas en el Bolet\u00edn Oficial.<\/p>\n\n\n\n<p><strong>&#8220;Lo que va a anunciar el Presidente es el DNU que ser\u00e1 publicado en el Bolet\u00edn Oficial ma\u00f1ana (por este mi\u00e9rcoles)&#8221;<\/strong>, expres\u00f3 Francos en declaraciones al canal La Naci\u00f3n+.<\/p>\n\n\n\n<p>El portavoz presidencial Manuel Adorni hab\u00eda adelantado el martes que es &#8220;inminente&#8221; la firma y difusi\u00f3n de ese DNU.<\/p>\n\n\n\n<p>El otro tema que la administraci\u00f3n de Milei consideraba por estos d\u00edas es el posible env\u00edo al Congreso de una ley &#8220;\u00f3mnibus&#8221; con varios proyectos de reforma que necesitan aprobaci\u00f3n legislativa.<\/p>\n\n\n\n<p>Al respecto, el presidente de la C\u00e1mara de Diputados, Mart\u00edn Menem, <strong><a href=\"https:\/\/www.telam.com.ar\/notas\/202312\/650049-diputados-menem-proyectos-economicos-aprobacion.html\" target=\"_blank\" rel=\"noreferrer noopener\">afirm\u00f3 que se buscar\u00e1 &#8220;aprobar lo antes posible&#8221; el paquete de leyes que enviar\u00e1 esta semana el Gobierno<\/a><\/strong> junto a la convocatoria a sesiones extraordinarias, donde podr\u00eda incluirse la reposici\u00f3n del Impuesto a las Ganancias por el plazo de un a\u00f1o, lo que dejar\u00e1 sin efecto la modificaci\u00f3n de septiembre por la cual se elimin\u00f3 ese tributo para los empleados que perciban hasta 15 salarios m\u00ednimos.<\/p>\n\n\n\n<p>El DNU contendr\u00eda ajustes en gastos del Estado, modificaciones del r\u00e9gimen laboral y las mencionadas desregulaciones econ\u00f3micas.<\/p>\n","protected":false},"excerpt":{"rendered":"<p>El Gobierno ultimaba los detalles para dar a conocer el DNU que contendr\u00eda reducciones de gastos, modificaciones del r\u00e9gimen laboral y desregulaciones econ\u00f3micas. El presidente Javier Milei brindar\u00e1 en las pr\u00f3ximas horas un mensaje por cadena nacional, el primero desde el inicio de su gesti\u00f3n el 10 de diciembre, en el que anunciar\u00e1 su plan [&hellip;]<\/p>\n","protected":false},"author":1,"featured_media":11290,"comment_status":"open","ping_status":"open","sticky":false,"template":"","format":"standard","meta":{"_monsterinsights_skip_tracking":false,"_monsterinsights_sitenote_active":false,"_monsterinsights_sitenote_note":"","_monsterinsights_sitenote_category":0,"footnotes":""},"categories":[150],"tags":[160],"class_list":["post-11289","post","type-post","status-publish","format-standard","has-post-thumbnail","hentry","category-actualidad","tag-160"],"_links":{"self":[{"href":"https:\/\/news.digitaltv.com.ar\/index.php?rest_route=\/wp\/v2\/posts\/11289","targetHints":{"allow":["GET"]}}],"collection":[{"href":"https:\/\/news.digitaltv.com.ar\/index.php?rest_route=\/wp\/v2\/posts"}],"about":[{"href":"https:\/\/news.digitaltv.com.ar\/index.php?rest_route=\/wp\/v2\/types\/post"}],"author":[{"embeddable":true,"href":"https:\/\/news.digitaltv.com.ar\/index.php?rest_route=\/wp\/v2\/users\/1"}],"replies":[{"embeddable":true,"href":"https:\/\/news.digitaltv.com.ar\/index.php?rest_route=%2Fwp%2Fv2%2Fcomments&post=11289"}],"version-history":[{"count":1,"href":"https:\/\/news.digitaltv.com.ar\/index.php?rest_route=\/wp\/v2\/posts\/11289\/revisions"}],"predecessor-version":[{"id":11291,"href":"https:\/\/news.digitaltv.com.ar\/index.php?rest_route=\/wp\/v2\/posts\/11289\/revisions\/11291"}],"wp:featuredmedia":[{"embeddable":true,"href":"https:\/\/news.digitaltv.com.ar\/index.php?rest_route=\/wp\/v2\/media\/11290"}],"wp:attachment":[{"href":"https:\/\/news.digitaltv.com.ar\/index.php?rest_route=%2Fwp%2Fv2%2Fmedia&parent=11289"}],"wp:term":[{"taxonomy":"category","embeddable":true,"href":"https:\/\/news.digitaltv.com.ar\/index.php?rest_route=%2Fwp%2Fv2%2Fcategories&post=11289"},{"taxonomy":"post_tag","embeddable":true,"href":"https:\/\/news.digitaltv.com.ar\/index.php?rest_route=%2Fwp%2Fv2%2Ftags&post=11289"}],"curies":[{"name":"wp","href":"https:\/\/api.w.org\/{rel}","templated":true}]}}