{"id":11318,"date":"2023-12-22T08:58:24","date_gmt":"2023-12-22T11:58:24","guid":{"rendered":"https:\/\/news.digitaltv.com.ar\/?p=11318"},"modified":"2023-12-26T08:54:13","modified_gmt":"2023-12-26T11:54:13","slug":"cacerolazos-en-distintos-puntos-de-la-ciudad","status":"publish","type":"post","link":"https:\/\/news.digitaltv.com.ar\/?p=11318","title":{"rendered":"CACEROLAZOS EN DISTINTOS PUNTOS DE LA CIUDAD"},"content":{"rendered":"\n<p>Los mismos se dieron en Plaza Merced y en la Avenida y San Nicolas, para este viernes a las 21H se espera una nueva convocatoria.<\/p>\n\n\n\n<p>Pasada las 21H y por m\u00e1s de una hora, un grupos de vecinos se acerc\u00f3 hasta la Plaza Merced frente al municipio para expresarse por el DNU que firm\u00f3 el presidente el mi\u00e9rcoles, el reclamo general ten\u00eda que ver con algunas de las medidas incluidas dentro de los 366 puntos, no solo hab\u00eda vecinos sino tambi\u00e9n integrantes de partidos de izquierda.<\/p>\n\n\n\n<p>Por otra parte otro grupo hizo lo mismo pero en la Avenida donde hoy volver\u00edan a concentrarse a las 21H.<\/p>\n","protected":false},"excerpt":{"rendered":"<p>Los mismos se dieron en Plaza Merced y en la Avenida y San Nicolas, para este viernes a las 21H se espera una nueva convocatoria. Pasada las 21H y por m\u00e1s de una hora, un grupos de vecinos se acerc\u00f3 hasta la Plaza Merced frente al municipio para expresarse por el DNU que firm\u00f3 el [&hellip;]<\/p>\n","protected":false},"author":1,"featured_media":11319,"comment_status":"open","ping_status":"open","sticky":false,"template":"","format":"standard","meta":{"_monsterinsights_skip_tracking":false,"_monsterinsights_sitenote_active":false,"_monsterinsights_sitenote_note":"","_monsterinsights_sitenote_category":0,"footnotes":""},"categories":[152],"tags":[159],"class_list":["post-11318","post","type-post","status-publish","format-standard","has-post-thumbnail","hentry","category-pergamino","tag-159"],"_links":{"self":[{"href":"https:\/\/news.digitaltv.com.ar\/index.php?rest_route=\/wp\/v2\/posts\/11318","targetHints":{"allow":["GET"]}}],"collection":[{"href":"https:\/\/news.digitaltv.com.ar\/index.php?rest_route=\/wp\/v2\/posts"}],"about":[{"href":"https:\/\/news.digitaltv.com.ar\/index.php?rest_route=\/wp\/v2\/types\/post"}],"author":[{"embeddable":true,"href":"https:\/\/news.digitaltv.com.ar\/index.php?rest_route=\/wp\/v2\/users\/1"}],"replies":[{"embeddable":true,"href":"https:\/\/news.digitaltv.com.ar\/index.php?rest_route=%2Fwp%2Fv2%2Fcomments&post=11318"}],"version-history":[{"count":1,"href":"https:\/\/news.digitaltv.com.ar\/index.php?rest_route=\/wp\/v2\/posts\/11318\/revisions"}],"predecessor-version":[{"id":11320,"href":"https:\/\/news.digitaltv.com.ar\/index.php?rest_route=\/wp\/v2\/posts\/11318\/revisions\/11320"}],"wp:featuredmedia":[{"embeddable":true,"href":"https:\/\/news.digitaltv.com.ar\/index.php?rest_route=\/wp\/v2\/media\/11319"}],"wp:attachment":[{"href":"https:\/\/news.digitaltv.com.ar\/index.php?rest_route=%2Fwp%2Fv2%2Fmedia&parent=11318"}],"wp:term":[{"taxonomy":"category","embeddable":true,"href":"https:\/\/news.digitaltv.com.ar\/index.php?rest_route=%2Fwp%2Fv2%2Fcategories&post=11318"},{"taxonomy":"post_tag","embeddable":true,"href":"https:\/\/news.digitaltv.com.ar\/index.php?rest_route=%2Fwp%2Fv2%2Ftags&post=11318"}],"curies":[{"name":"wp","href":"https:\/\/api.w.org\/{rel}","templated":true}]}}