{"id":11353,"date":"2023-12-27T10:26:31","date_gmt":"2023-12-27T13:26:31","guid":{"rendered":"https:\/\/news.digitaltv.com.ar\/?p=11353"},"modified":"2023-12-27T10:26:46","modified_gmt":"2023-12-27T13:26:46","slug":"milei-afirmo-que-si-el-congreso-rechaza-el-dnu-llamaria-a-una-consulta-popular","status":"publish","type":"post","link":"https:\/\/news.digitaltv.com.ar\/?p=11353","title":{"rendered":"MILEI AFIRM\u00d3 QUE SI EL CONGRESO RECHAZA EL DNU, LLAMAR\u00cdA A UNA CONSULTA POPULAR"},"content":{"rendered":"\n<p>El Presidente consider\u00f3 que la situaci\u00f3n econ\u00f3mica &#8220;requiere de medidas que a la vista de un observador convencional parecen audaces pero el riesgo de no tomar el toro por las astas r\u00e1pidamente, ser\u00eda tremendo&#8221;.<\/p>\n\n\n\n<p>El presidente Javier Milei afirm\u00f3 que <strong>llamar\u00eda a un plebiscito si el Congreso rechaza el DNU de desregulaci\u00f3n de la econom\u00eda <\/strong>y apunt\u00f3 contra los legisladores que &#8220;buscan coimas&#8221; a cambio de votos, al destacar que el decreto &#8220;apunta contra los corruptos&#8221; que quieren &#8220;agarrar un negocio negociando alguna ley&#8221;.<\/p>\n\n\n\n<p>En ese sentido, pidi\u00f3 que quienes no quieren su aprobaci\u00f3n expliquen &#8220;por qu\u00e9 el Congreso se opone a algo que beneficia a la gente&#8221; y <strong>critic\u00f3 a quienes se manifiestan en contra de sus medidas porque &#8220;no pueden aceptar que perdieron&#8221; y que la &#8220;poblaci\u00f3n eligi\u00f3 otra cosa&#8221;<\/strong>.<\/p>\n\n\n\n<p><strong>&#8220;Si me rechazan el DNU llamar\u00eda a un plebiscito o consulta popular&#8221;, manifest\u00f3 Milei<\/strong> a la se\u00f1al de cable La Naci\u00f3n+ y exhort\u00f3 al Congreso a que explique por qu\u00e9 se &#8220;opone a algo que beneficia a la gente&#8221; y advirti\u00f3 que &#8220;no tienen conciencia de la gravedad de la situaci\u00f3n&#8221;.<\/p>\n\n\n\n<p>El Presidente, quien por primera vez da una entrevista desde Casa Rosada luego de una tanda de reportajes realizados en el Hotel Libertador donde estuvo residiendo hasta hace poco, destac\u00f3 que con el decreto los legisladores &#8220;no pueden morder&#8221; y que es eso &#8220;lo que m\u00e1s le molesta&#8221; porque &#8220;buscan coimas&#8221; a partir de sus votaciones en el Congreso.<\/p>\n\n\n\n<p><strong>&#8220;Esto apunta contra los corruptos que agarran alg\u00fan negocio negociando alguna ley&#8221;<\/strong>, insisti\u00f3.<\/p>\n\n\n\n<h2 class=\"wp-block-heading\">Las protestas<\/h2>\n\n\n\n<p>Sobre ese punto, ret\u00f3 a que los opositores a su gesti\u00f3n &#8220;intenten&#8221; desestabilizar su administraci\u00f3n para ver &#8220;si la gente los deja&#8221;, aunque aclar\u00f3 que mientras las manifestaciones sean &#8220;dentro de la ley, no hay ning\u00fan problema&#8221; pero que &#8220;cuando violen la ley, el que las hace las paga&#8221;.<\/p>\n\n\n\n<p><strong>Elogi\u00f3 entonces que por medio del protocolo anti piquetes &#8220;pod\u00e9s quejarte todo lo que quieras&#8221; si se respetan las leyes<\/strong> y valor\u00f3 la campa\u00f1a gubernamental para evitar que quienes son beneficiarios de planes sean &#8220;apretados&#8221; por intermediarios.<\/p>\n\n\n\n<p>&#8220;Todo lo que se us\u00f3 para el mal y sembrar el miedo&#8221; durante la campa\u00f1a electoral &#8220;nosotros lo usamos para comunicar que nadie puede apretarlo y que si no iban a la marcha no iban a tener problema&#8221;, se\u00f1al\u00f3 el jefe de Estado al referir a la consigna que lanz\u00f3 el Gobierno la semana pasada &#8220;El que corta, no cobra&#8221;.<\/p>\n\n\n\n<p>Para Milei, en su gesti\u00f3n est\u00e1n &#8220;sacando la corrupci\u00f3n a capa y espada&#8221; para &#8220;limpiar los vicios del Estado&#8221; por los &#8220;dobles cobros&#8221; del Plan Potenciar Trabajo detectados, dijo, en un &#8220;trabajo conjunto&#8221; entre la ministra de Capital Humano, Sandra Pettovello, y el fiscal Guillermo Marijuan.<\/p>\n\n\n\n<p>Adem\u00e1s, detall\u00f3 que se recibieron &#8220;m\u00e1s de 11 mil denuncias de extorsi\u00f3n&#8221; de beneficiarios de planes contra dirigentes de organizaciones sociales y elogi\u00f3 el operativo de seguridad que permiti\u00f3 &#8220;trabajar de una manera mucho m\u00e1s ordenada para que sea una situaci\u00f3n que se manej\u00f3 con mucha destreza&#8221;, en el marco de la marcha del mi\u00e9rcoles 20 de diciembre pasado.<\/p>\n\n\n\n<h2 class=\"wp-block-heading\">Sobre las reformas<\/h2>\n\n\n\n<p><strong>&#8220;Los argentinos de bien est\u00e1n dispuestos a hacer el esfuerzo&#8221;, dijo Milei<\/strong> en referencia a las medidas econ\u00f3micas de su Gobierno y explic\u00f3 que el plan &#8220;no sali\u00f3 de un d\u00eda para el otro&#8221; sino que reci\u00e9n se present\u00f3 &#8220;un tercio de las reformas&#8221; que se tienen previstas.<\/p>\n\n\n\n<p>Y si bien <strong>afirm\u00f3 que no habr\u00e1 pr\u00f3ximos anuncios para beneficiar a trabajadores monotributistas y aut\u00f3nomos, exhort\u00f3 a esos sectores &#8220;a competir&#8221; en el mercado laboral<\/strong>.<\/p>\n\n\n\n<p>Adem\u00e1s, confirm\u00f3 que &#8220;no habr\u00e1 aumento&#8221; de salarios para los empleados p\u00fablicos en el corto plazo.<\/p>\n\n\n\n<p>&#8220;Hay que ir y dar pelea porque no sab\u00e9s cu\u00e1nta fuerza ten\u00e9s. Los argentinos de bien est\u00e1n dispuestos a hacer este esfuerzo&#8221;, asegur\u00f3 e insisti\u00f3 que en La Libertad Avanza (LLA) quieren realizar estos cambios porque &#8220;creemos que estamos para dar un punto de giro en la Rep\u00fablica Argentina&#8221;.<\/p>\n\n\n\n<p>El mandatario consider\u00f3 que las medidas anunciadas demuestran que han sido &#8220;consistentes con lo que decimos&#8221; y advirti\u00f3 que como &#8220;no hay tiempo&#8221;, se requiere de &#8220;un shock de libertad y anticasta&#8221; en la econom\u00eda porque &#8220;la situaci\u00f3n es realmente complicada&#8221;.<\/p>\n\n\n\n<p>Para el Presidente, la situaci\u00f3n econ\u00f3mica requiere de medidas que &#8220;a la vista de un observador convencional parecen audaces pero los riesgos de no tomar el toro por las astas r\u00e1pidamente, ser\u00eda tremendo&#8221;.<\/p>\n\n\n\n<p>Consultado sobre <strong>un posible desembolso del Fondo Monetario Internacional (FMI), Milei anticip\u00f3 que es &#8220;factible&#8221; que a la Argentina le sea entregado un nuevo pr\u00e9stamo y consider\u00f3 que el organismo internacional de cr\u00e9dito ve como &#8220;h\u00e9roes&#8221; a los integrantes de su Gobierno<\/strong> por proponer llegar a &#8220;d\u00e9ficit financiero cero&#8221;.<\/p>\n\n\n\n<p>&#8220;El acuerdo t\u00e9cnicamente est\u00e1 ca\u00eddo porque el Gobierno anterior no lo cumpli\u00f3&#8221;, afirm\u00f3 Milei y destac\u00f3 que al FMI le &#8220;llam\u00f3 la atenci\u00f3n&#8221; que durante la campa\u00f1a electoral su partido anunciara el &#8220;d\u00e9ficit cero&#8221; por lo que, dijo, &#8220;est\u00e1n fascinados&#8221; con su gesti\u00f3n.<\/p>\n\n\n\n<p>Finalmente, en un mensaje a los argentinos en el cierre de su &#8220;\u00faltima entrevista del a\u00f1o&#8221;, el Presidente celebr\u00f3: &#8220;Esta vez el esfuerzo vale la pena, esta vez estamos atacando el origen de todos los males. Les estamos devolviendo la libertad, esta vez vamos a salir en serio. Vamos a atravesar un trago amargo pero despu\u00e9s de ese per\u00edodo Argentina se pondr\u00e1 de pie para ser una potencia&#8221;.<\/p>\n","protected":false},"excerpt":{"rendered":"<p>El Presidente consider\u00f3 que la situaci\u00f3n econ\u00f3mica &#8220;requiere de medidas que a la vista de un observador convencional parecen audaces pero el riesgo de no tomar el toro por las astas r\u00e1pidamente, ser\u00eda tremendo&#8221;. El presidente Javier Milei afirm\u00f3 que llamar\u00eda a un plebiscito si el Congreso rechaza el DNU de desregulaci\u00f3n de la econom\u00eda [&hellip;]<\/p>\n","protected":false},"author":1,"featured_media":10976,"comment_status":"open","ping_status":"open","sticky":false,"template":"","format":"standard","meta":{"_monsterinsights_skip_tracking":false,"_monsterinsights_sitenote_active":false,"_monsterinsights_sitenote_note":"","_monsterinsights_sitenote_category":0,"footnotes":""},"categories":[150],"tags":[157],"class_list":["post-11353","post","type-post","status-publish","format-standard","has-post-thumbnail","hentry","category-actualidad","tag-157"],"_links":{"self":[{"href":"https:\/\/news.digitaltv.com.ar\/index.php?rest_route=\/wp\/v2\/posts\/11353","targetHints":{"allow":["GET"]}}],"collection":[{"href":"https:\/\/news.digitaltv.com.ar\/index.php?rest_route=\/wp\/v2\/posts"}],"about":[{"href":"https:\/\/news.digitaltv.com.ar\/index.php?rest_route=\/wp\/v2\/types\/post"}],"author":[{"embeddable":true,"href":"https:\/\/news.digitaltv.com.ar\/index.php?rest_route=\/wp\/v2\/users\/1"}],"replies":[{"embeddable":true,"href":"https:\/\/news.digitaltv.com.ar\/index.php?rest_route=%2Fwp%2Fv2%2Fcomments&post=11353"}],"version-history":[{"count":1,"href":"https:\/\/news.digitaltv.com.ar\/index.php?rest_route=\/wp\/v2\/posts\/11353\/revisions"}],"predecessor-version":[{"id":11354,"href":"https:\/\/news.digitaltv.com.ar\/index.php?rest_route=\/wp\/v2\/posts\/11353\/revisions\/11354"}],"wp:featuredmedia":[{"embeddable":true,"href":"https:\/\/news.digitaltv.com.ar\/index.php?rest_route=\/wp\/v2\/media\/10976"}],"wp:attachment":[{"href":"https:\/\/news.digitaltv.com.ar\/index.php?rest_route=%2Fwp%2Fv2%2Fmedia&parent=11353"}],"wp:term":[{"taxonomy":"category","embeddable":true,"href":"https:\/\/news.digitaltv.com.ar\/index.php?rest_route=%2Fwp%2Fv2%2Fcategories&post=11353"},{"taxonomy":"post_tag","embeddable":true,"href":"https:\/\/news.digitaltv.com.ar\/index.php?rest_route=%2Fwp%2Fv2%2Ftags&post=11353"}],"curies":[{"name":"wp","href":"https:\/\/api.w.org\/{rel}","templated":true}]}}